{"id":421156,"date":"2025-09-27T10:20:15","date_gmt":"2025-09-27T10:20:15","guid":{"rendered":"https:\/\/www.europesays.com\/fr\/421156\/"},"modified":"2025-09-27T10:20:15","modified_gmt":"2025-09-27T10:20:15","slug":"avis-aux-enfants-qui-souhaitent-etre-sur-un-char","status":"publish","type":"post","link":"https:\/\/www.europesays.com\/fr\/421156\/","title":{"rendered":"avis aux enfants qui souhaitent \u00eatre sur un char"},"content":{"rendered":"<p>Ces places sont pris\u00e9es, mais il faut bien tenter sa chance\u00a0! Lors des f\u00eates de la Saint-Nicolas, six jeunes Nanc\u00e9iens, \u00e2g\u00e9s entre 7 et 12 ans, pourront parader sur le char de saint Nicolas en personne et sur celui du boucher lors du fameux d\u00e9fil\u00e9, point d\u2019orgue des festivit\u00e9s, pr\u00e9vu le samedi 6\u00a0d\u00e9cembre.<\/p>\n<p>Et pour que leur enfant ait une chance de vivre ce moment inoubliable, les parents\u00a0peuvent l\u2019inscrire, sur internet\u00a0: <a href=\"https:\/\/saint-nicolas.nancy.fr\/edition-2025\/dernieres-nouvelles\/detail\/accompagnez-saint-nicolas-et-le-boucher-au-grand-defile-2025\" target=\"_blank\" rel=\"noopener\">un formulaire disponible sur la page d\u2019accueil du site internet de la Ville de Nancy<\/a> est en effet \u00e0 compl\u00e9ter au plus tard pour le mardi 30\u00a0septembre \u00e0 minuit.<\/p>\n<p>Les petits chanceux s\u00e9lectionn\u00e9s, sur tirage au sort, apprendront la bonne nouvelle \u00e0 partir du mardi 7\u00a0octobre.<\/p>\n","protected":false},"excerpt":{"rendered":"Ces places sont pris\u00e9es, mais il faut bien tenter sa chance\u00a0! Lors des f\u00eates de la Saint-Nicolas, six&hellip;\n","protected":false},"author":2,"featured_media":421157,"comment_status":"","ping_status":"","sticky":false,"template":"","format":"standard","meta":{"footnotes":""},"categories":[9635],"tags":[1111,11,4523,1687,1704,1777,674,3326,1011,27,775,1702,1703,12,25,104],"class_list":{"0":"post-421156","1":"post","2":"type-post","3":"status-publish","4":"format-standard","5":"has-post-thumbnail","7":"category-nancy","8":"tag-actu","9":"tag-actualites","10":"tag-conseils-pratiques","11":"tag-culture-loisirs","12":"tag-edition-nancy-et-agglomeration","13":"tag-eu","14":"tag-europe","15":"tag-fete-locale","16":"tag-fr","17":"tag-france","18":"tag-grand-est","19":"tag-nancy","20":"tag-nancy-ville-54b","21":"tag-news","22":"tag-republique-francaise","23":"tag-societe"},"share_on_mastodon":{"url":"https:\/\/pubeurope.com\/@fr\/115275761182611024","error":""},"_links":{"self":[{"href":"https:\/\/www.europesays.com\/fr\/wp-json\/wp\/v2\/posts\/421156","targetHints":{"allow":["GET"]}}],"collection":[{"href":"https:\/\/www.europesays.com\/fr\/wp-json\/wp\/v2\/posts"}],"about":[{"href":"https:\/\/www.europesays.com\/fr\/wp-json\/wp\/v2\/types\/post"}],"author":[{"embeddable":true,"href":"https:\/\/www.europesays.com\/fr\/wp-json\/wp\/v2\/users\/2"}],"replies":[{"embeddable":true,"href":"https:\/\/www.europesays.com\/fr\/wp-json\/wp\/v2\/comments?post=421156"}],"version-history":[{"count":0,"href":"https:\/\/www.europesays.com\/fr\/wp-json\/wp\/v2\/posts\/421156\/revisions"}],"wp:featuredmedia":[{"embeddable":true,"href":"https:\/\/www.europesays.com\/fr\/wp-json\/wp\/v2\/media\/421157"}],"wp:attachment":[{"href":"https:\/\/www.europesays.com\/fr\/wp-json\/wp\/v2\/media?parent=421156"}],"wp:term":[{"taxonomy":"category","embeddable":true,"href":"https:\/\/www.europesays.com\/fr\/wp-json\/wp\/v2\/categories?post=421156"},{"taxonomy":"post_tag","embeddable":true,"href":"https:\/\/www.europesays.com\/fr\/wp-json\/wp\/v2\/tags?post=421156"}],"curies":[{"name":"wp","href":"https:\/\/api.w.org\/{rel}","templated":true}]}}