{"id":421169,"date":"2025-09-27T10:29:18","date_gmt":"2025-09-27T10:29:18","guid":{"rendered":"https:\/\/www.europesays.com\/fr\/421169\/"},"modified":"2025-09-27T10:29:18","modified_gmt":"2025-09-27T10:29:18","slug":"yaouank-son-fest-noz-xxl-a-un-mois-davance-a-rennes","status":"publish","type":"post","link":"https:\/\/www.europesays.com\/fr\/421169\/","title":{"rendered":"Yaouank\u00a0: son fest-noz XXL a un mois d\u2019avance \u00e0 Rennes"},"content":{"rendered":"<p>Retour en ville\u00a0: d\u00e9finitif ou pas\u00a0?<\/p>\n<p>Apr\u00e8s vingt\u00a0ans au parc-expo, en p\u00e9riph\u00e9rie de Rennes (Ille-et-Vilaine), le fest-noz XXL de Yaouank (jeune, en breton) a fait son retour, l\u2019an dernier, au Libert\u00e9, la grande salle du centre-ville. Un d\u00e9m\u00e9nagement d\u00fb aux travaux au long cours, entrepris dans le vaste hall 9\u00a0du parc-expo. Et un retour gagnant puisque<a href=\"https:\/\/rennes.maville.com\/actu\/actudet_--le-plus-grand-fest-noz-de-l-univers-a-rennes-5-000-danseurs-a-l-unisson-pour-yaouank-_7-6566077_actu.Htm\" target=\"_blank\" rel=\"noopener\"> la soir\u00e9e au Libert\u00e9, qui dispose de 5\u00a0400\u00a0places, avait affich\u00e9 complet.<\/a><\/p>\n<p>Peut-on en conclure que Yaouank s\u2019installe d\u00e9finitivement en ville\u00a0? Trop t\u00f4t pour le dire. Les organisateurs se donnent le temps de la r\u00e9flexion, \u00e9tant entendu que les travaux au parc-expo doivent durer jusqu\u2019en 2028. En revanche, le d\u00e9calage dans le temps de cette ann\u00e9e, li\u00e9 \u00e0 une contrainte de calendrier, est, a priori, exceptionnel. Le fest-noz devrait retrouver son cr\u00e9neau de la fin novembre, d\u00e8s 2026. En attendant, il aura lieu, cette ann\u00e9e, le samedi 18\u00a0octobre, \u00e0 partir de 15\u00a0h\u00a030.<\/p>\n<p>\t<img decoding=\"async\" src=\"https:\/\/www.europesays.com\/fr\/wp-content\/uploads\/2025\/09\/P35489002D6995835G_px_640_.jpg\" alt=\"photo les sonerien du, t\u00eates d\u2019affiche de la soir\u00e9e du 18\u00a0octobre au libert\u00e9.  \u00a9  ouest-france\" width=\"640\" title=\" Les Sonerien Du, t\u00eates d\u2019affiche de la soir\u00e9e du 18\u00a0octobre au Libert\u00e9.   Ouest-France \"\/><\/p>\n<p class=\"elmt-legende\"> Les Sonerien Du, t\u00eates d\u2019affiche de la soir\u00e9e du 18\u00a0octobre au Libert\u00e9.   Ouest-France <\/p>\n<p>Sonerien Du, Denez, Cap Caval<\/p>\n<p>Pour faire danser les familles et attirer un public d\u2019\u00e9tudiants, jusque tard dans la nuit, la programmation a, bien s\u00fbr, son importance. Trois pointures de la sc\u00e8ne bretonne feront office de locomotives\u00a0: le groupe Sonerien Du (sonneurs noirs), monument des festo\u00f9-noz avec plus de 50\u00a0ans de carri\u00e8re au compteur, Denez Prigent, le chanteur embl\u00e9matique du kan ha diskan (chant \u00e0 r\u00e9pondre) qui fera cr\u00e9ation commune avec le trio quimp\u00e9rois O\u2019Tridal, et Cap Caval, champion en titre des bagado\u00f9, accompagn\u00e9 d\u2019un autre trio, n\u00e9 \u00e0 Rennes, Modkozmik. Dans leur sillage, une cohorte d\u2019artistes \u00e9mergents foulera la sc\u00e8ne du Libert\u00e9. Parmi eux, les tr\u00e8s jeunes musiciens du quatuor Gloubyboulgah et la formation exclusivement f\u00e9minine Enneade (neuf chanteuses, cinq violonistes)\u2026 \u00c0 noter aussi le trio Maden, m\u00ealant l\u2019accord\u00e9on et la vielle \u00e0 roue au chant de Stellis Groseil, chanteuse venue du jazz, de la soul et du funk.<\/p>\n<p>Atelier danses, tremplin accord\u00e9on, caf\u00e9s-concerts<\/p>\n<p><a href=\"https:\/\/rennes.maville.com\/actu\/actudet_-cinq-bonnes-raisons-d-assister-au-festival-yaouank-qui-celebre-la-culture-bretonne-a-rennes-_7-6528099_actu.Htm\" target=\"_blank\" rel=\"noopener\">Le navire amiral de Yaouank est clairement le grand fest-noz du Libert\u00e9.<\/a> Mais, l\u2019\u00e9v\u00e9nement, organis\u00e9 par la f\u00e9d\u00e9ration Skeudenn bro Roazhon, pr\u00e9voit d\u2019autres rendez-vous. Vingt-quatre au total, organis\u00e9s dans et autour de Rennes. La palette est large, des festo\u00f9-noz de plus petite taille dont celui du 7\u00a0novembre \u00e0 la Cit\u00e9, \u00e0 l\u2019atelier de danses sur le parquet de bal du cercle celtique \u00e0 Villejean (les 8 et 15\u00a0octobre), en passant par un tremplin autour de l\u2019accord\u00e9on, en lien avec le Grand Soufflet, le 4\u00a0octobre au Thabor.<\/p>\n<p>Comme tous les festivals, Yaouank est contraint budg\u00e9tairement et ne peut, cette ann\u00e9e, s\u2019autoriser de folies dans la programmation. Le plein tarif pour le Libert\u00e9 est pass\u00e9 de 29\u00a0\u20ac, l\u2019an dernier, \u00e0 31\u00a0\u20ac. Une hausse limit\u00e9e avec un tarif r\u00e9duit \u00e0 13, 50\u00a0\u20ac pour les d\u00e9tenteurs de la carte Sortir\u00a0! L\u2019entr\u00e9e reste gratuite pour les moins de 12\u00a0ans et les 12-18 ans avant 21\u00a0h, dans la limite des places disponibles.<\/p>\n<p>\u00a0<\/p>\n","protected":false},"excerpt":{"rendered":"Retour en ville\u00a0: d\u00e9finitif ou pas\u00a0? Apr\u00e8s vingt\u00a0ans au parc-expo, en p\u00e9riph\u00e9rie de Rennes (Ille-et-Vilaine), le fest-noz XXL&hellip;\n","protected":false},"author":2,"featured_media":421170,"comment_status":"","ping_status":"","sticky":false,"template":"","format":"standard","meta":{"footnotes":""},"categories":[2821],"tags":[1111,11,17298,829,1777,674,40218,1011,27,2561,12,3086,584,25,46048,55052],"class_list":{"0":"post-421169","1":"post","2":"type-post","3":"status-publish","4":"format-standard","5":"has-post-thumbnail","7":"category-rennes","8":"tag-actu","9":"tag-actualites","10":"tag-avance","11":"tag-bretagne","12":"tag-eu","13":"tag-europe","14":"tag-fest-noz","15":"tag-fr","16":"tag-france","17":"tag-mois","18":"tag-news","19":"tag-redon","20":"tag-rennes","21":"tag-republique-francaise","22":"tag-xxl","23":"tag-yaouank"},"share_on_mastodon":{"url":"https:\/\/pubeurope.com\/@fr\/115275797040233062","error":""},"_links":{"self":[{"href":"https:\/\/www.europesays.com\/fr\/wp-json\/wp\/v2\/posts\/421169","targetHints":{"allow":["GET"]}}],"collection":[{"href":"https:\/\/www.europesays.com\/fr\/wp-json\/wp\/v2\/posts"}],"about":[{"href":"https:\/\/www.europesays.com\/fr\/wp-json\/wp\/v2\/types\/post"}],"author":[{"embeddable":true,"href":"https:\/\/www.europesays.com\/fr\/wp-json\/wp\/v2\/users\/2"}],"replies":[{"embeddable":true,"href":"https:\/\/www.europesays.com\/fr\/wp-json\/wp\/v2\/comments?post=421169"}],"version-history":[{"count":0,"href":"https:\/\/www.europesays.com\/fr\/wp-json\/wp\/v2\/posts\/421169\/revisions"}],"wp:featuredmedia":[{"embeddable":true,"href":"https:\/\/www.europesays.com\/fr\/wp-json\/wp\/v2\/media\/421170"}],"wp:attachment":[{"href":"https:\/\/www.europesays.com\/fr\/wp-json\/wp\/v2\/media?parent=421169"}],"wp:term":[{"taxonomy":"category","embeddable":true,"href":"https:\/\/www.europesays.com\/fr\/wp-json\/wp\/v2\/categories?post=421169"},{"taxonomy":"post_tag","embeddable":true,"href":"https:\/\/www.europesays.com\/fr\/wp-json\/wp\/v2\/tags?post=421169"}],"curies":[{"name":"wp","href":"https:\/\/api.w.org\/{rel}","templated":true}]}}