{"id":421173,"date":"2025-09-27T10:31:13","date_gmt":"2025-09-27T10:31:13","guid":{"rendered":"https:\/\/www.europesays.com\/fr\/421173\/"},"modified":"2025-09-27T10:31:13","modified_gmt":"2025-09-27T10:31:13","slug":"une-decennie-daccidents-mortels-en-alsace-parmi-les-737-tues-une-tres-nette-majorite-dhommes-souvent-jeunes-et-en-voiture","status":"publish","type":"post","link":"https:\/\/www.europesays.com\/fr\/421173\/","title":{"rendered":"Une d\u00e9cennie d&rsquo;accidents mortels en Alsace. Parmi les 737 tu\u00e9s, une tr\u00e8s nette majorit\u00e9 d\u2019hommes, souvent jeunes et en voiture"},"content":{"rendered":"<p>La mortalit\u00e9 routi\u00e8re est plus marqu\u00e9e chez les hommes que chez les femmes. C\u2019est vrai \u00e0 peu pr\u00e8s partout dans le monde et l\u2019Alsace ne fait pas exception. Sur les 737 personnes d\u00e9c\u00e9d\u00e9es au cours d\u2019accidents de la circulation survenus dans le Bas-Rhin et le Haut-Rhin entre le 1er\u00a0janvier 2014 et le 31\u00a0d\u00e9cembre 2023, on d\u00e9nombre 576 hommes pour 161 femmes \u2013 soit 78\u00a0% d\u2019hommes et 22\u00a0% de femmes.<\/p>\n<p>Si l\u2019on observe les statistiques par ann\u00e9e, hormis 2023 o\u00f9 elle atteint 33\u00a0%, la part de la mortalit\u00e9 f\u00e9minine se situe entre 16 et 25\u00a0%.<\/p>\n<p>  136 tu\u00e9s dans la tranche 18-26 ans<\/p>\n<p>En compilant les donn\u00e9es relatives \u00e0 l\u2019\u00e2ge des 737 victimes, on obtient un \u00e2ge m\u00e9dian de 46 ans \u2013 ce qui signifie que la moiti\u00e9 des tu\u00e9s avait moins de cet \u00e2ge-l\u00e0 au moment du d\u00e9c\u00e8s, l\u2019autre moiti\u00e9 plus.<\/p>\n<p>Si l\u2019on souhaite affiner l\u2019analyse, mieux vaut d\u00e9crypter la distribution des accidents mortels par tranche d\u2019\u00e2ge. Et un \u00e9l\u00e9ment saute aux yeux\u00a0: le manque d\u2019exp\u00e9rience constitue un facteur aggravant de la mortalit\u00e9. Avec 136 tu\u00e9s, les 18-26 ans sont ceux qui payent le plus lourd tribut, devant les 27-35 ans (107 tu\u00e9s). Ce n\u2019est peut-\u00eatre pas un hasard si le pire accident de la d\u00e9cennie, en 2021 \u00e0 Sausheim, a caus\u00e9 la <a href=\"https:\/\/www.dna.fr\/faits-divers-justice\/2021\/02\/03\/sausheim-quatre-morts-dans-un-accident-sur-l-a36\" target=\"_blank\" rel=\"nofollow noopener\">mort de quatre jeunes hommes \u00e2g\u00e9s de 18 \u00e0 22 ans<\/a>.<\/p>\n<p>En cumul\u00e9, la tranche 18-35 ans repr\u00e9sente un tiers des victimes de la route en Alsace. 22\u00a0% proviennent des deux grandes tranches suivantes (36-53 ans et 54-71 ans), 17\u00a0% ont plus de 72 ans. Enfin, 41 mineurs ont perdu la vie durant la d\u00e9cennie (28 enfants \u00e2g\u00e9s de 9 \u00e0 17 ans et 13 enfants de moins de 8 ans), soit environ 5\u00a0% du total des disparus.<\/p>\n<p>  87 motards et 63 cyclistes tu\u00e9s en dix ans<\/p>\n<p>Le mode de d\u00e9placement des victimes est un autre crit\u00e8re particuli\u00e8rement \u00e9clairant. Dans pr\u00e8s d\u2019un cas sur deux, c\u2019est le conducteur d\u2019une voiture, d\u2019une camionnette, d\u2019un camion, d\u2019un tracteur ou d\u2019un quad qui est d\u00e9c\u00e9d\u00e9.<\/p>\n<p>\u00catre au guidon d\u2019un deux-roues s\u2019est r\u00e9v\u00e9l\u00e9 fatal pour un quart des accidents\u00a0: dans le d\u00e9tail, ce sont 87 motards, 63 cyclistes, 19 scoot\u00e9ristes et 16 cyclomotoristes qui ont p\u00e9ri sur les routes de la r\u00e9gion entre\u00a02014 et\u00a02023.<\/p>\n<p>  Beaucoup moins de morts \u00e0 deux-roues en hiver<\/p>\n<p>Ce n\u2019est un scoop pour personne, les motocyclistes sont plus nombreux sur les routes aux beaux jours. La corr\u00e9lation en termes d\u2019accidentologie est frappante. Plus de la moiti\u00e9 (54\u00a0%) des accidents mortels \u00e0 moto se produisent entre mai et ao\u00fbt, le mois d\u2019ao\u00fbt se distinguant sinistrement avec \u00e0 lui seul 16\u00a0% de la mortalit\u00e9 des motards.<\/p>\n<p>Au sortir des restrictions de d\u00e9placement li\u00e9es au Covid, trois motocyclistes avaient par exemple p\u00e9ri en ao\u00fbt\u00a02020 <a href=\"https:\/\/www.dna.fr\/faits-divers-justice\/2020\/08\/07\/un-motard-gravement-blesse-a-griesheim-pres-molsheim\" target=\"_blank\" rel=\"nofollow noopener\">\u00e0 Griesheim-pr\u00e8s-Molsheim<\/a> , <a href=\"https:\/\/www.dna.fr\/faits-divers-justice\/2020\/08\/11\/un-motard-decede-dans-un-accident-sur-la-n4-dans-le-sens-strasbourg-allemagne\" target=\"_blank\" rel=\"nofollow noopener\">\u00e0 Strasbourg<\/a> et <a href=\"https:\/\/www.dna.fr\/faits-divers-justice\/2020\/08\/23\/collision-frontale-entre-une-voiture-et-une-moto-le-motard-decede\" target=\"_blank\" rel=\"nofollow noopener\">\u00e0 Tieffenbach<\/a>.<\/p>\n<p>La m\u00eame grille d\u2019analyse appliqu\u00e9e aux cyclistes montre des r\u00e9sultats l\u00e9g\u00e8rement diff\u00e9rents. Ce sont cette fois les mois de septembre et d\u2019octobre qui pr\u00e9dominent\u00a0: ils concentrent \u00e0 eux seuls 35\u00a0% des accidents mortels. \u00c0 l\u2019inverse, c\u2019est durant l\u2019hiver que la mortalit\u00e9 \u00e0 v\u00e9lo est la plus faible \u2013 il en est de m\u00eame pour les motos.<\/p>\n<p>Si l\u2019on s\u2019int\u00e9resse aux donn\u00e9es par ann\u00e9e, on remarque que la mortalit\u00e9 des cyclistes enregistre un net recul en fin de la p\u00e9riode observ\u00e9e, avec \u00ab\u00a0seulement\u00a0\u00bb 3 d\u00e9c\u00e8s en\u00a02022 et\u00a02023, alors que 2014 et 2019 ont connu des pics \u00e0 10 et 12 morts.<\/p>\n<p>Aucune tendance ne se d\u00e9gage en revanche s\u2019agissant des conducteurs de motos, une ann\u00e9e noire avec plus de dix morts pouvant s\u2019intercaler entre deux ann\u00e9es moins meurtri\u00e8res.<\/p>\n<p>  13\u00a0% des tu\u00e9s sont des pi\u00e9tons<\/p>\n<p>Notre recensement r\u00e9v\u00e8le \u00e9galement que les personnes se d\u00e9pla\u00e7ant \u00e0 pied demeurent plus expos\u00e9es que les cyclistes et m\u00eame les motards. Ils sont ainsi 93 pi\u00e9tons \u00e0 avoir succomb\u00e9 entre\u00a02014 et\u00a02023, soit une dizaine en moyenne chaque ann\u00e9e, et repr\u00e9sentent 13\u00a0% de la mortalit\u00e9 globale. Un niveau en l\u00e9ger reflux en fin de p\u00e9riode observ\u00e9e, avec respectivement 6 et 7 pi\u00e9tons tu\u00e9s en\u00a02022 et\u00a02023.<\/p>\n<p>Enfin, nous n\u2019avons identifi\u00e9 que 4 d\u00e9c\u00e8s d\u2019usagers d\u2019engins de d\u00e9placement personnel (EDP), motoris\u00e9s ou non, et aucun avant 2020. Il faut dire que l\u2019utilisation des trottinettes, car c\u2019est principalement \u00e0 cela que renvoient les EDP (ils englobent aussi les gyropodes, les gyroroues ou les skateboards \u00e9lectriques), ne s\u2019est d\u00e9velopp\u00e9e que ces toutes derni\u00e8res ann\u00e9es.<\/p>\n","protected":false},"excerpt":{"rendered":"La mortalit\u00e9 routi\u00e8re est plus marqu\u00e9e chez les hommes que chez les femmes. C\u2019est vrai \u00e0 peu pr\u00e8s&hellip;\n","protected":false},"author":2,"featured_media":421174,"comment_status":"","ping_status":"","sticky":false,"template":"","format":"standard","meta":{"footnotes":""},"categories":[2820],"tags":[119,1111,11,2389,2649,3542,2880,1777,674,274,107,1011,27,775,12,25,640,2879,2803],"class_list":{"0":"post-421173","1":"post","2":"type-post","3":"status-publish","4":"format-standard","5":"has-post-thumbnail","7":"category-strasbourg","8":"tag-accident","9":"tag-actu","10":"tag-actualites","11":"tag-alsace","12":"tag-bas-rhin","13":"tag-circulation","14":"tag-edition-strasbourg","15":"tag-eu","16":"tag-europe","17":"tag-faits-divers-justice","18":"tag-fil-info","19":"tag-fr","20":"tag-france","21":"tag-grand-est","22":"tag-news","23":"tag-republique-francaise","24":"tag-strasbourg","25":"tag-strasbourg-ville","26":"tag-transport"},"share_on_mastodon":{"url":"https:\/\/pubeurope.com\/@fr\/115275804622334127","error":""},"_links":{"self":[{"href":"https:\/\/www.europesays.com\/fr\/wp-json\/wp\/v2\/posts\/421173","targetHints":{"allow":["GET"]}}],"collection":[{"href":"https:\/\/www.europesays.com\/fr\/wp-json\/wp\/v2\/posts"}],"about":[{"href":"https:\/\/www.europesays.com\/fr\/wp-json\/wp\/v2\/types\/post"}],"author":[{"embeddable":true,"href":"https:\/\/www.europesays.com\/fr\/wp-json\/wp\/v2\/users\/2"}],"replies":[{"embeddable":true,"href":"https:\/\/www.europesays.com\/fr\/wp-json\/wp\/v2\/comments?post=421173"}],"version-history":[{"count":0,"href":"https:\/\/www.europesays.com\/fr\/wp-json\/wp\/v2\/posts\/421173\/revisions"}],"wp:featuredmedia":[{"embeddable":true,"href":"https:\/\/www.europesays.com\/fr\/wp-json\/wp\/v2\/media\/421174"}],"wp:attachment":[{"href":"https:\/\/www.europesays.com\/fr\/wp-json\/wp\/v2\/media?parent=421173"}],"wp:term":[{"taxonomy":"category","embeddable":true,"href":"https:\/\/www.europesays.com\/fr\/wp-json\/wp\/v2\/categories?post=421173"},{"taxonomy":"post_tag","embeddable":true,"href":"https:\/\/www.europesays.com\/fr\/wp-json\/wp\/v2\/tags?post=421173"}],"curies":[{"name":"wp","href":"https:\/\/api.w.org\/{rel}","templated":true}]}}