{"id":421175,"date":"2025-09-27T10:32:12","date_gmt":"2025-09-27T10:32:12","guid":{"rendered":"https:\/\/www.europesays.com\/fr\/421175\/"},"modified":"2025-09-27T10:32:12","modified_gmt":"2025-09-27T10:32:12","slug":"strasbourg-travaux-accompagnement-la-fronde-des-commercants-des-vitrines-couve-avant-les-municipales","status":"publish","type":"post","link":"https:\/\/www.europesays.com\/fr\/421175\/","title":{"rendered":"Strasbourg. Travaux, accompagnement&#8230; la fronde des commer\u00e7ants des Vitrines couve avant les municipales"},"content":{"rendered":"<p>\u00ab\u00a0Depuis plusieurs mois et trop longtemps maintenant, les commer\u00e7ants du centre-ville alertent sur un <a href=\"https:\/\/www.dna.fr\/economie\/2025\/09\/23\/il-reste-six-a-huit-semaines-de-circulation-difficile-barseghian-contre-attaque-sur-les-travaux\" target=\"_blank\" rel=\"nofollow noopener\">d\u00e9calage croissant<\/a> entre <a href=\"https:\/\/www.dna.fr\/economie\/2025\/03\/21\/commerce-la-ville-s-attaque-au-declinisme-ambiant\" target=\"_blank\" rel=\"nofollow noopener\">le discours municipal<\/a> et <a href=\"https:\/\/www.dna.fr\/economie\/2025\/04\/11\/on-va-dans-le-mur-alertent-les-commercants-des-vitrines\" target=\"_blank\" rel=\"nofollow noopener\">la r\u00e9alit\u00e9 v\u00e9cue<\/a> \u00a0\u00bb, appuie l\u2019association des Vitrines dans un communiqu\u00e9. Ce n\u2019est pas une premi\u00e8re, mais ils se montrent plus pressants \u00e0 six mois des municipales. Non pas qu\u2019ils s\u2019opposent aux travaux \u2013 \u00ab\u00a0indispensables pour l\u2019avenir de Strasbourg\u00a0\u00bb \u2013, les commer\u00e7ants d\u00e9noncent en revanche \u00ab\u00a0le manque d\u2019anticipation, d\u2019accompagnement et de communication face \u00e0 leur ampleur et leur simultan\u00e9it\u00e9\u00a0\u00bb.<\/p>\n<p>Les Vitrines font <a href=\"https:\/\/www.dna.fr\/economie\/2025\/02\/27\/commerce-les-vitrines-se-plaignent-des-incivilites-et-de-l-accessibilite-au-centre-ville\" target=\"_blank\" rel=\"nofollow noopener\">remonter une nouvelle fois du terrain<\/a> les cons\u00e9quences qui les mettent aujourd\u2019hui dans \u00ab\u00a0une situation critique\u00a0\u00bb. \u00c0 commencer par \u00ab\u00a0la congestion\u00a0\u00bb des art\u00e8res de la ville et \u00ab\u00a0les acc\u00e8s compliqu\u00e9s\u00a0\u00bb \u00e0 leur commerce. Nombreux sont ceux qui connaissent une \u00ab\u00a0baisse de fr\u00e9quentation\u00a0\u00bb de leur magasin et de leur \u00ab\u00a0chiffre d\u2019affaires\u00a0\u00bb, rapportent les marchands. Ce qui \u00ab\u00a0fragilise le tissu \u00e9conomique\u00a0\u00bb et cr\u00e9\u00e9 une \u00ab\u00a0menace sur l\u2019emploi\u00a0\u00bb, analysent-ils.<\/p>\n<p>  Multiplication des chantiers et commerces d\u00e9sert\u00e9s<\/p>\n<p>En cause, selon l\u2019association <a href=\"https:\/\/www.dna.fr\/economie\/2024\/05\/09\/gwenn-bauer-president-des-vitrines-de-strasbourg-de-plus-en-plus-de-commerces-ouvrent\" target=\"_blank\" rel=\"nofollow noopener\">pr\u00e9sid\u00e9e par Gwenn Bauer<\/a> , la \u00ab\u00a0multiplication des chantiers\u00a0\u00bb. Concr\u00e8tement, ils disent conna\u00eetre au quotidien avec ces acc\u00e8s difficiles, des livraisons retard\u00e9es et des commerces d\u00e9sert\u00e9s. Dans le d\u00e9tail, ils listent les travaux de l\u2019avenue de Colmar, de la place d\u2019Austerlitz, des quais Desaix et Turckheim, la place du Temple Neuf, la place des Halles, ou encore les Deux-Rives. Or, pour des commerces \u00ab\u00a0d\u00e9j\u00e0 fragilis\u00e9s par la conjoncture et la hausse des co\u00fbts\u00a0\u00bb, nombreux sont ceux qui disent \u00ab\u00a0redouter l\u2019avenir\u00a0\u00bb.<\/p>\n<p>Des dispositifs existent pourtant, mentionnent les Vitrines de Strasbourg. \u00ab\u00a0En partenariat avec la Ville et l\u2019Eurom\u00e9tropole\u00a0\u00bb, ils ont permis de mettre en place plusieurs mesures qui doivent soutenir la fr\u00e9quentation du centre-ville. Parmi ceux-ci, figurent notamment la gratuit\u00e9 des P +\u00a0R le samedi (via des contremarques), le stationnement \u00e0 1\u00a0euro sur les places Violettes (\u00e0 courte dur\u00e9e) ou encore des tickets de parking de 5\u00a0euros offerts par des commer\u00e7ants participants (selon conditions).<\/p>\n<p>Ce contenu est bloqu\u00e9 car vous n&rsquo;avez pas accept\u00e9 les cookies et autres traceurs.<\/p>\n<p>En cliquant sur \u00ab J\u2019accepte \u00bb, les cookies et autres traceurs seront d\u00e9pos\u00e9s et vous pourrez visualiser les contenus  (<a href=\"\" class=\"consentModule_policy\" target=\"_blank\" title=\"Consulter la politique de protection des donn\u00e9es du fournisseur\">plus d&rsquo;informations<\/a>).<\/p>\n<p>En cliquant sur \u00ab J\u2019accepte tous les cookies \u00bb, vous autorisez des d\u00e9p\u00f4ts de cookies et autres traceurs pour le stockage de vos donn\u00e9es sur nos sites et applications \u00e0 des fins de personnalisation et de ciblage publicitaire.<\/p>\n<p class=\"consentModule_secondaryText\">Vous gardez la possibilit\u00e9 de retirer votre consentement \u00e0 tout moment en consultant notre <a href=\"https:\/\/www.dna.fr\/protection-des-donnees\" target=\"_blank\" title=\"Consulter notre politique de protection des donn\u00e9es\" rel=\"nofollow noopener\">politique de protection des donn\u00e9es<\/a>. <br \/>&#13;<br \/>\n            <a href=\"https:\/\/www.dna.fr\/economie\/2025\/09\/27\/javascript:Didomi.notice.show()\" class=\"consentModule_cmp\" rel=\"nofollow noopener\" target=\"_blank\">G\u00e9rer mes choix<\/a>&#13;\n        <\/p>\n<p>&#13;<br \/>\n                        J&rsquo;accepte&#13;<br \/>\n            J&rsquo;accepte tous les cookies&#13;\n        <\/p>\n<p>  Des dispositifs insuffisants aujourd\u2019hui<\/p>\n<p>Des initiatives, qui \u00ab\u00a0vont dans le bon sens mais ne compensent pas l\u2019impact r\u00e9el des travaux\u00a0\u00bb, d\u00e9plorent les Vitrines, qui en attendent davantage. Dans d\u2019autres m\u00e9tropoles, notent les commer\u00e7ants, \u00ab\u00a0des mesures plus fortes existent\u00a0\u00bb. En citant par exemple \u00ab\u00a0la gratuit\u00e9 partielle, voire totale, du stationnement en voirie et\/ou en ouvrage\u00a0\u00bb, les \u00ab\u00a0aides directes aux commerces\u00a0\u00bb, ou encore des \u00ab\u00a0campagnes massives de communication\u00a0\u00bb.<\/p>\n<p>C\u2019est ce vers quoi la Ville doit avancer, consid\u00e8rent les Vitrines\u00a0: \u00ab\u00a0\u00c0 Strasbourg, un accompagnement de cette ampleur est d\u00e9sormais indispensable.\u00a0\u00bb Tout comme \u00ab\u00a0la communication autour des chantiers\u00a0\u00bb, avec \u00ab\u00a0des solutions d\u2019acc\u00e8s\u00a0\u00bb claires, r\u00e9guli\u00e8res et accessibles \u00e0 tous.<\/p>\n<p>  Peser lors des municipales qui approchent<\/p>\n<p>\u00c0 l\u2019approche des \u00e9lections municipales, \u00ab\u00a0l\u2019heure n\u2019est plus \u00e0 l\u2019attente, mais \u00e0 l\u2019action collective\u00a0\u00bb, appuie l\u2019association pr\u00e9sid\u00e9e par Gwenn Bauer, qui appelle ses adh\u00e9rents \u00e0 se mobiliser lors de l\u2019AG pour \u00ab\u00a0construire des solutions issues du terrain\u00a0\u00bb, \u00ab\u00a0d\u00e9finir des propositions concr\u00e8tes\u00a0\u00bb et parler d\u2019une seule voix aux futurs candidats. Avec l\u2019objectif affich\u00e9 de \u00ab\u00a0peser dans les choix politiques qui d\u00e9termineront l\u2019avenir du centre-ville\u00a0\u00bb.<\/p>\n","protected":false},"excerpt":{"rendered":"\u00ab\u00a0Depuis plusieurs mois et trop longtemps maintenant, les commer\u00e7ants du centre-ville alertent sur un d\u00e9calage croissant entre le&hellip;\n","protected":false},"author":2,"featured_media":421176,"comment_status":"","ping_status":"","sticky":false,"template":"","format":"standard","meta":{"footnotes":""},"categories":[2820],"tags":[1111,11,4406,130,33,2880,5949,4188,1777,674,107,1011,27,775,12,316,25,640,2879],"class_list":{"0":"post-421175","1":"post","2":"type-post","3":"status-publish","4":"format-standard","5":"has-post-thumbnail","7":"category-strasbourg","8":"tag-actu","9":"tag-actualites","10":"tag-commerce-et-services","11":"tag-consommation","12":"tag-economie","13":"tag-edition-strasbourg","14":"tag-elections","15":"tag-elections-municipales","16":"tag-eu","17":"tag-europe","18":"tag-fil-info","19":"tag-fr","20":"tag-france","21":"tag-grand-est","22":"tag-news","23":"tag-politique","24":"tag-republique-francaise","25":"tag-strasbourg","26":"tag-strasbourg-ville"},"share_on_mastodon":{"url":"https:\/\/pubeurope.com\/@fr\/115275808369769462","error":""},"_links":{"self":[{"href":"https:\/\/www.europesays.com\/fr\/wp-json\/wp\/v2\/posts\/421175","targetHints":{"allow":["GET"]}}],"collection":[{"href":"https:\/\/www.europesays.com\/fr\/wp-json\/wp\/v2\/posts"}],"about":[{"href":"https:\/\/www.europesays.com\/fr\/wp-json\/wp\/v2\/types\/post"}],"author":[{"embeddable":true,"href":"https:\/\/www.europesays.com\/fr\/wp-json\/wp\/v2\/users\/2"}],"replies":[{"embeddable":true,"href":"https:\/\/www.europesays.com\/fr\/wp-json\/wp\/v2\/comments?post=421175"}],"version-history":[{"count":0,"href":"https:\/\/www.europesays.com\/fr\/wp-json\/wp\/v2\/posts\/421175\/revisions"}],"wp:featuredmedia":[{"embeddable":true,"href":"https:\/\/www.europesays.com\/fr\/wp-json\/wp\/v2\/media\/421176"}],"wp:attachment":[{"href":"https:\/\/www.europesays.com\/fr\/wp-json\/wp\/v2\/media?parent=421175"}],"wp:term":[{"taxonomy":"category","embeddable":true,"href":"https:\/\/www.europesays.com\/fr\/wp-json\/wp\/v2\/categories?post=421175"},{"taxonomy":"post_tag","embeddable":true,"href":"https:\/\/www.europesays.com\/fr\/wp-json\/wp\/v2\/tags?post=421175"}],"curies":[{"name":"wp","href":"https:\/\/api.w.org\/{rel}","templated":true}]}}