{"id":421185,"date":"2025-09-27T10:38:11","date_gmt":"2025-09-27T10:38:11","guid":{"rendered":"https:\/\/www.europesays.com\/fr\/421185\/"},"modified":"2025-09-27T10:38:11","modified_gmt":"2025-09-27T10:38:11","slug":"les-riverains-et-commercants-de-ce-quartier-de-bordeaux-se-sentent-abandonnes-et-lancent-un-sos-a-la-mairie","status":"publish","type":"post","link":"https:\/\/www.europesays.com\/fr\/421185\/","title":{"rendered":"Les riverains et commer\u00e7ants de ce quartier de Bordeaux se sentent abandonn\u00e9s et lancent un SOS \u00e0 la mairie"},"content":{"rendered":"<p>            Par<br \/>\n        <strong><br \/>\n            <a href=\"https:\/\/actu.fr\/auteur\/julian-doubax\" title=\"Consulter tous les articles de Julian Doubax\" rel=\"nofollow noopener\" target=\"_blank\">Julian Doubax<\/a><br \/>\n        <\/strong><\/p>\n<p>        Publi\u00e9 le<\/p>\n<p>            27 sept. 2025 \u00e0 7h20        <\/p>\n<p>Dans un caf\u00e9 situ\u00e9 sur la place Louis Sarthou, \u00e0 la <a href=\"https:\/\/actu.fr\/nouvelle-aquitaine\/bordeaux_33063\/la-question-pas-si-bete-pourquoi-les-entrees-de-bordeaux-sont-des-barrieres_49894801.html\" rel=\"nofollow noopener\" target=\"_blank\">barri\u00e8re Saint-Gen\u00e8s<\/a> \u00e0 Bordeaux, une femme ouvre la porte d\u2019entr\u00e9e. \u00ab\u2009Salut voisin\u2009\u00bb, clame-t-elle. La g\u00e9rante de la pizzeria d\u2019\u00e0 c\u00f4t\u00e9 \u00e9chappe ainsi \u00e0 la fra\u00eecheur de cette matin\u00e9e du jeudi 25 septembre 2025. Ici, tout le monde se conna\u00eet et une<strong> vraie vie de quartier<\/strong> existe. Pourtant, les riverains et <a href=\"https:\/\/actu.fr\/nouvelle-aquitaine\/bordeaux_33063\/pour-aider-les-commercants-de-bordeaux-pierre-hurmic-propose-une-action-concrete-a-sebastien-lecornu_63208349.html\" rel=\"nofollow noopener\" target=\"_blank\">commer\u00e7ants<\/a> sont inquiets de voir leur quotidien \u00ab\u00a0se d\u00e9t\u00e9riorer\u00a0\u00bb. Ils souhaitent un nouveau souffle \u00e0 la barri\u00e8re et alertent la mairie pour ne pas \u00eatre <strong>abandonn\u00e9s. <\/strong>Ils d\u00e9noncent un manque criant d\u2019actions.<\/p>\n<p>Une qualit\u00e9 de vie qui s\u2019est d\u00e9grad\u00e9e<\/p>\n<p class=\" wall-content\">Doroth\u00e9e r\u00e9side depuis plus de 10\u00a0ans dans ce quartier. Au fil des ann\u00e9es, elle a vu le secteur \u00ab\u2009se d\u00e9grader\u2009\u00bb et accumuler plusieurs <strong>probl\u00e8mes<\/strong>. \u00ab\u2009La circulation est devenue compliqu\u00e9e car il y a beaucoup de passages et peu de respect des automobilistes. La <strong>propret\u00e9<\/strong> est aussi remise en question mais aussi des <strong>incivilit\u00e9s<\/strong> et de <strong>l\u2019ins\u00e9curit\u00e9<\/strong> qui se sont ajout\u00e9es\u2009\u00bb, liste la quadrag\u00e9naire qui est \u00e0 l\u2019origine d\u2019une <a href=\"https:\/\/www.change.org\/p\/revitalisons-la-barri%C3%A8re-st-gen%C3%A8s-pour-nos-commerces-nos-%C3%A9coles-notre-quartier?source_location=search\" rel=\"nofollow noopener\" target=\"_blank\">p\u00e9tition<\/a> pour \u00ab\u2009revitaliser la barri\u00e8re Saint-Gen\u00e8s\u2009\u00bb lanc\u00e9e le 10 septembre dernier. Sign\u00e9e par une centaine de personnes en ligne, elle a \u00e9t\u00e9 aussi soutenue par plus de 200 riverains sur papier. \u00ab\u2009C\u2019est mon imprimante qui va chauffer \u00e0 force\u2009\u00bb, ironise la Bordelaise.<\/p>\n<p class=\" wall-content\">Et les signataires rejoignent l\u2019auteure sur les raisons de cette p\u00e9tition. \u00ab\u2009Il y a une belle vie de quartier mais ici et comme d\u2019autres endroits de la ville, des <strong>points morts<\/strong> s\u2019installent o\u00f9 les gens passent mais ne s\u2019arr\u00eatent plus\u2009\u00bb, estime Lionel Grossman, pr\u00e9sident de l\u2019association des riverains du quartier Saint-Gen\u00e8s. Pourtant, la place Louis Sarthou ne manque de rien. Pharmacies, pizzerias, caf\u00e9s, supermarch\u00e9, bureau de tabac\u2026 Toute l\u2019artillerie du commerce de proximit\u00e9.<\/p>\n<p>La peur de l\u2019oubli<\/p>\n<p class=\" wall-content\">Pour Martine, qui tient le bureau de tabac de la place, il y a eu un \u00ab\u2009changement d\u2019ambiance\u2009\u00bb depuis quelque temps. Install\u00e9e depuis onze ans \u00e0 la barri\u00e8re, elle indique que des <a href=\"https:\/\/actu.fr\/nouvelle-aquitaine\/bordeaux_33063\/face-aux-incivilites-de-personnes-sans-abri-le-personnel-de-ce-supermarche-de-bordeaux-en-a-ras-le-bol_63162691.html\" rel=\"nofollow noopener\" target=\"_blank\">personnes sans-abri<\/a> sont parfois virulentes avec les clients de son commerce ou du supermarch\u00e9 voisin.<\/p>\n<p>    <img   decoding=\"async\" loading=\"lazy\" src=\"https:\/\/www.europesays.com\/fr\/wp-content\/uploads\/2025\/09\/photo-3-10-960x640.jpeg\" alt=\"La place Louis Sarthou est coup\u00e9e en deux avec le passage du tramway.\" width=\"960\" height=\"640\"\/><br \/>\n    La place Louis Sarthou est coup\u00e9e en deux avec le passage du tramway. (\u00a9actu Bordeaux \/ Julian Doubax)<\/p>\n<p class=\" wall-content\">Andr\u00e9, g\u00e9rant du Boomer Caf\u00e9, affirme que la situation \u00ab\u2009va de mal en pis\u2009\u00bb en mentionnant la forte circulation \u00e0 l\u2019abord de son enseigne. Depuis quelques mois, ces riverains et commer\u00e7ants se tournent alors vers la mairie pour donner un second souffle \u00e0 leur quartier qu\u2019ils aiment tant.<\/p>\n<p>Votre r\u00e9gion, votre actu !<\/p>\n<p>Recevez chaque jour les infos qui comptent pour vous.<\/p>\n<p>\t<a href=\"https:\/\/actu.fr\/newsletter\" class=\"ac-btn ac-btn--corner ac-btn--medium ac-btn--blue800\" rel=\"nofollow noopener\" target=\"_blank\">S&rsquo;incrire<\/a><\/p>\n<p class=\" wall-content\">\u00ab\u2009Malheureusement, on a l\u2019impression d\u2019\u00eatre \u00e9cout\u00e9 mais pas entendu. Il y a eu des entrevues mais rien de concret n\u2019a \u00e9t\u00e9 fait\u2009\u00bb, rapporte Doroth\u00e9e. Pour le pr\u00e9sident de l\u2019association des riverains, il existe un petit sentiment d\u2019abandon. \u00ab\u2009Le quartier c\u2019est Nansouty et Saint-Gen\u00e8s mais au final c\u2019est surtout beaucoup Nansouty et tr\u00e8s peu Saint-Gen\u00e8s.\u2009\u00bb Ils lancent alors un <strong>SOS<\/strong> \u00e0 la municipalit\u00e9 pour que la barri\u00e8re retrouve son dynamisme et (re) devienne un lieu de vie anim\u00e9.<\/p>\n<p>La mairie d\u00e9fend ses actions<\/p>\n<p class=\" wall-content\">Contact\u00e9e par <a href=\"https:\/\/actu.fr\/bordeaux\/\" rel=\"nofollow noopener\" target=\"_blank\">actu Bordeaux<\/a>, la municipalit\u00e9 a apport\u00e9 quelques pr\u00e9cisions sur la situation de la barri\u00e8re Saint-Gen\u00e8s. \u00ab\u2009La revitalisation de cette barri\u00e8re est bien dans le scope de la mairie de quartier au m\u00eame titre que le parvis Pouyanne (\u00e0 Nansouty, NDLR)\u2009\u00bb, indique Camille Choplin, maire du quartier Nansouty-Saint-Gen\u00e8s.<\/p>\n<p class=\" wall-content\">Elle affirme \u00e9galement que des rencontres, \u00ab\u2009plus particuli\u00e8rement ax\u00e9es sur <strong>l\u2019ins\u00e9curit\u00e9<\/strong> et la <strong>propret\u00e9\u2009<\/strong>\u00bb, ont \u00e9t\u00e9 organis\u00e9es avec les riverains et commer\u00e7ants et que des actions ont suivi. En novembre prochain, une nouvelle rencontre, \u00ab\u2009ax\u00e9e sur <strong>l\u2019am\u00e9nagement<\/strong>\u2009\u00bb est pr\u00e9vue. Une occasion pour les p\u00e9titionnaires <strong>d\u2019exprimer leurs maux et leurs solutions<\/strong> \u00e0 la mairie de Bordeaux.<\/p>\n<p class=\" wall-content\">Personnalisez votre actualit\u00e9 en ajoutant vos villes et m\u00e9dias en favori avec <a href=\"https:\/\/moncompte.actu.fr\" title=\"D\u00e9couvez Mon Actu\" rel=\"nofollow noopener\" data-trk=\"{&quot;cta&quot;:{&quot;action&quot;:&quot;https:\\\/\\\/moncompte.actu.fr&quot;,&quot;category&quot;:&quot;mon compte&quot;,&quot;from&quot;:&quot;article footer&quot;,&quot;name&quot;:&quot;Mon actu&quot;,&quot;type&quot;:&quot;cta&quot;}}\" target=\"_blank\">Mon Actu<\/a>.<\/p>\n","protected":false},"excerpt":{"rendered":"Par Julian Doubax Publi\u00e9 le 27 sept. 2025 \u00e0 7h20 Dans un caf\u00e9 situ\u00e9 sur la place Louis&hellip;\n","protected":false},"author":2,"featured_media":421186,"comment_status":"","ping_status":"","sticky":false,"template":"","format":"standard","meta":{"footnotes":""},"categories":[2817],"tags":[1111,11,1997,215,1777,674,1011,27,12,2219,25,104],"class_list":{"0":"post-421185","1":"post","2":"type-post","3":"status-publish","4":"format-standard","5":"has-post-thumbnail","7":"category-bordeaux","8":"tag-actu","9":"tag-actualites","10":"tag-bordeaux","11":"tag-commerce","12":"tag-eu","13":"tag-europe","14":"tag-fr","15":"tag-france","16":"tag-news","17":"tag-nouvelle-aquitaine","18":"tag-republique-francaise","19":"tag-societe"},"share_on_mastodon":{"url":"https:\/\/pubeurope.com\/@fr\/115275832651933405","error":""},"_links":{"self":[{"href":"https:\/\/www.europesays.com\/fr\/wp-json\/wp\/v2\/posts\/421185","targetHints":{"allow":["GET"]}}],"collection":[{"href":"https:\/\/www.europesays.com\/fr\/wp-json\/wp\/v2\/posts"}],"about":[{"href":"https:\/\/www.europesays.com\/fr\/wp-json\/wp\/v2\/types\/post"}],"author":[{"embeddable":true,"href":"https:\/\/www.europesays.com\/fr\/wp-json\/wp\/v2\/users\/2"}],"replies":[{"embeddable":true,"href":"https:\/\/www.europesays.com\/fr\/wp-json\/wp\/v2\/comments?post=421185"}],"version-history":[{"count":0,"href":"https:\/\/www.europesays.com\/fr\/wp-json\/wp\/v2\/posts\/421185\/revisions"}],"wp:featuredmedia":[{"embeddable":true,"href":"https:\/\/www.europesays.com\/fr\/wp-json\/wp\/v2\/media\/421186"}],"wp:attachment":[{"href":"https:\/\/www.europesays.com\/fr\/wp-json\/wp\/v2\/media?parent=421185"}],"wp:term":[{"taxonomy":"category","embeddable":true,"href":"https:\/\/www.europesays.com\/fr\/wp-json\/wp\/v2\/categories?post=421185"},{"taxonomy":"post_tag","embeddable":true,"href":"https:\/\/www.europesays.com\/fr\/wp-json\/wp\/v2\/tags?post=421185"}],"curies":[{"name":"wp","href":"https:\/\/api.w.org\/{rel}","templated":true}]}}