{"id":421187,"date":"2025-09-27T10:39:12","date_gmt":"2025-09-27T10:39:12","guid":{"rendered":"https:\/\/www.europesays.com\/fr\/421187\/"},"modified":"2025-09-27T10:39:12","modified_gmt":"2025-09-27T10:39:12","slug":"le-chateau-saint-hilaire-aux-portes-sud-de-bordeaux-est-un-pionnier-du-bio","status":"publish","type":"post","link":"https:\/\/www.europesays.com\/fr\/421187\/","title":{"rendered":"Le Ch\u00e2teau Saint-Hilaire, aux portes sud de Bordeaux, est un pionnier du bio"},"content":{"rendered":"<p>Ce mill\u00e9sime\u00a02022, ann\u00e9e de forte chaleur, est le premier de Cl\u00e9ment, ing\u00e9nieur et \u0153nologue de formation. Une belle r\u00e9ussite. Concentration et richesse sont au rendez-vous. \u00c0 grande dominante merlot (90\u00a0%) et douze mois d\u2019\u00e9levage en barriques. Alors qu\u2019il affiche 14,5\u00b0, la fra\u00eecheur est n\u00e9anmoins l\u00e0 et le plaisir ne manque pas. Un vin tout en longueur qui mettra en valeur une omelette aux c\u00e8pes.<\/p>\n<p>La famille vient de rentrer une r\u00e9colte\u00a02025 avec de faibles volumes mais une qualit\u00e9 promise. Visite du domaine sur rendez-vous. Les portes ouvertes de l\u2019AOC Graves auront lieu le week-end des 18 et 19\u00a0octobre.<\/p>\n<p>    Ch\u00e2teau Saint-Hilaire, Castres (33). Tel\u00a0: 06\u00a080\u00a025\u00a040\u00a035. Prix\u00a0: 12,50\u00a0euros<\/p>\n","protected":false},"excerpt":{"rendered":"Ce mill\u00e9sime\u00a02022, ann\u00e9e de forte chaleur, est le premier de Cl\u00e9ment, ing\u00e9nieur et \u0153nologue de formation. Une belle&hellip;\n","protected":false},"author":2,"featured_media":421188,"comment_status":"","ping_status":"","sticky":false,"template":"","format":"standard","meta":{"footnotes":""},"categories":[2817],"tags":[1111,11,1997,1777,674,1011,27,12,2219,25],"class_list":{"0":"post-421187","1":"post","2":"type-post","3":"status-publish","4":"format-standard","5":"has-post-thumbnail","7":"category-bordeaux","8":"tag-actu","9":"tag-actualites","10":"tag-bordeaux","11":"tag-eu","12":"tag-europe","13":"tag-fr","14":"tag-france","15":"tag-news","16":"tag-nouvelle-aquitaine","17":"tag-republique-francaise"},"share_on_mastodon":{"url":"https:\/\/pubeurope.com\/@fr\/115275835972940177","error":""},"_links":{"self":[{"href":"https:\/\/www.europesays.com\/fr\/wp-json\/wp\/v2\/posts\/421187","targetHints":{"allow":["GET"]}}],"collection":[{"href":"https:\/\/www.europesays.com\/fr\/wp-json\/wp\/v2\/posts"}],"about":[{"href":"https:\/\/www.europesays.com\/fr\/wp-json\/wp\/v2\/types\/post"}],"author":[{"embeddable":true,"href":"https:\/\/www.europesays.com\/fr\/wp-json\/wp\/v2\/users\/2"}],"replies":[{"embeddable":true,"href":"https:\/\/www.europesays.com\/fr\/wp-json\/wp\/v2\/comments?post=421187"}],"version-history":[{"count":0,"href":"https:\/\/www.europesays.com\/fr\/wp-json\/wp\/v2\/posts\/421187\/revisions"}],"wp:featuredmedia":[{"embeddable":true,"href":"https:\/\/www.europesays.com\/fr\/wp-json\/wp\/v2\/media\/421188"}],"wp:attachment":[{"href":"https:\/\/www.europesays.com\/fr\/wp-json\/wp\/v2\/media?parent=421187"}],"wp:term":[{"taxonomy":"category","embeddable":true,"href":"https:\/\/www.europesays.com\/fr\/wp-json\/wp\/v2\/categories?post=421187"},{"taxonomy":"post_tag","embeddable":true,"href":"https:\/\/www.europesays.com\/fr\/wp-json\/wp\/v2\/tags?post=421187"}],"curies":[{"name":"wp","href":"https:\/\/api.w.org\/{rel}","templated":true}]}}