{"id":421189,"date":"2025-09-27T10:40:15","date_gmt":"2025-09-27T10:40:15","guid":{"rendered":"https:\/\/www.europesays.com\/fr\/421189\/"},"modified":"2025-09-27T10:40:15","modified_gmt":"2025-09-27T10:40:15","slug":"rendez-vous-dans-le-nouveau-coffee-shop-mazette-a-toulouse","status":"publish","type":"post","link":"https:\/\/www.europesays.com\/fr\/421189\/","title":{"rendered":"rendez-vous dans le nouveau coffee shop \u00ab\u00a0Mazette\u00a0\u00bb \u00e0 Toulouse"},"content":{"rendered":"<p>            Par<br \/>\n        <strong><br \/>\n            <a href=\"https:\/\/actu.fr\/auteur\/lea-afonso\" title=\"Consulter tous les articles de L\u00e9a Afonso\" target=\"_blank\" rel=\"noopener\">L\u00e9a Afonso<\/a><br \/>\n        <\/strong><\/p>\n<p>        Publi\u00e9 le<\/p>\n<p>            27 sept. 2025 \u00e0 12h14        <\/p>\n<p>Avec son enseigne orange, sa fa\u00e7ade couleur cr\u00e8me et sa petite terrasse aux coussins flashy, <strong>Mazette<\/strong> attire l\u2019\u0153il <strong>rue des Filatiers<\/strong>. Ce nouveau coffee shop a ouvert ses portes \u00e0 la mi-ao\u00fbt 2025, dans une rue tr\u00e8s commer\u00e7ante de <a href=\"https:\/\/actu.fr\/toulouse\/\" target=\"_blank\" rel=\"noopener\">Toulouse<\/a>. Et le moins que l\u2019on puisse dire, c\u2019est que le concept s\u00e9duit ! Rencontre avec L\u00e9a Dal-Mas, la g\u00e9rante.<\/p>\n<p>Un concept bien r\u00e9fl\u00e9chi<\/p>\n<p class=\" wall-content\">Chez Mazette, place aux <strong>tartines<\/strong>, aux <strong>p\u00e2tisseries<\/strong> et aux<strong> boissons r\u00e9confortantes<\/strong>, le tout fait maison ! Ce coffee shop, c\u2019est le projet d\u2019une vie pour L\u00e9a Dal-Mas. \u00ab\u00a0J\u2019ai toujours su que je voulais proposer ce concept avec des tartines g\u00e9n\u00e9reuses et des p\u00e2tisseries maison\u00a0\u00bb, explique-t-elle. Comme elle ne dispose ni d\u2019un CAP p\u00e2tisserie ni d\u2019un espace suffisant pour produire sur place, elle travaille avec une<strong> p\u00e2tissi\u00e8re locale, install\u00e9e \u00e0 Tournefeuille<\/strong>.<\/p>\n<p class=\" wall-content\">\u00ab\u00a0C\u00f4t\u00e9 tartines, je les assemble moi-m\u00eame ici, malgr\u00e9 le peu de place pour stocker et travailler. En parall\u00e8le, toutes les <strong>recettes de boissons<\/strong>, je les ai \u00e9labor\u00e9es<strong> moi-m\u00eame<\/strong> : du sirop dos\u00e9 \u00e0 l\u2019impulsion pr\u00e8s, jusqu\u2019\u00e0 la chantilly, toujours g\u00e9n\u00e9reuse.\u00a0\u00bb<\/p>\n<p class=\" wall-content\">Le tout est propos\u00e9 \u00e0 des tarifs accessibles pour la Ville rose :<strong> 13,50 \u20ac la formule<\/strong> de deux tartines ou salade avec boisson. Les <strong>p\u00e2tisseries<\/strong> ne d\u00e9passent pas les<strong> 4 \u20ac<\/strong> et les <strong>boissons<\/strong> gourmandes restent sous la barre des <strong>5 \u20ac.<\/strong> Une formule petit-d\u00e9jeuner compl\u00e8te \u00e9galement l\u2019offre.<\/p>\n<p>    <img   decoding=\"async\" loading=\"lazy\" src=\"https:\/\/www.europesays.com\/fr\/wp-content\/uploads\/2025\/09\/mazette-6-960x640.jpeg\" alt=\"Tartines, p\u00e2tisseries et boissons sont \u00e0 retrouver chez Mazette.\" width=\"960\" height=\"640\"\/><br \/>\n    Tartines, p\u00e2tisseries et boissons sont \u00e0 retrouver chez Mazette. (\u00a9L\u00e9a Afonso \/ Actu Toulouse)Vid\u00e9os : en ce moment sur ActuUne histoire de famille<\/p>\n<p class=\" wall-content\">Si le concept de Mazette s\u2019est impos\u00e9 naturellement, c\u2019est parce que L\u00e9a le porte en elle depuis longtemps. \u00ab\u00a0Quand je passais mon bac,<strong> j\u2019ai travaill\u00e9 dans un coffee shop<\/strong> \u00e0 Marmande (Lot-et-Garonne) que ma m\u00e8re a ensuite rachet\u00e9 pour \u00e9viter sa fermeture. Pour des raisons personnelles, j\u2019ai d\u00fb partir \u00e0 Toulouse, mais je n\u2019ai jamais quitt\u00e9 le milieu de la restauration\u00a0\u00bb, raconte la jeune femme.<\/p>\n<p class=\" wall-content\">Pendant huit ans, elle a \u00e9t\u00e9<strong> responsable d\u2019un restaurant toulousain<\/strong>, tout en gardant en t\u00eate son r\u00eave d\u2019ouvrir sa propre affaire. \u00ab\u00a0C\u2019est un m\u00e9tier passion. \u00c0 quatre ans, j\u2019\u00e9tais d\u00e9j\u00e0 assise sur un bar\u00a0\u00bb, plaisante-t-elle. Finalement, elle a tout quitt\u00e9 pour revenir \u00e0 l\u2019esprit du coffee shop.<\/p>\n<p>Votre r\u00e9gion, votre actu !<\/p>\n<p>Recevez chaque jour les infos qui comptent pour vous.<\/p>\n<p>\t<a href=\"https:\/\/actu.fr\/newsletter\" class=\"ac-btn ac-btn--corner ac-btn--medium ac-btn--blue800\" target=\"_blank\" rel=\"noopener\">S&rsquo;incrire<\/a><\/p>\n<p class=\" wall-content\">\u00ab\u00a0J\u2019ai alors <strong>mis deux ans \u00e0 trouver un local<\/strong>. Je suis jeune, sans associ\u00e9, donc ce n\u2019\u00e9tait pas simple. Mais en entrant <strong>ici, j\u2019ai su que c\u2019\u00e9tait le bon endroit<\/strong>\u00ab\u00a0, confie-t-elle, des \u00e9toiles dans les yeux. Tout s\u2019est ensuite encha\u00een\u00e9.<\/p>\n<p>    <img   decoding=\"async\" loading=\"lazy\" src=\"https:\/\/www.europesays.com\/fr\/wp-content\/uploads\/2025\/09\/mazette-4-960x640.jpeg\" alt=\"Un lieu o\u00f9 se poser avec une dizaine de couverts \u00e0 l'int\u00e9rieur et une petite terrasse qui attire l'\u0153il. \" width=\"960\" height=\"640\"\/><br \/>\n    Un lieu o\u00f9 se poser avec une dizaine de couverts \u00e0 l\u2019int\u00e9rieur et une petite terrasse qui attire l\u2019\u0153il. (\u00a9L\u00e9a Afonso \/ Actu Toulouse )Un nom qui rend hommage<\/p>\n<p class=\" wall-content\">\u00ab\u00a0Mazette !\u00a0\u00bb scandaient des lyc\u00e9ens en passant devant la boutique le jour de notre reportage. Un nom qui interpelle, une expression bien locale et un visuel orange qui attire l\u2019\u0153il\u2026 L\u2019identit\u00e9 du coffee shop est pos\u00e9e.<\/p>\n<p class=\" wall-content\">\u00ab\u00a0<strong>Mazette, c\u2019\u00e9tait un mot que ma grand-m\u00e8re utilisait<\/strong> souvent. J\u2019\u00e9tais tr\u00e8s proche d\u2019elle, alors je voulais lui faire un clin d\u2019\u0153il. Elle savait que je r\u00eavais d\u2019ouvrir mon coffee shop. Quand j\u2019ai cherch\u00e9 un nom \u2013 ce qui n\u2019a pas \u00e9t\u00e9 une mince affaire \u2013 l\u2019id\u00e9e m\u2019a saut\u00e9 aux yeux\u00a0\u00bb, termine-t-elle.<\/p>\n<p>Infos pratiques :\u00a0<br \/>Mazette, 38 rue des Filatiers<br \/>Du mardi au samedi\u00a0<\/p>\n<p class=\" wall-content\">Personnalisez votre actualit\u00e9 en ajoutant vos villes et m\u00e9dias en favori avec <a href=\"https:\/\/moncompte.actu.fr\" title=\"D\u00e9couvez Mon Actu\" rel=\"nofollow noopener\" data-trk=\"{&quot;cta&quot;:{&quot;action&quot;:&quot;https:\\\/\\\/moncompte.actu.fr&quot;,&quot;category&quot;:&quot;mon compte&quot;,&quot;from&quot;:&quot;article footer&quot;,&quot;name&quot;:&quot;Mon actu&quot;,&quot;type&quot;:&quot;cta&quot;}}\" target=\"_blank\">Mon Actu<\/a>.<\/p>\n","protected":false},"excerpt":{"rendered":"Par L\u00e9a Afonso Publi\u00e9 le 27 sept. 2025 \u00e0 12h14 Avec son enseigne orange, sa fa\u00e7ade couleur cr\u00e8me&hellip;\n","protected":false},"author":2,"featured_media":421190,"comment_status":"","ping_status":"","sticky":false,"template":"","format":"standard","meta":{"footnotes":""},"categories":[2816],"tags":[1111,11,1777,674,1011,27,1305,12,3147,2849,2680,25,1341,2312],"class_list":{"0":"post-421189","1":"post","2":"type-post","3":"status-publish","4":"format-standard","5":"has-post-thumbnail","7":"category-toulouse","8":"tag-actu","9":"tag-actualites","10":"tag-eu","11":"tag-europe","12":"tag-fr","13":"tag-france","14":"tag-lifestyle","15":"tag-news","16":"tag-nouveaux-commerces","17":"tag-nouveaux-commerces-a-toulouse","18":"tag-occitanie","19":"tag-republique-francaise","20":"tag-sortir-a-toulouse","21":"tag-toulouse"},"share_on_mastodon":{"url":"https:\/\/pubeurope.com\/@fr\/115275840410990249","error":""},"_links":{"self":[{"href":"https:\/\/www.europesays.com\/fr\/wp-json\/wp\/v2\/posts\/421189","targetHints":{"allow":["GET"]}}],"collection":[{"href":"https:\/\/www.europesays.com\/fr\/wp-json\/wp\/v2\/posts"}],"about":[{"href":"https:\/\/www.europesays.com\/fr\/wp-json\/wp\/v2\/types\/post"}],"author":[{"embeddable":true,"href":"https:\/\/www.europesays.com\/fr\/wp-json\/wp\/v2\/users\/2"}],"replies":[{"embeddable":true,"href":"https:\/\/www.europesays.com\/fr\/wp-json\/wp\/v2\/comments?post=421189"}],"version-history":[{"count":0,"href":"https:\/\/www.europesays.com\/fr\/wp-json\/wp\/v2\/posts\/421189\/revisions"}],"wp:featuredmedia":[{"embeddable":true,"href":"https:\/\/www.europesays.com\/fr\/wp-json\/wp\/v2\/media\/421190"}],"wp:attachment":[{"href":"https:\/\/www.europesays.com\/fr\/wp-json\/wp\/v2\/media?parent=421189"}],"wp:term":[{"taxonomy":"category","embeddable":true,"href":"https:\/\/www.europesays.com\/fr\/wp-json\/wp\/v2\/categories?post=421189"},{"taxonomy":"post_tag","embeddable":true,"href":"https:\/\/www.europesays.com\/fr\/wp-json\/wp\/v2\/tags?post=421189"}],"curies":[{"name":"wp","href":"https:\/\/api.w.org\/{rel}","templated":true}]}}