{"id":421195,"date":"2025-09-27T10:44:11","date_gmt":"2025-09-27T10:44:11","guid":{"rendered":"https:\/\/www.europesays.com\/fr\/421195\/"},"modified":"2025-09-27T10:44:11","modified_gmt":"2025-09-27T10:44:11","slug":"une-nouvelle-residence-sociale-pour-etudiants-rue-saint-pierre","status":"publish","type":"post","link":"https:\/\/www.europesays.com\/fr\/421195\/","title":{"rendered":"Une nouvelle r\u00e9sidence sociale pour \u00e9tudiants rue Saint-Pierre"},"content":{"rendered":"\n<p>Derri\u00e8re la grue qui a pris place depuis quelques semaines rue Saint-pierre, \u00e9lus de la ville de Marseille et promoteurs se sont r\u00e9unis ce vendredi pour poser la premi\u00e8re pierre symbolique de la r\u00e9sidence Op\u2019timone. Dans 15\u00a0mois, c\u2019est au croisement de cette rue et de la rue Crillon que devrait s\u2019\u00e9lever cette nouvelle r\u00e9sidence sociale pour \u00e9tudiants.<\/p>\n<p>\u00ab\u00a0Ce projet r\u00e9pond \u00e0 un vrai besoin de logements \u00e9tudiant. On sait qu\u2019en France certains \u00e9tudiants changent d\u2019orientation ou abandonnent leurs \u00e9tudes \u00e0 cause de difficult\u00e9s \u00e0 se loger\u00a0\u00bb, insiste Jean-Philippe Trede, directeur g\u00e9n\u00e9ral de Fac Habitat. Ce sont donc 87\u00a0logements qui devraient sortir de terre dans ce quartier o\u00f9 la demande est forte avec notamment la facult\u00e9 de m\u00e9decine \u00e0 quelques centaines de m\u00e8tres. La r\u00e9sidence proposera des studios ou des T2 avec ou sans balcons et sera pourvue d\u2019un jardin, une laverie, une chaufferie et d\u2019espaces communs. Le rez-de-chauss\u00e9e devrait \u00eatre occup\u00e9 par des commerces.<\/p>\n<p>Un terrain qui n\u2019a pas \u00e9t\u00e9 choisi au hasard. \u00ab\u00a0La rue Saint-Pierre est importante dans la vie \u00e9tudiante, puisqu\u2019elle relie la plaine \u00e0 la Timone, affirme Didier Jau, maire (EELV) du secteur 4\/5. C\u2019est dans cette vie \u00e9tudiante foisonnante que va s\u2019inscrire cette r\u00e9sidence.\u00a0\u00bb Un projet qui accompagne la transformation de la rue Saint-Pierre promise pour 2027 par la M\u00e9tropole. \u00ab\u00a0Ces projets vont permettre un renouvellement du quartier\u00a0\u00bb, affirme le maire de secteur.<\/p>\n<p> Partenariat public\/priv\u00e9\n              <\/p>\n<p>\u00ab\u00a0Ce projet est la preuve que des partenariats publics, priv\u00e9s peuvent se faire pour l\u2019int\u00e9r\u00eat commun\u00a0\u00bb, insiste Rapha\u00ebl Emin, directeur g\u00e9n\u00e9ral de Demathieu Bard Immobilier. Apr\u00e8s la construction du gros \u0153uvre par ce promoteur, la gestion sera donn\u00e9e \u00e0 Axentia et Fac Habitat, une association de gestion de r\u00e9sidences \u00e9tudiantes. Dans tout ce processus, la Ville de Marseille a \u00e9t\u00e9 un partenaire important.<\/p>\n<p>La r\u00e9sidence sera ouverte pour tous les \u00e9tudiants sous conditions de ressources. Les loyers n\u2019ont pas encore \u00e9t\u00e9 d\u00e9finis, \u00ab\u00a0mais ils devraient \u00eatre autour de 540\u00a0euros toutes charges comprises\u00a0: \u00e9lectricit\u00e9, eau et wifi. Et les logements seront \u00e9videmment \u00e9ligibles aux APL\u00a0\u00bb, explique Jean-Philippe Trede.<\/p>\n<p>L\u2019immeuble devrait sortir de terre \u00e0 la rentr\u00e9e 2027, et les dossiers pourront \u00eatre d\u00e9pos\u00e9s 6 mois avant son ouverture.<\/p>\n","protected":false},"excerpt":{"rendered":"Derri\u00e8re la grue qui a pris place depuis quelques semaines rue Saint-pierre, \u00e9lus de la ville de Marseille&hellip;\n","protected":false},"author":2,"featured_media":421196,"comment_status":"","ping_status":"","sticky":false,"template":"","format":"standard","meta":{"footnotes":""},"categories":[2814],"tags":[1111,11,1777,674,1011,27,884,12,2766,882,25],"class_list":{"0":"post-421195","1":"post","2":"type-post","3":"status-publish","4":"format-standard","5":"has-post-thumbnail","7":"category-marseille","8":"tag-actu","9":"tag-actualites","10":"tag-eu","11":"tag-europe","12":"tag-fr","13":"tag-france","14":"tag-marseille","15":"tag-news","16":"tag-partenariat","17":"tag-provence-alpes-cote-dazur","18":"tag-republique-francaise"},"share_on_mastodon":{"url":"https:\/\/pubeurope.com\/@fr\/115275855582006225","error":""},"_links":{"self":[{"href":"https:\/\/www.europesays.com\/fr\/wp-json\/wp\/v2\/posts\/421195","targetHints":{"allow":["GET"]}}],"collection":[{"href":"https:\/\/www.europesays.com\/fr\/wp-json\/wp\/v2\/posts"}],"about":[{"href":"https:\/\/www.europesays.com\/fr\/wp-json\/wp\/v2\/types\/post"}],"author":[{"embeddable":true,"href":"https:\/\/www.europesays.com\/fr\/wp-json\/wp\/v2\/users\/2"}],"replies":[{"embeddable":true,"href":"https:\/\/www.europesays.com\/fr\/wp-json\/wp\/v2\/comments?post=421195"}],"version-history":[{"count":0,"href":"https:\/\/www.europesays.com\/fr\/wp-json\/wp\/v2\/posts\/421195\/revisions"}],"wp:featuredmedia":[{"embeddable":true,"href":"https:\/\/www.europesays.com\/fr\/wp-json\/wp\/v2\/media\/421196"}],"wp:attachment":[{"href":"https:\/\/www.europesays.com\/fr\/wp-json\/wp\/v2\/media?parent=421195"}],"wp:term":[{"taxonomy":"category","embeddable":true,"href":"https:\/\/www.europesays.com\/fr\/wp-json\/wp\/v2\/categories?post=421195"},{"taxonomy":"post_tag","embeddable":true,"href":"https:\/\/www.europesays.com\/fr\/wp-json\/wp\/v2\/tags?post=421195"}],"curies":[{"name":"wp","href":"https:\/\/api.w.org\/{rel}","templated":true}]}}