{"id":421201,"date":"2025-09-27T10:47:17","date_gmt":"2025-09-27T10:47:17","guid":{"rendered":"https:\/\/www.europesays.com\/fr\/421201\/"},"modified":"2025-09-27T10:47:17","modified_gmt":"2025-09-27T10:47:17","slug":"pour-son-premier-meeting-a-lyon-jean-michel-aulas-sattaque-aux-ecologistes-liberation","status":"publish","type":"post","link":"https:\/\/www.europesays.com\/fr\/421201\/","title":{"rendered":"pour son premier meeting \u00e0 Lyon, Jean-Michel Aulas s\u2019attaque aux \u00e9cologistes \u2013 Lib\u00e9ration"},"content":{"rendered":"<p class=\"sc-cPiKLX AiZTS text-element\">Le logo reprend les couleurs du drapeau fran\u00e7ais : du bleu et du blanc, avec un c\u0153ur rouge. La devise, elle, sonne bizarrement \u00e0 double sens : \u00abPour faire battre Lyon encore plus fort.\u00bb Les oripeaux du mouvement politique lanc\u00e9 par Jean-Michel Aulas, baptis\u00e9 C\u0153ur lyonnais, ont \u00e9t\u00e9 \u00e9trenn\u00e9s ce 26 septembre lors de son premier meeting entre Sa\u00f4ne et Rh\u00f4ne, dans le IIe arrondissement. La veille, apr\u00e8s <a href=\"https:\/\/www.liberation.fr\/politique\/linterminable-teasing-de-la-candidature-de-jean-michel-aulas-a-lyon-20250610_GZ6SLWGXRZGTBPXOHDCDTFNKWA\/\" target=\"_blank\" rel=\"noopener\" title=\"https:\/\/www.liberation.fr\/politique\/linterminable-teasing-de-la-candidature-de-jean-michel-aulas-a-lyon-20250610_GZ6SLWGXRZGTBPXOHDCDTFNKWA\/\">plusieurs mois de suspense<\/a> et quelques grosses ficelles de communication, <a href=\"https:\/\/www.liberation.fr\/sports\/football\/aulas-vire-de-lolympique-lyonnais-ou-la-deterritorialisation-du-foot-20230508_XURU7APIQ5HKHNYWEFSZWMTIQM\/\" target=\"_blank\" rel=\"noopener\" title=\"https:\/\/www.liberation.fr\/sports\/football\/aulas-vire-de-lolympique-lyonnais-ou-la-deterritorialisation-du-foot-20230508_XURU7APIQ5HKHNYWEFSZWMTIQM\/\">l\u2019ancien pr\u00e9sident de l\u2019Olympique lyonnais<\/a>, 76 ans, avait enfin officialis\u00e9 sa <a href=\"https:\/\/www.liberation.fr\/politique\/elections\/municipales-a-lyon-dans-les-pas-de-jean-michel-aulas-en-quete-dun-nouveau-trophee-20250926_J4ZT5CQYSBGSZICG62FAY7VGGU\/\" target=\"_blank\" rel=\"noopener\" title=\"https:\/\/www.liberation.fr\/politique\/elections\/municipales-a-lyon &lt;div style=\" clear:=\"\" both=\"\"><\/p>\n","protected":false},"excerpt":{"rendered":"Le logo reprend les couleurs du drapeau fran\u00e7ais : du bleu et du blanc, avec un c\u0153ur rouge.&hellip;\n","protected":false},"author":2,"featured_media":421202,"comment_status":"","ping_status":"","sticky":false,"template":"","format":"standard","meta":{"footnotes":""},"categories":[1889],"tags":[1111,11,2430,1777,674,1011,27,2428,5945,12,978,25],"class_list":{"0":"post-421201","1":"post","2":"type-post","3":"status-publish","4":"format-standard","5":"has-post-thumbnail","7":"category-lyon","8":"tag-actu","9":"tag-actualites","10":"tag-auvergne-rhone-alpes","11":"tag-eu","12":"tag-europe","13":"tag-fr","14":"tag-france","15":"tag-lyon","16":"tag-municipales-elections","17":"tag-news","18":"tag-olympique-lyonnais","19":"tag-republique-francaise"},"share_on_mastodon":{"url":"https:\/\/pubeurope.com\/@fr\/115275867322026931","error":""},"_links":{"self":[{"href":"https:\/\/www.europesays.com\/fr\/wp-json\/wp\/v2\/posts\/421201","targetHints":{"allow":["GET"]}}],"collection":[{"href":"https:\/\/www.europesays.com\/fr\/wp-json\/wp\/v2\/posts"}],"about":[{"href":"https:\/\/www.europesays.com\/fr\/wp-json\/wp\/v2\/types\/post"}],"author":[{"embeddable":true,"href":"https:\/\/www.europesays.com\/fr\/wp-json\/wp\/v2\/users\/2"}],"replies":[{"embeddable":true,"href":"https:\/\/www.europesays.com\/fr\/wp-json\/wp\/v2\/comments?post=421201"}],"version-history":[{"count":0,"href":"https:\/\/www.europesays.com\/fr\/wp-json\/wp\/v2\/posts\/421201\/revisions"}],"wp:featuredmedia":[{"embeddable":true,"href":"https:\/\/www.europesays.com\/fr\/wp-json\/wp\/v2\/media\/421202"}],"wp:attachment":[{"href":"https:\/\/www.europesays.com\/fr\/wp-json\/wp\/v2\/media?parent=421201"}],"wp:term":[{"taxonomy":"category","embeddable":true,"href":"https:\/\/www.europesays.com\/fr\/wp-json\/wp\/v2\/categories?post=421201"},{"taxonomy":"post_tag","embeddable":true,"href":"https:\/\/www.europesays.com\/fr\/wp-json\/wp\/v2\/tags?post=421201"}],"curies":[{"name":"wp","href":"https:\/\/api.w.org\/{rel}","templated":true}]}}