{"id":421203,"date":"2025-09-27T10:49:14","date_gmt":"2025-09-27T10:49:14","guid":{"rendered":"https:\/\/www.europesays.com\/fr\/421203\/"},"modified":"2025-09-27T10:49:14","modified_gmt":"2025-09-27T10:49:14","slug":"en-seine-et-marne-cette-ville-sapprete-a-lancer-des-travaux-de-renovation-dans-deux-ecoles-en-2026","status":"publish","type":"post","link":"https:\/\/www.europesays.com\/fr\/421203\/","title":{"rendered":"En Seine-et-Marne, cette ville s\u2019appr\u00eate \u00e0 lancer des travaux de r\u00e9novation dans deux \u00e9coles en 2026"},"content":{"rendered":"<p>            Par<br \/>\n        <strong><br \/>\n            <a href=\"https:\/\/actu.fr\/auteur\/julia-gualtieri\" title=\"Consulter tous les articles de Julia Gualtieri\" target=\"_blank\" rel=\"noopener\">Julia Gualtieri<\/a><br \/>\n        <\/strong><\/p>\n<p>        Publi\u00e9 le<\/p>\n<p>            27 sept. 2025 \u00e0 11h56        <\/p>\n<p><b>Un million d\u2019euros.<\/b> C\u2019est une belle subvention que la mairie de <a href=\"https:\/\/actu.fr\/ile-de-france\/lagny-sur-marne_77243\" target=\"_blank\" rel=\"noopener\">Lagny-sur-Marne<\/a> (<a href=\"https:\/\/actu.fr\/ile-de-france\/seine-et-marne_77\" target=\"_blank\" rel=\"noopener\">Seine-et-Marne<\/a>) a re\u00e7ue des mains de Jean-Philippe Dugoin-Cl\u00e9ment, vice-pr\u00e9sident de la R\u00e9gion <a href=\"https:\/\/actu.fr\/ile-de-france\/\" target=\"_blank\" rel=\"noopener\">\u00cele-de-France<\/a>, lundi 15\u00a0septembre 2025. Avec cette aide financi\u00e8re, la Ville pr\u00e9voit de r\u00e9nover deux \u00e9coles.<\/p>\n<p class=\" wall-content\">Dans le cadre de Contrats d\u2019am\u00e9nagement r\u00e9gional (CAR), la R\u00e9gion accompagne les collectivit\u00e9s franciliennes dans leurs projets d\u2019investissement concourant \u00e0 l\u2019am\u00e9nagement, au d\u00e9veloppement et \u00e0 l\u2019\u00e9quipement coh\u00e9rent et durable du territoire.<\/p>\n<p>Fort du Bois et Jean Mac\u00e9<\/p>\n<p class=\" wall-content\">C\u2019est le cas cette ann\u00e9e de Lagny-sur-Marne qui a <b>deux r\u00e9novations d\u2019ampleur <\/b>\u00e0 mener \u00e0 l\u2019\u00e9cole <b>Fort du Bois <\/b>et l\u2019\u00e9cole <b>Jean Mac\u00e9<\/b>.\u00a0La premi\u00e8re, construite en <b>1958<\/b>, a vu sa maternelle r\u00e9nov\u00e9e r\u00e9cemment. Mais il reste la partie \u00e9l\u00e9mentaire. Situ\u00e9 dans le quartier d\u2019Orly Parc sur une parcelle de 13\u2009849 m\u00b2, le b\u00e2timent est vieillissant et n\u00e9cessite d\u2019\u00eatre modernis\u00e9.<\/p>\n<p class=\" wall-content\">La situation est \u00e0 peu pr\u00e8s similaire dans le second \u00e9tablissement concern\u00e9\u2009: l\u2019\u00e9cole Jean Mac\u00e9. Sauf qu\u2019\u00e0 l\u2019inverse, c\u2019est la maternelle qui fera l\u2019objet des travaux, l\u2019\u00e9l\u00e9mentaire ayant d\u00e9j\u00e0 \u00e9t\u00e9 r\u00e9nov\u00e9. Dans le quartier de Beau Site, cette \u00e9cole a \u00e9t\u00e9 construite en <b>1966<\/b>. L\u2019\u00e9tat de la maternelle \u00e9tait tel qu\u2019il y a deux ans, les locaux ont \u00e9t\u00e9 transf\u00e9r\u00e9s dans le centre de loisirs r\u00e9am\u00e9nag\u00e9 pour l\u2019occasion. La r\u00e9novation concerne donc les locaux originels, dont une partie accueille le centre de loisirs aujourd\u2019hui.<\/p>\n<p>R\u00e9novation thermique<\/p>\n<p class=\" wall-content\">Que visent pr\u00e9cis\u00e9ment ces r\u00e9novations\u2009? \u00ab\u2009Il s\u2019agit d\u2019une<b> r\u00e9novation thermique <\/b>classique\u2009\u00bb, explique le maire, Jean-Paul Michel. \u00ab\u2009Il faudra tout refaire, de A \u00e0 Z\u2009\u00bb.<\/p>\n<p>Vid\u00e9os : en ce moment sur Actu<\/p>\n<p class=\" wall-content\">\u00c0 Fort du Bois, \u00ab\u2009les travaux incluent la r\u00e9fection des toitures m\u00e9talliques et des ch\u00e2ssis bois \u00e9quip\u00e9s de stores ou volets roulants, afin de moderniser l\u2019\u00e9tablissement et d\u2019am\u00e9liorer son confort et sa performance \u00e9nerg\u00e9tique\u2009\u00bb, tandis qu\u2019\u00e0 Jean Mac\u00e9, ils incluent \u00ab\u2009une r\u00e9vision compl\u00e8te de l\u2019isolation, des flux et sources de chaleur\u2009\u00bb. Panneaux <b>photovolta\u00efques <\/b>et raccord au <a href=\"https:\/\/actu.fr\/ile-de-france\/lagny-sur-marne_77243\/lagny-et-environs-un-reseau-de-chaleur-alimente-par-nos-dechets_55838513.html\" target=\"_blank\" rel=\"noopener\">r\u00e9seau de chaleur urbain<\/a> sont \u00e9galement au programme. Les deux \u00e9coles pourraient b\u00e9n\u00e9ficier dans le m\u00eame temps d\u2019un r\u00e9am\u00e9nagement de leur cour en <b>\u00ab\u2009cour oasis\u2009\u00bb<\/b>.<\/p>\n<p>Un devis \u00e0 deux millions d\u2019euros<\/p>\n<p class=\" wall-content\">Mais les d\u00e9tails de ces projets restent \u00e0 finaliser. Il faudra d\u2019abord<b> faire voter ce budget<\/b> en conseil municipal. Les subventions en CAR couvrent 50\u2009% des d\u00e9penses. La Ville devra donc mettre au moins 1\u00a0million d\u2019euros sur la table pour ces projets. Si le budget vot\u00e9 le permet, la cr\u00e9ation d\u2019<b>espaces suppl\u00e9mentaires<\/b> pourra \u00eatre envisag\u00e9e comme la cr\u00e9ation d\u2019un p\u00f4le \u00e9ducatif \u00e0 Fort du Bois qui accueille un RASED (r\u00e9seau d\u2019aide sp\u00e9cialis\u00e9 aux \u00e9l\u00e8ves en difficult\u00e9).<\/p>\n<p>Votre r\u00e9gion, votre actu !<\/p>\n<p>Recevez chaque jour les infos qui comptent pour vous.<\/p>\n<p>\t<a href=\"https:\/\/actu.fr\/newsletter\" class=\"ac-btn ac-btn--corner ac-btn--medium ac-btn--blue800\" target=\"_blank\" rel=\"noopener\">S&rsquo;incrire<\/a><\/p>\n<p class=\" wall-content\">Restera aussi la question de savoir si la maternelle de Jean Mac\u00e9 r\u00e9int\u00e9grera les locaux d\u2019origine ou non.<\/p>\n<blockquote class=\"ac-article-quote wall-content\">\n<p>Nous avons des \u00e9changes \u00e0 mener. Toutes les pistes sont ouvertes et nous sommes ouverts aux propositions.<\/p>\n<p>Jean-Paul Michel., maire de Lagny-sur-Marne<\/p><\/blockquote>\n<p class=\" wall-content\">En tous les cas, les travaux ne d\u00e9marreront pas avant l\u2019an prochain. Le CAR pr\u00e9voit par ailleurs que les projets subventionn\u00e9s puissent \u00eatre r\u00e9alis\u00e9s sur trois ans.<\/p>\n<p class=\" wall-content\">Personnalisez votre actualit\u00e9 en ajoutant vos villes et m\u00e9dias en favori avec <a href=\"https:\/\/moncompte.actu.fr\" title=\"D\u00e9couvez Mon Actu\" rel=\"nofollow noopener\" data-trk=\"{&quot;cta&quot;:{&quot;action&quot;:&quot;https:\\\/\\\/moncompte.actu.fr&quot;,&quot;category&quot;:&quot;mon compte&quot;,&quot;from&quot;:&quot;article footer&quot;,&quot;name&quot;:&quot;Mon actu&quot;,&quot;type&quot;:&quot;cta&quot;}}\" target=\"_blank\">Mon Actu<\/a>.<\/p>\n","protected":false},"excerpt":{"rendered":"Par Julia Gualtieri Publi\u00e9 le 27 sept. 2025 \u00e0 11h56 Un million d\u2019euros. C\u2019est une belle subvention que&hellip;\n","protected":false},"author":2,"featured_media":421204,"comment_status":"","ping_status":"","sticky":false,"template":"","format":"standard","meta":{"footnotes":""},"categories":[1592],"tags":[1111,11,4019,1777,674,1011,27,662,12,626,25,104,2086],"class_list":{"0":"post-421203","1":"post","2":"type-post","3":"status-publish","4":"format-standard","5":"has-post-thumbnail","7":"category-ile-de-france","8":"tag-actu","9":"tag-actualites","10":"tag-ecoles","11":"tag-eu","12":"tag-europe","13":"tag-fr","14":"tag-france","15":"tag-ile-de-france","16":"tag-news","17":"tag-paris","18":"tag-republique-francaise","19":"tag-societe","20":"tag-travaux"},"share_on_mastodon":{"url":"https:\/\/pubeurope.com\/@fr\/115275875276631936","error":""},"_links":{"self":[{"href":"https:\/\/www.europesays.com\/fr\/wp-json\/wp\/v2\/posts\/421203","targetHints":{"allow":["GET"]}}],"collection":[{"href":"https:\/\/www.europesays.com\/fr\/wp-json\/wp\/v2\/posts"}],"about":[{"href":"https:\/\/www.europesays.com\/fr\/wp-json\/wp\/v2\/types\/post"}],"author":[{"embeddable":true,"href":"https:\/\/www.europesays.com\/fr\/wp-json\/wp\/v2\/users\/2"}],"replies":[{"embeddable":true,"href":"https:\/\/www.europesays.com\/fr\/wp-json\/wp\/v2\/comments?post=421203"}],"version-history":[{"count":0,"href":"https:\/\/www.europesays.com\/fr\/wp-json\/wp\/v2\/posts\/421203\/revisions"}],"wp:featuredmedia":[{"embeddable":true,"href":"https:\/\/www.europesays.com\/fr\/wp-json\/wp\/v2\/media\/421204"}],"wp:attachment":[{"href":"https:\/\/www.europesays.com\/fr\/wp-json\/wp\/v2\/media?parent=421203"}],"wp:term":[{"taxonomy":"category","embeddable":true,"href":"https:\/\/www.europesays.com\/fr\/wp-json\/wp\/v2\/categories?post=421203"},{"taxonomy":"post_tag","embeddable":true,"href":"https:\/\/www.europesays.com\/fr\/wp-json\/wp\/v2\/tags?post=421203"}],"curies":[{"name":"wp","href":"https:\/\/api.w.org\/{rel}","templated":true}]}}