{"id":421205,"date":"2025-09-27T10:50:14","date_gmt":"2025-09-27T10:50:14","guid":{"rendered":"https:\/\/www.europesays.com\/fr\/421205\/"},"modified":"2025-09-27T10:50:14","modified_gmt":"2025-09-27T10:50:14","slug":"un-ou-deux-drones-ont-survole-hier-soir-la-plus-grande-base-militaire-du-danemark-annonce-la-police","status":"publish","type":"post","link":"https:\/\/www.europesays.com\/fr\/421205\/","title":{"rendered":"\u00ab\u00a0Un ou deux drones\u00a0\u00bb ont survol\u00e9 hier soir la plus grande base militaire du Danemark, annonce la police"},"content":{"rendered":"\n<p class=\"c-chapo \">\n  Les engins ont \u00e9t\u00e9 observ\u00e9s \u00e0 l&rsquo;ext\u00e9rieur et au-dessus de la base de Karup, a d\u00e9clar\u00e9 la police, pr\u00e9cisant qu&rsquo;elle ne pouvait \u00e9mettre de commentaire sur l&rsquo;origine de ces drones.\n<\/p>\n<p>            lire plus tard<\/p>\n<p id=\"dialog__title\" class=\"dialog__title\">Pour sauvegarder cet article, connectez-vous ou cr\u00e9ez un compte franceinfo<\/p>\n<p class=\"dialog__description\">Sans paiement. Sans abonnement.<\/p>\n<p>        Fermer la fen\u00eatre d\u2019activation des notifications France Info<\/p>\n<p>            cr\u00e9er votre compte<\/p>\n<p>            se connecter<\/p>\n<p>        Fermer la fen\u00eatre de pr\u00e9sentation<\/p>\n<p>    <img loading=\"lazy\" decoding=\"async\" class=\"signature__image lazyload\" width=\"100\" height=\"100\" data- alt=\"\" src=\"https:\/\/www.europesays.com\/fr\/wp-content\/uploads\/2025\/05\/64a68815cd1a7_placeholder-36b69ec8.png\"\/><\/p>\n<p>    Publi\u00e9 le 27\/09\/2025 10:52<\/p>\n<p>      Mis \u00e0 jour le 27\/09\/2025 12:15<\/p>\n<p>        Temps de lecture : 2min<\/p>\n<p>    <img decoding=\"async\"  alt=\"Le chef du service de renseignement de la d\u00e9fense du Danemark, Thomas Ahrenkiel, lors d'une conf\u00e9rence de presse conjointe des autorit\u00e9s au si\u00e8ge de la police nationale, \u00e0 Copenhague, le 25 septembre 2025. (EMIL NICOLAI HELMS \/ RITZAU SCANPIX \/ AFP)\" width=\"432\" height=\"243\" src=\"https:\/\/www.europesays.com\/fr\/wp-content\/uploads\/2025\/09\/043-20250925-203800-l-2-68d7a44db56a4152777407.jpg\" fetchpriority=\"high\"\/><\/p>\n<p>      Le chef du service de renseignement de la d\u00e9fense du Danemark, Thomas Ahrenkiel, lors d&rsquo;une conf\u00e9rence de presse conjointe des autorit\u00e9s au si\u00e8ge de la police nationale, \u00e0 Copenhague, le 25 septembre 2025. (EMIL NICOLAI HELMS \/ RITZAU SCANPIX \/ AFP)<\/p>\n<p>Bis repetita. Des drones non identifi\u00e9s ont \u00e9t\u00e9 observ\u00e9s au-dessus de la plus grande base militaire du Danemark vendredi 26\u00a0septembre, dans la soir\u00e9e, a annonc\u00e9 la police, apr\u00e8s <a href=\"https:\/\/www.franceinfo.fr\/internet\/drones\/ils-ont-survole-une-tres-vaste-zone-des-drones-de-nouveau-reperes-au-dessus-de-plusieurs-aeroports-au-danemark_7512760.html\" rel=\"noopener noreferrer nofollow\" data-tooltip-url=\"https:\/\/www.franceinfo.fr\/internet\/drones\/ils-ont-survole-une-tres-vaste-zone-des-drones-de-nouveau-reperes-au-dessus-de-plusieurs-aeroports-au-danemark_7512760.html\" target=\"_blank\">plusieurs survols d&rsquo;a\u00e9roports survenus cette semaine<\/a> dans le pays nordique.<\/p>\n<p>\u00ab\u00a0Je peux confirmer que nous avons eu un incident vers 20h15 qui a dur\u00e9 plusieurs heures. Un ou deux drones ont \u00e9t\u00e9 observ\u00e9s \u00e0 l&rsquo;ext\u00e9rieur et au-dessus de la base a\u00e9rienne\u00a0\u00bb de Karup, a d\u00e9clar\u00e9 l&rsquo;officier de police Simon Skelsjaer \u00e0 l&rsquo;AFP. \u00ab\u00a0Nous ne les avons pas abattus\u00a0\u00bb, a-t-il ajout\u00e9, pr\u00e9cisant que la police ne pouvait \u00e9mettre de commentaire sur l&rsquo;origine de ces drones. La police coop\u00e8re avec l&rsquo;arm\u00e9e dans le cadre de son enqu\u00eate, a-t-il encore assur\u00e9. <\/p>\n<p>La base de Karup partage ses pistes avec l&rsquo;a\u00e9roport de Midtjylland, qui a \u00e9t\u00e9 bri\u00e8vement ferm\u00e9, mais aucun vol n&rsquo;a \u00e9t\u00e9 affect\u00e9 car aucun vol commercial n&rsquo;\u00e9tait pr\u00e9vu, selon la m\u00eame source.<\/p>\n<p>Un a\u00e9roport danois a d\u00fb fermer la semaine derni\u00e8re \u00e0 la suite <a href=\"https:\/\/www.franceinfo.fr\/internet\/drones\/ils-ont-survole-une-tres-vaste-zone-des-drones-de-nouveau-reperes-au-dessus-de-plusieurs-aeroports-au-danemark_7512760.html\" rel=\"noopener noreferrer nofollow\" data-tooltip-url=\"https:\/\/www.franceinfo.fr\/internet\/drones\/ils-ont-survole-une-tres-vaste-zone-des-drones-de-nouveau-reperes-au-dessus-de-plusieurs-aeroports-au-danemark_7512760.html\" target=\"_blank\">d&rsquo;une deuxi\u00e8me alerte aux drones en deux nuits<\/a>, Copenhague disant faire l&rsquo;objet d&rsquo;une \u00ab\u00a0attaque hybride\u00a0\u00bb d&rsquo;origine inconnue depuis le d\u00e9but de la semaine. Lundi, d\u00e9j\u00e0, des drones d&rsquo;origine non identifi\u00e9e avaient survol\u00e9\u00a0<a href=\"https:\/\/www.franceinfo.fr\/monde\/europe\/l-aeroport-de-copenhague-ferme-du-fait-de-la-presence-de-drones_7507720.html\" rel=\"noopener noreferrer nofollow\" data-tooltip-url=\"https:\/\/www.franceinfo.fr\/monde\/europe\/l-aeroport-de-copenhague-ferme-du-fait-de-la-presence-de-drones_7507720.html\" target=\"_blank\">l&rsquo;a\u00e9roport de Copenhague<\/a>\u00a0ainsi que celui d&rsquo;Oslo (Norv\u00e8ge), bloquant leur trafic pendant plusieurs heures. La Premi\u00e8re ministre danoise, Mette Frederiksen, avait affirm\u00e9 \u00ab\u00a0ne pas exclure\u00a0\u00bb\u00a0une implication de la Russie, que Moscou avait d\u00e9mentie dans la foul\u00e9e.<\/p>\n<p>Ces incidents interviennent une semaine <a href=\"https:\/\/www.franceinfo.fr\/replay-radio\/le-choix-franceinfo\/rearmement-de-l-europe-comment-le-danemark-prend-un-virage-a-180-degres-dans-sa-politique-de-defense_7133754.html\" rel=\"noopener noreferrer nofollow\" data-tooltip-url=\"https:\/\/www.franceinfo.fr\/replay-radio\/le-choix-franceinfo\/rearmement-de-l-europe-comment-le-danemark-prend-un-virage-a-180-degres-dans-sa-politique-de-defense_7133754.html\" target=\"_blank\">apr\u00e8s l&rsquo;annonce par le Danemark de l&rsquo;acquisition<\/a>, pour la premi\u00e8re fois, d&rsquo;armes de pr\u00e9cision \u00e0 longue port\u00e9e pour pouvoir frapper des cibles lointaines, jugeant que la Russie repr\u00e9senterait une menace \u00ab\u00a0pendant des ann\u00e9es\u00a0\u00bb.<\/p>\n","protected":false},"excerpt":{"rendered":"Les engins ont \u00e9t\u00e9 observ\u00e9s \u00e0 l&rsquo;ext\u00e9rieur et au-dessus de la base de Karup, a d\u00e9clar\u00e9 la police,&hellip;\n","protected":false},"author":2,"featured_media":421206,"comment_status":"","ping_status":"","sticky":false,"template":"","format":"standard","meta":{"footnotes":""},"categories":[1888],"tags":[1111,1928,11,1927,1777,674,1011,27,12,1926,626,1925,25],"class_list":{"0":"post-421205","1":"post","2":"type-post","3":"status-publish","4":"format-standard","5":"has-post-thumbnail","7":"category-paris","8":"tag-actu","9":"tag-actu-paris","10":"tag-actualites","11":"tag-actualites-paris","12":"tag-eu","13":"tag-europe","14":"tag-fr","15":"tag-france","16":"tag-news","17":"tag-news-paris","18":"tag-paris","19":"tag-paris-news","20":"tag-republique-francaise"},"share_on_mastodon":{"url":"https:\/\/pubeurope.com\/@fr\/115275879674912874","error":""},"_links":{"self":[{"href":"https:\/\/www.europesays.com\/fr\/wp-json\/wp\/v2\/posts\/421205","targetHints":{"allow":["GET"]}}],"collection":[{"href":"https:\/\/www.europesays.com\/fr\/wp-json\/wp\/v2\/posts"}],"about":[{"href":"https:\/\/www.europesays.com\/fr\/wp-json\/wp\/v2\/types\/post"}],"author":[{"embeddable":true,"href":"https:\/\/www.europesays.com\/fr\/wp-json\/wp\/v2\/users\/2"}],"replies":[{"embeddable":true,"href":"https:\/\/www.europesays.com\/fr\/wp-json\/wp\/v2\/comments?post=421205"}],"version-history":[{"count":0,"href":"https:\/\/www.europesays.com\/fr\/wp-json\/wp\/v2\/posts\/421205\/revisions"}],"wp:featuredmedia":[{"embeddable":true,"href":"https:\/\/www.europesays.com\/fr\/wp-json\/wp\/v2\/media\/421206"}],"wp:attachment":[{"href":"https:\/\/www.europesays.com\/fr\/wp-json\/wp\/v2\/media?parent=421205"}],"wp:term":[{"taxonomy":"category","embeddable":true,"href":"https:\/\/www.europesays.com\/fr\/wp-json\/wp\/v2\/categories?post=421205"},{"taxonomy":"post_tag","embeddable":true,"href":"https:\/\/www.europesays.com\/fr\/wp-json\/wp\/v2\/tags?post=421205"}],"curies":[{"name":"wp","href":"https:\/\/api.w.org\/{rel}","templated":true}]}}