{"id":421207,"date":"2025-09-27T10:51:12","date_gmt":"2025-09-27T10:51:12","guid":{"rendered":"https:\/\/www.europesays.com\/fr\/421207\/"},"modified":"2025-09-27T10:51:12","modified_gmt":"2025-09-27T10:51:12","slug":"son-compagnon-mis-en-examen-et-ecroue-pour-meurtre","status":"publish","type":"post","link":"https:\/\/www.europesays.com\/fr\/421207\/","title":{"rendered":"son compagnon mis en examen et \u00e9crou\u00e9 pour meurtre"},"content":{"rendered":"<p class=\"mb-4 text-lg md:leading-8 break-words\">Un homme de 60 ans a \u00e9t\u00e9 mis en examen et \u00e9crou\u00e9 pour le meurtre de sa femme mercredi par arme blanche dans leur appartement du XXe arrondissement de la capitale, a indiqu\u00e9 samedi le parquet de Paris \u00e0 l&rsquo;AFP.<\/p>\n<p class=\"mb-4 text-lg md:leading-8 break-words\">Mercredi matin, Ahmed B., infirmier de profession, a \u00ab\u00a0appel\u00e9 la police pour se d\u00e9noncer d&rsquo;avoir tu\u00e9 sa femme\u00a0\u00bb, \u00e2g\u00e9e de 60 ans \u00e9galement, \u00ab\u00a0par arme blanche\u00a0\u00bb, a pr\u00e9cis\u00e9 le minist\u00e8re public.<\/p>\n<p class=\"mb-4 text-lg md:leading-8 break-words\">Une source polici\u00e8re avait pr\u00e9cis\u00e9 \u00e0 l&rsquo;AFP que le mis en cause \u00e9tait macul\u00e9 de sang lorsqu&rsquo;il avait \u00e9t\u00e9 interpell\u00e9 dans les parties communes de l&rsquo;immeuble.<\/p>\n<p>Deux jours de garde \u00e0 vue<\/p>\n<p class=\"mb-4 text-lg md:leading-8 break-words\">Selon le parquet, \u00ab\u00a0\u00e0 leur arriv\u00e9e dans le domicile conjugal, rue des Tourelles dans le 20e arrondissement, les policiers ont d\u00e9couvert la victime sans espoir de r\u00e9animation\u00a0\u00bb.<\/p>\n<p class=\"mb-4 text-lg md:leading-8 break-words\">Selon la source polici\u00e8re, elle a \u00e9t\u00e9 retrouv\u00e9e dans la salle de bain, \u00e9gorg\u00e9e. Elle pr\u00e9sentait \u00e9galement des entailles sur la cuisse droite et sur la poitrine.<\/p>\n<p class=\"mb-4 text-lg md:leading-8 break-words\"><a href=\"https:\/\/fr.news.yahoo.com\/femme-tu%C3%A9e-%C3%A0-larme-blanche-102702810.html\" data-ylk=\"slk:Apr\u00e8s deux jours de garde \u00e0 vue;elm:context_link;itc:0;sec:content-canvas;outcm:mb_qualified_link;_E:mb_qualified_link;ct:story;\" class=\"link  yahoo-link\" rel=\"nofollow noopener\" target=\"_blank\">Apr\u00e8s deux jours de garde \u00e0 vue<\/a>, le suspect a \u00e9t\u00e9 mis en examen et plac\u00e9 en d\u00e9tention provisoire vendredi, conform\u00e9ment aux r\u00e9quisitions du parquet de Paris.<\/p>\n<p class=\"mb-4 text-lg md:leading-8 break-words\">\u00ab\u00a0Les deux enfants majeurs de la d\u00e9funte ont \u00e9t\u00e9 inform\u00e9s par les services enqu\u00eateurs, un accompagnement leur est propos\u00e9 par le vecteur de l&rsquo;association Paris Aide aux Victimes\u00a0\u00bb, a ajout\u00e9 le minist\u00e8re public.<\/p>\n<p>La question de la schizophr\u00e9nie \u00e9cart\u00e9e<\/p>\n<p class=\"mb-4 text-lg md:leading-8 break-words\">Le parquet a soulign\u00e9 que \u00ab\u00a0contrairement \u00e0 ce qui a pu \u00eatre \u00e9voqu\u00e9 dans certains m\u00e9dias\u00a0\u00bb de source polici\u00e8re, \u00ab\u00a0il n&rsquo;a jamais \u00e9t\u00e9 question de schizophr\u00e9nie dans la proc\u00e9dure, ni dans les d\u00e9clarations, ni par avis m\u00e9dical\u00a0\u00bb.<\/p>\n<p class=\"mb-4 text-lg md:leading-8 break-words\">Selon les derniers chiffres officiels publi\u00e9s fin novembre 2024, 96 f\u00e9minicides conjugaux ont \u00e9t\u00e9 recens\u00e9s par les forces de s\u00e9curit\u00e9 en France en 2023, sur 119 morts violentes au sein du couple.<\/p>\n<p class=\"mb-4 text-lg md:leading-8 break-words\">Dans 82% des cas, les auteurs sont des hommes.<\/p>\n<p class=\"mb-4 text-lg md:leading-8 break-words\">Quelque 271.000 victimes de violences conjugales, \u00e0 85% des femmes, ont \u00e9t\u00e9 enregistr\u00e9es.<\/p>\n<p class=\"mb-4 text-lg md:leading-8 break-words\"><a href=\"https:\/\/www.bfmtv.com\/police-justice\/femme-tuee-a-l-arme-blanche-a-paris-son-compagnon-mis-en-examen-et-ecroue-pour-meurtre_AD-202509270208.html#xtor=AL-68\" rel=\"nofollow noopener\" target=\"_blank\" data-ylk=\"slk:Article original publi\u00e9 sur BFMTV.com;elm:context_link;itc:0;sec:content-canvas\" class=\"link \">Article original publi\u00e9 sur BFMTV.com<\/a><\/p>\n","protected":false},"excerpt":{"rendered":"Un homme de 60 ans a \u00e9t\u00e9 mis en examen et \u00e9crou\u00e9 pour le meurtre de sa femme&hellip;\n","protected":false},"author":2,"featured_media":421208,"comment_status":"","ping_status":"","sticky":false,"template":"","format":"standard","meta":{"footnotes":""},"categories":[1888],"tags":[1111,1928,11,1927,9405,1777,674,1011,27,18360,12,1926,626,1925,25,55055],"class_list":{"0":"post-421207","1":"post","2":"type-post","3":"status-publish","4":"format-standard","5":"has-post-thumbnail","7":"category-paris","8":"tag-actu","9":"tag-actu-paris","10":"tag-actualites","11":"tag-actualites-paris","12":"tag-arme-blanche","13":"tag-eu","14":"tag-europe","15":"tag-fr","16":"tag-france","17":"tag-mis","18":"tag-news","19":"tag-news-paris","20":"tag-paris","21":"tag-paris-news","22":"tag-republique-francaise","23":"tag-rue-des-tourelles"},"share_on_mastodon":{"url":"https:\/\/pubeurope.com\/@fr\/115275883143323552","error":""},"_links":{"self":[{"href":"https:\/\/www.europesays.com\/fr\/wp-json\/wp\/v2\/posts\/421207","targetHints":{"allow":["GET"]}}],"collection":[{"href":"https:\/\/www.europesays.com\/fr\/wp-json\/wp\/v2\/posts"}],"about":[{"href":"https:\/\/www.europesays.com\/fr\/wp-json\/wp\/v2\/types\/post"}],"author":[{"embeddable":true,"href":"https:\/\/www.europesays.com\/fr\/wp-json\/wp\/v2\/users\/2"}],"replies":[{"embeddable":true,"href":"https:\/\/www.europesays.com\/fr\/wp-json\/wp\/v2\/comments?post=421207"}],"version-history":[{"count":0,"href":"https:\/\/www.europesays.com\/fr\/wp-json\/wp\/v2\/posts\/421207\/revisions"}],"wp:featuredmedia":[{"embeddable":true,"href":"https:\/\/www.europesays.com\/fr\/wp-json\/wp\/v2\/media\/421208"}],"wp:attachment":[{"href":"https:\/\/www.europesays.com\/fr\/wp-json\/wp\/v2\/media?parent=421207"}],"wp:term":[{"taxonomy":"category","embeddable":true,"href":"https:\/\/www.europesays.com\/fr\/wp-json\/wp\/v2\/categories?post=421207"},{"taxonomy":"post_tag","embeddable":true,"href":"https:\/\/www.europesays.com\/fr\/wp-json\/wp\/v2\/tags?post=421207"}],"curies":[{"name":"wp","href":"https:\/\/api.w.org\/{rel}","templated":true}]}}