{"id":42121,"date":"2025-04-21T18:32:09","date_gmt":"2025-04-21T18:32:09","guid":{"rendered":"https:\/\/www.europesays.com\/fr\/42121\/"},"modified":"2025-04-21T18:32:09","modified_gmt":"2025-04-21T18:32:09","slug":"la-federation-protestante-de-france-rend-hommage-au-pape-francois-regards-protestants","status":"publish","type":"post","link":"https:\/\/www.europesays.com\/fr\/42121\/","title":{"rendered":"La F\u00e9d\u00e9ration protestante de France rend hommage au pape Fran\u00e7ois \u2013 Regards protestants"},"content":{"rendered":"<p>C\u2019est avec une profonde \u00e9motion que la F\u00e9d\u00e9ration protestante de France a appris le d\u00e9c\u00e8s de Sa Saintet\u00e9 le pape Fran\u00e7ois. Premier pape issu du continent sud-am\u00e9ricain, il a marqu\u00e9 l\u2019histoire contemporaine de l\u2019<a href=\"https:\/\/eglise.catholique.fr\/\" target=\"_blank\" rel=\"noreferrer noopener nofollow\">\u00c9glise catholique<\/a>\u00a0par un pontificat plac\u00e9 sous le signe de l\u2019humilit\u00e9, du dialogue et de la justice mais aussi de la ferme volont\u00e9 de r\u00e9formes institutionnelles pour recentrer l\u2019\u00c9glise sur sa mission d\u2019accueil, d\u2019accompagnement spirituel et d\u2019\u00e9vang\u00e9lisation.<\/p>\n<p><strong>La FPF rend hommage \u00e0 son engagement constant<\/strong> pour les plus vuln\u00e9rables, pour la paix entre les peuples, la sauvegarde de la Cr\u00e9ation et la justice climatique. \u00c0 travers ses encycliques, notamment\u00a0<a href=\"https:\/\/fr.wikipedia.org\/wiki\/Laudato_si%27\" target=\"_blank\" rel=\"noreferrer noopener nofollow\">Laudato si\u2019\u00a0<\/a>et\u00a0<a href=\"https:\/\/eglise.catholique.fr\/vatican\/encycliques\/lencyclique-fratelli-tutti\/\" target=\"_blank\" rel=\"noreferrer noopener nofollow\">Fratelli tutti<\/a>, il a contribu\u00e9 \u00e0 renouveler l\u2019\u00e9thique chr\u00e9tienne \u00e0 l\u2019\u00e9chelle mondiale et \u00e0 interpeller les consciences au-del\u00e0 des clivages confessionnels.<\/p>\n<p><strong>Le pape Fran\u00e7ois a \u00e9galement \u0153uvr\u00e9 en faveur du dialogue interreligieux<\/strong>, de la fraternit\u00e9 humaine et de l\u2019unit\u00e9 chr\u00e9tienne. Plusieurs gestes significatifs de son pontificat ont touch\u00e9 les protestants en France et dans le monde, comme son ouverture \u00e0 la r\u00e9flexion \u0153cum\u00e9nique, son accueil de la diversit\u00e9 eccl\u00e9siale et ses rencontres avec les \u00c9glises issues de la R\u00e9forme, notamment sa pr\u00e9sence si significative \u00e0 Lundt lors de la c\u00e9l\u00e9bration inaugurant la comm\u00e9moration des 500 ans de la R\u00e9forme protestante.<\/p>\n<p><strong>La F\u00e9d\u00e9ration protestante de France exprime sa gratitude<\/strong> pour ce minist\u00e8re pontifical qui laissera une marque durable \u00e0 l\u2019\u00c9glise.\u00a0 Elle adresse le message de sa solidarit\u00e9 fraternelle aux s\u0153urs et fr\u00e8res catholiques en France et dans le monde.\u00a0 Alors que r\u00e9sonne encore [\u2026]<\/p>\n","protected":false},"excerpt":{"rendered":"C\u2019est avec une profonde \u00e9motion que la F\u00e9d\u00e9ration protestante de France a appris le d\u00e9c\u00e8s de Sa Saintet\u00e9&hellip;\n","protected":false},"author":2,"featured_media":42122,"comment_status":"","ping_status":"","sticky":false,"template":"","format":"standard","meta":{"footnotes":""},"categories":[4],"tags":[11,8305,1011,27,12,12672,25],"class_list":{"0":"post-42121","1":"post","2":"type-post","3":"status-publish","4":"format-standard","5":"has-post-thumbnail","7":"category-france","8":"tag-actualites","9":"tag-eglise-catholique","10":"tag-fr","11":"tag-france","12":"tag-news","13":"tag-pape","14":"tag-republique-francaise"},"share_on_mastodon":{"url":"https:\/\/pubeurope.com\/@fr\/114377388442936444","error":""},"_links":{"self":[{"href":"https:\/\/www.europesays.com\/fr\/wp-json\/wp\/v2\/posts\/42121","targetHints":{"allow":["GET"]}}],"collection":[{"href":"https:\/\/www.europesays.com\/fr\/wp-json\/wp\/v2\/posts"}],"about":[{"href":"https:\/\/www.europesays.com\/fr\/wp-json\/wp\/v2\/types\/post"}],"author":[{"embeddable":true,"href":"https:\/\/www.europesays.com\/fr\/wp-json\/wp\/v2\/users\/2"}],"replies":[{"embeddable":true,"href":"https:\/\/www.europesays.com\/fr\/wp-json\/wp\/v2\/comments?post=42121"}],"version-history":[{"count":0,"href":"https:\/\/www.europesays.com\/fr\/wp-json\/wp\/v2\/posts\/42121\/revisions"}],"wp:featuredmedia":[{"embeddable":true,"href":"https:\/\/www.europesays.com\/fr\/wp-json\/wp\/v2\/media\/42122"}],"wp:attachment":[{"href":"https:\/\/www.europesays.com\/fr\/wp-json\/wp\/v2\/media?parent=42121"}],"wp:term":[{"taxonomy":"category","embeddable":true,"href":"https:\/\/www.europesays.com\/fr\/wp-json\/wp\/v2\/categories?post=42121"},{"taxonomy":"post_tag","embeddable":true,"href":"https:\/\/www.europesays.com\/fr\/wp-json\/wp\/v2\/tags?post=42121"}],"curies":[{"name":"wp","href":"https:\/\/api.w.org\/{rel}","templated":true}]}}