{"id":421215,"date":"2025-09-27T10:55:11","date_gmt":"2025-09-27T10:55:11","guid":{"rendered":"https:\/\/www.europesays.com\/fr\/421215\/"},"modified":"2025-09-27T10:55:11","modified_gmt":"2025-09-27T10:55:11","slug":"la-mode-pour-faire-corps-fut-ce-mutile-liberation","status":"publish","type":"post","link":"https:\/\/www.europesays.com\/fr\/421215\/","title":{"rendered":"la mode pour faire corps, fut-ce mutil\u00e9 \u2013 Lib\u00e9ration"},"content":{"rendered":"<p class=\"sc-cPiKLX AiZTS text-element\">Lundi 29 septembre s\u2019ouvrira la Fashion Week de Paris, d\u00e9di\u00e9e au pr\u00eat-\u00e0-porter f\u00e9minin du printemps-\u00e9t\u00e9 2026. On entend d\u2019ici les r\u00e9actions : encore ? !! Avec ses salves tous azimuts (les plus connues sont celles de Paris, Milan, New York et Londres, mais la formule essaime partout), la semaine de la mode a des airs de cirque non-stop, de lapin Duracell impossible \u00e0 d\u00e9brancher, limite flippant. Vitrine sans cesse renouvel\u00e9e du secteur du luxe, ce pilier \u00e9conomique mais aussi symbole de fracture sociale, elle est synonyme d\u2019avalanche de d\u00e9fil\u00e9s, de d\u00e9ferlante d\u2019images et de tendances plus versatiles les unes que les autres, pudding roboratif \u00e0 en \u00e9touffer la curiosit\u00e9 et le d\u00e9sir. Sachant que la pr\u00e9valence des grands groupes et le contexte global \u2013 cette p\u00e9taudi\u00e8re toujours plus explosive qu\u2019est le monde \u2013, invitent \u00e0 l\u2019attentisme plut\u00f4t qu\u2019\u00e0 la cr\u00e9ativit\u00e9. <\/p>\n<p class=\"sc-cPiKLX AiZTS text-element\">La Fashion Week ukrainienne, qui s\u2019est d\u00e9roul\u00e9e \u00e0 Kyiv au d\u00e9but du mois, a donn\u00e9 \u00e0 voir tout autre chose. Soudain, la fringue a fait sens, et bien au-del\u00e0 des apparences. C\u2019est ce qui nous frappe \u00e0 la lecture d\u2019<a href=\"https:\/\/www.nytimes.com\/card\/2025\/09\/26\/world\/europe\/ukraine-fashion-week-kyiv-war\" target=\"_blank\" rel=\"nofollow noopener\">un article du New York Times<\/a> paru ce vendredi. L\u2019\u00e9v\u00e9nement avait \u00e9t\u00e9 suspendu depuis 2022, rappellent  <\/p>\n","protected":false},"excerpt":{"rendered":"Lundi 29 septembre s\u2019ouvrira la Fashion Week de Paris, d\u00e9di\u00e9e au pr\u00eat-\u00e0-porter f\u00e9minin du printemps-\u00e9t\u00e9 2026. On entend&hellip;\n","protected":false},"author":2,"featured_media":421216,"comment_status":"","ping_status":"","sticky":false,"template":"","format":"standard","meta":{"footnotes":""},"categories":[1590],"tags":[11,1777,674,12,220,297],"class_list":{"0":"post-421215","1":"post","2":"type-post","3":"status-publish","4":"format-standard","5":"has-post-thumbnail","7":"category-ukraine","8":"tag-actualites","9":"tag-eu","10":"tag-europe","11":"tag-news","12":"tag-ukraine","13":"tag-ukraine-la-crise"},"share_on_mastodon":{"url":"https:\/\/pubeurope.com\/@fr\/115275898863077411","error":""},"_links":{"self":[{"href":"https:\/\/www.europesays.com\/fr\/wp-json\/wp\/v2\/posts\/421215","targetHints":{"allow":["GET"]}}],"collection":[{"href":"https:\/\/www.europesays.com\/fr\/wp-json\/wp\/v2\/posts"}],"about":[{"href":"https:\/\/www.europesays.com\/fr\/wp-json\/wp\/v2\/types\/post"}],"author":[{"embeddable":true,"href":"https:\/\/www.europesays.com\/fr\/wp-json\/wp\/v2\/users\/2"}],"replies":[{"embeddable":true,"href":"https:\/\/www.europesays.com\/fr\/wp-json\/wp\/v2\/comments?post=421215"}],"version-history":[{"count":0,"href":"https:\/\/www.europesays.com\/fr\/wp-json\/wp\/v2\/posts\/421215\/revisions"}],"wp:featuredmedia":[{"embeddable":true,"href":"https:\/\/www.europesays.com\/fr\/wp-json\/wp\/v2\/media\/421216"}],"wp:attachment":[{"href":"https:\/\/www.europesays.com\/fr\/wp-json\/wp\/v2\/media?parent=421215"}],"wp:term":[{"taxonomy":"category","embeddable":true,"href":"https:\/\/www.europesays.com\/fr\/wp-json\/wp\/v2\/categories?post=421215"},{"taxonomy":"post_tag","embeddable":true,"href":"https:\/\/www.europesays.com\/fr\/wp-json\/wp\/v2\/tags?post=421215"}],"curies":[{"name":"wp","href":"https:\/\/api.w.org\/{rel}","templated":true}]}}