{"id":421217,"date":"2025-09-27T10:56:13","date_gmt":"2025-09-27T10:56:13","guid":{"rendered":"https:\/\/www.europesays.com\/fr\/421217\/"},"modified":"2025-09-27T10:56:13","modified_gmt":"2025-09-27T10:56:13","slug":"il-a-essaye-datteindre-mon-visage-des-attaques-decureuil-inquietent-aux-etats-unis","status":"publish","type":"post","link":"https:\/\/www.europesays.com\/fr\/421217\/","title":{"rendered":"\u00ab\u00a0Il a essay\u00e9 d&rsquo;atteindre mon visage\u00a0\u00bb : des attaques d&rsquo;\u00e9cureuil inqui\u00e8tent aux \u00c9tats-Unis"},"content":{"rendered":"<ul class=\"jsx-862013697 ArticleChapo__List\">\n<li class=\"jsx-862013697 ArticleChapo__List_Item flex\">\u00c0 San Rafael, en Californie, un \u00e9cureuil s\u00e8me la terreur.<\/li>\n<li class=\"jsx-862013697 ArticleChapo__List_Item flex\">Cinq personnes auraient \u00e9t\u00e9 attaqu\u00e9es, certaines ayant d\u00fb \u00eatre soign\u00e9es \u00e0 l&rsquo;h\u00f4pital.<\/li>\n<\/ul>\n<p data-module=\"article-paragraph\" class=\"jsx-3046738180 Paragraph\">Ce petit animal s\u00e8me la terreur \u00e0 San Rafael, en <a href=\"https:\/\/www.tf1info.fr\/culture\/programme-tv-tf1-fire-country-la-californie-emploie-t-elle-de-vrais-detenus-comme-dans-la-serie-2391116.html\" target=\"_blank\" rel=\"noopener\">Californie<\/a>, aux \u00c9tats-Unis. Un \u00e9cureuil agressif a attaqu\u00e9 plusieurs personnes depuis quelques jours, ce qui fait vivre un enfer aux habitants. Deux personnes ont d\u00fb se rendre \u00e0 l&rsquo;h\u00f4pital \u00e0 la suite de la rencontre avec le mammif\u00e8re, tant elle a \u00e9t\u00e9 violente. Au total, cinq personnes auraient subi une attaque d&rsquo;\u00e9cureuil, le m\u00eame semble-t-il, et certains ont re\u00e7u des points de suture.<\/p>\n<p data-module=\"article-paragraph\" class=\"jsx-3046738180 Paragraph Paragraph__End\">\u00ab\u00a0L\u2019\u00e9cureuil a saut\u00e9. Il a essay\u00e9 d\u2019atteindre mon visage. J\u2019ai essay\u00e9 de me prot\u00e9ger, mais mon bras a tout pris. J\u2019\u00e9tais couverte de sang et j\u2019ai couru aux urgences\u00a0\u00bb, a t\u00e9moign\u00e9 une habitante aupr\u00e8s <a href=\"https:\/\/abc7.com\/post\/vicious-squirrel-sends-2-san-rafael-california-residents-er-neighbors-report-series-frightening-attacks\/17865892\/\" target=\"_blank\" rel=\"nofollow noopener\">d&rsquo;ABC 7 (nouvelle fen\u00eatre)<\/a>.<\/p>\n<p><a href=\"https:\/\/www.tf1info.fr\/societe\/ces-animaux-ont-peur-de-l-homme-ils-n-attaquent-pas-ces-prejuges-qui-entourent-les-serpents-selon-une-veterinaire-2389499.html\" rel=\"noopener\" class=\"jsx-3308031228 Link flex\" target=\"_blank\"><img decoding=\"async\" src=\"https:\/\/www.europesays.com\/fr\/wp-content\/uploads\/2025\/09\/serpent-a-t-on-raison-d-avoir-peur-68024a-0@1x.jpeg\" alt=\"Capture vid\u00e9o LCI\" loading=\"lazy\" importance=\"low\" fetchpriority=\"low\" class=\"\" aria-hidden=\"true\"\/><\/p>\n<p class=\"jsx-3657663356 ReadMoreArticle__Title\">Lire aussi<\/p>\n<p class=\"jsx-3657663356\">\u00ab\u00a0Ces animaux ont peur de l&rsquo;homme, ils n&rsquo;attaquent pas\u00a0\u00bb : ces pr\u00e9jug\u00e9s qui entourent les serpents, selon une v\u00e9t\u00e9rinaire<\/p>\n<p><\/a><\/p>\n<p data-module=\"article-paragraph\" class=\"jsx-3046738180 Paragraph\">Un agent immobilier du quartier a m\u00eame accroch\u00e9 des affiches dans la rue pour pr\u00e9venir des attaques. \u00ab\u00a0Ceci n&rsquo;est pas une blague. L&rsquo;\u00e9cureuil surgit de nulle part et s&rsquo;en prend \u00e0 vos bras, vos jambes ou votre visage\u00a0\u00bb, pr\u00e9vient-il.<\/p>\n<p data-module=\"article-paragraph\" class=\"jsx-3046738180 Paragraph Paragraph__End\">Vanessa Potter, de l\u2019association WildCare \u00e0 San Rafael, a indiqu\u00e9 au m\u00e9dia am\u00e9ricain que si l&rsquo;animal \u00ab\u00a0associe les gens \u00e0 de la nourriture, ils n&rsquo;ont pas peur d&rsquo;eux. Ils chercheront de la nourriture. S\u2019ils n\u2019en obtiennent pas, il peut y avoir de la frustration\u00a0\u00bb. Selon elle, l&rsquo;animal ne serait pas atteint par la rage. Il pourrait aussi \u00eatre territorial et d\u00e9fendre ce qu&rsquo;il estime \u00eatre son territoire.<\/p>\n<p>Ga\u00eblle SHEEHAN<\/p>\n","protected":false},"excerpt":{"rendered":"\u00c0 San Rafael, en Californie, un \u00e9cureuil s\u00e8me la terreur. Cinq personnes auraient \u00e9t\u00e9 attaqu\u00e9es, certaines ayant d\u00fb&hellip;\n","protected":false},"author":2,"featured_media":421218,"comment_status":"","ping_status":"","sticky":false,"template":"","format":"standard","meta":{"footnotes":""},"categories":[1589],"tags":[1111,11,1867,1921,73,1866,1922,6225,11601,12,1864,1865,1863,308,133,1920],"class_list":{"0":"post-421217","1":"post","2":"type-post","3":"status-publish","4":"format-standard","5":"has-post-thumbnail","7":"category-etats-unis","8":"tag-actu","9":"tag-actualites","10":"tag-animaux","11":"tag-article-video","12":"tag-etats-unis","13":"tag-etats-unis-damerique","14":"tag-info","15":"tag-la-matinale","16":"tag-nature-et-animaux","17":"tag-news","18":"tag-united-states","19":"tag-united-states-of-america","20":"tag-us","21":"tag-usa","22":"tag-video","23":"tag-video-international"},"share_on_mastodon":{"url":"https:\/\/pubeurope.com\/@fr\/115275902782104153","error":""},"_links":{"self":[{"href":"https:\/\/www.europesays.com\/fr\/wp-json\/wp\/v2\/posts\/421217","targetHints":{"allow":["GET"]}}],"collection":[{"href":"https:\/\/www.europesays.com\/fr\/wp-json\/wp\/v2\/posts"}],"about":[{"href":"https:\/\/www.europesays.com\/fr\/wp-json\/wp\/v2\/types\/post"}],"author":[{"embeddable":true,"href":"https:\/\/www.europesays.com\/fr\/wp-json\/wp\/v2\/users\/2"}],"replies":[{"embeddable":true,"href":"https:\/\/www.europesays.com\/fr\/wp-json\/wp\/v2\/comments?post=421217"}],"version-history":[{"count":0,"href":"https:\/\/www.europesays.com\/fr\/wp-json\/wp\/v2\/posts\/421217\/revisions"}],"wp:featuredmedia":[{"embeddable":true,"href":"https:\/\/www.europesays.com\/fr\/wp-json\/wp\/v2\/media\/421218"}],"wp:attachment":[{"href":"https:\/\/www.europesays.com\/fr\/wp-json\/wp\/v2\/media?parent=421217"}],"wp:term":[{"taxonomy":"category","embeddable":true,"href":"https:\/\/www.europesays.com\/fr\/wp-json\/wp\/v2\/categories?post=421217"},{"taxonomy":"post_tag","embeddable":true,"href":"https:\/\/www.europesays.com\/fr\/wp-json\/wp\/v2\/tags?post=421217"}],"curies":[{"name":"wp","href":"https:\/\/api.w.org\/{rel}","templated":true}]}}