{"id":421234,"date":"2025-09-27T11:09:18","date_gmt":"2025-09-27T11:09:18","guid":{"rendered":"https:\/\/www.europesays.com\/fr\/421234\/"},"modified":"2025-09-27T11:09:18","modified_gmt":"2025-09-27T11:09:18","slug":"chute-spectaculaire-et-fracture-dune-clavicule-pour-jorge-martin-au-gp-du-japon","status":"publish","type":"post","link":"https:\/\/www.europesays.com\/fr\/421234\/","title":{"rendered":"chute spectaculaire et fracture d&rsquo;une clavicule pour Jorge Martin au GP du Japon"},"content":{"rendered":"<p>Parti en 17e position, le Madril\u00e8ne a voulu plonger \u00e0 la corde mais il a rat\u00e9 son freinage et a chut\u00e9 avant de faucher violemment son co\u00e9quipier italien Marco Bezzecchi (Aprilia) et de finir dans le bac \u00e0 graviers.<\/p>\n<p class=\"fig-paragraph\">La s\u00e9rie noire continue pour\u00a0<a href=\"http:\/\/www.lefigaro.fr\/sports\/moto\/motogp-japon-bagnaia-remporte-le-sprint-marc-marquez-se-rapproche-du-sacre-20250927\" data-fig-type=\"NewsFlash\" data-gtm-custom-categorie=\"navigation\" data-gtm-custom-action=\"crossclick\" data-gtm-custom-label=\"Contextuel\" data-gtm-event=\"customEventSPE\" data-fig-domain=\"LEFIGARO\" rel=\"nofollow noopener\" target=\"_blank\">Jorge Martin (Aprilia).<\/a>\u00a0Martin s&rsquo;est lev\u00e9 rapidement mais en se tenant l&rsquo;\u00e9paule droite, ce qui ne laissait pr\u00e9sager rien de bon. \u00abJorge a r\u00e9alis\u00e9 des radios au centre m\u00e9dical du circuit et elles ont r\u00e9v\u00e9l\u00e9 une fracture avec d\u00e9placement de la clavicule droite\u00bb, a indiqu\u00e9 Aprilia, qui a pr\u00e9cis\u00e9 que le pilote serait transf\u00e9r\u00e9 \u00e0 l&rsquo;h\u00f4pital par h\u00e9licopt\u00e8re afin de subir un scanner pour mieux \u00e9valuer sa blessure.<\/p>\n<p class=\"fig-paragraph\">L&rsquo;\u00e9curie italienne a par ailleurs inform\u00e9 que Bezzecchi devait subir des examens m\u00e9dicaux \u00e0 la jambe droite apr\u00e8s cette chute. Alors qu&rsquo;il avait remport\u00e9 son premier titre mondial fin 2024 au guidon d&rsquo;une Ducati-Pramac, Jorge Martin a connu une saison cauchemardesque depuis son arriv\u00e9e chez Aprilia.<\/p>\n<p>                                    <a class=\"fig-a11y-skip a11y-hidden\" href=\"#fig-a11y-skip-main-inarticle\"><br \/>\n        Passer la publicit\u00e9<br \/>\n    <\/a><\/p>\n<p class=\"fig-paragraph\">Deux blessures \u00e0 la main subies lors de la pr\u00e9-saison l&rsquo;avaient priv\u00e9 des trois premiers Grands Prix de la saison et lors de son retour au Qatar en avril, il avait chut\u00e9 lourdement et\u00a0<a href=\"http:\/\/www.lefigaro.fr\/sports\/moto\/motogp-je-sens-que-je-suis-de-retour-martin-satisfait-par-sa-4e-place-en-hongrie-20250825\" data-fig-type=\"NewsFlash\" data-gtm-custom-categorie=\"navigation\" data-gtm-custom-action=\"crossclick\" data-gtm-custom-label=\"Contextuel\" data-gtm-event=\"customEventSPE\" data-fig-domain=\"LEFIGARO\" rel=\"nofollow noopener\" target=\"_blank\">avait \u00e9t\u00e9 victime d&rsquo;un h\u00e9mopneumothorax,\u00a0<\/a>qui l&rsquo;avait \u00e9loign\u00e9 du paddock durant trois mois. L&rsquo;Espagnol, qui pointe \u00e0 la 20e place du championnat, avait pris la septi\u00e8me place du Grand Prix de R\u00e9publique tch\u00e8que lors de son retour mi-juillet, avant de terminer au pied du podium du GP de Hongrie fin ao\u00fbt.<\/p>\n","protected":false},"excerpt":{"rendered":"Parti en 17e position, le Madril\u00e8ne a voulu plonger \u00e0 la corde mais il a rat\u00e9 son freinage&hellip;\n","protected":false},"author":2,"featured_media":421235,"comment_status":"","ping_status":"","sticky":false,"template":"","format":"standard","meta":{"footnotes":""},"categories":[1413],"tags":[1011,27,1457,6033,1456,60],"class_list":{"0":"post-421234","1":"post","2":"type-post","3":"status-publish","4":"format-standard","5":"has-post-thumbnail","7":"category-moto","8":"tag-fr","9":"tag-france","10":"tag-moto","11":"tag-moto-gp","12":"tag-motocycle","13":"tag-sports"},"share_on_mastodon":{"url":"https:\/\/pubeurope.com\/@fr\/115275953947831829","error":""},"_links":{"self":[{"href":"https:\/\/www.europesays.com\/fr\/wp-json\/wp\/v2\/posts\/421234","targetHints":{"allow":["GET"]}}],"collection":[{"href":"https:\/\/www.europesays.com\/fr\/wp-json\/wp\/v2\/posts"}],"about":[{"href":"https:\/\/www.europesays.com\/fr\/wp-json\/wp\/v2\/types\/post"}],"author":[{"embeddable":true,"href":"https:\/\/www.europesays.com\/fr\/wp-json\/wp\/v2\/users\/2"}],"replies":[{"embeddable":true,"href":"https:\/\/www.europesays.com\/fr\/wp-json\/wp\/v2\/comments?post=421234"}],"version-history":[{"count":0,"href":"https:\/\/www.europesays.com\/fr\/wp-json\/wp\/v2\/posts\/421234\/revisions"}],"wp:featuredmedia":[{"embeddable":true,"href":"https:\/\/www.europesays.com\/fr\/wp-json\/wp\/v2\/media\/421235"}],"wp:attachment":[{"href":"https:\/\/www.europesays.com\/fr\/wp-json\/wp\/v2\/media?parent=421234"}],"wp:term":[{"taxonomy":"category","embeddable":true,"href":"https:\/\/www.europesays.com\/fr\/wp-json\/wp\/v2\/categories?post=421234"},{"taxonomy":"post_tag","embeddable":true,"href":"https:\/\/www.europesays.com\/fr\/wp-json\/wp\/v2\/tags?post=421234"}],"curies":[{"name":"wp","href":"https:\/\/api.w.org\/{rel}","templated":true}]}}