{"id":421246,"date":"2025-09-27T11:15:15","date_gmt":"2025-09-27T11:15:15","guid":{"rendered":"https:\/\/www.europesays.com\/fr\/421246\/"},"modified":"2025-09-27T11:15:15","modified_gmt":"2025-09-27T11:15:15","slug":"le-blog-de-gilles-pudlowski-les-pieds-dans-le-plat-8","status":"publish","type":"post","link":"https:\/\/www.europesays.com\/fr\/421246\/","title":{"rendered":"Le blog de Gilles Pudlowski \u2013 Les Pieds dans le Plat"},"content":{"rendered":"<p>\u00a0<\/p>\n<p><a href=\"https:\/\/www.gillespudlowski.com\/?attachment_id=409645\" rel=\"attachment wp-att-409645 noopener\" target=\"_blank\"><img fetchpriority=\"high\" decoding=\"async\" class=\"aligncenter wp-image-409645\" src=\"https:\/\/www.europesays.com\/fr\/wp-content\/uploads\/2025\/09\/81ct68ddezl-_sl1500_.jpg\" alt=\"\" width=\"380\" height=\"590\"  \/><\/a><\/p>\n<p><a href=\"https:\/\/www.gillespudlowski.com\/critiques\/christian-signol\" target=\"_blank\" rel=\"noopener\">Signol<\/a>, d\u00e9fenseur de la vie rurale, de l\u2019\u00e9cole, des traditions pr\u00e9serv\u00e9es de nos r\u00e9gions fran\u00e7aises, entre Corr\u00e8ze et P\u00e9rigord\u00a0 : <a href=\"https:\/\/www.gillespudlowski.com\/critiques\/christian-signol\" target=\"_blank\" rel=\"noopener\">on conna\u00eet<\/a> et on le suit de confiance. Cette fois-ci, l\u2019auteur de \u00ab\u00a0la Rivi\u00e8re Esp\u00e9rance\u00a0\u00bb et des \u00ab\u00a0Vignes de Sainte Colombe\u00a0\u00bb s\u2019attaque \u00e0 un probl\u00e8me qui fait pol\u00e9mique : celui de la r\u00e9introduction du loup, de sa survie.\u00a0 L\u2019histoire se d\u00e9roule sur le plateau Limousin, o\u00f9 un couple d\u2019\u00e9leveurs, Jeanne et Damien, font face au retour mena\u00e7ant des loups,\u00a0 alors qu\u2019ils ont pour charge de\u00a0 pr\u00e9server leur troupeau. Si Jeanne se montre conciliante, Damien lui est pr\u00eat \u00e0 passer \u00e0 l\u2019offensive. En face d\u2019eux, Lucas, charg\u00e9 de prot\u00e9ger les esp\u00e8ces menac\u00e9es, et sa compagne Mathilde, militante \u00e9cologiste, d\u00e9fendent tous deux avec ardeur la vie sauvage. Lorsqu\u2019un couple de canid\u00e9s, surnomm\u00e9s par eux Lupo et L\u00e9na, se meuvent sur le plateau, il s\u2019agit de les observer etde les prot\u00e9ger. Une attaque, puis d\u2019autres provoquent la juste col\u00e8re des \u00e9leveurs. Comment faire la part des choses, accepter de voir des brebis \u00e9gorg\u00e9es pour nourrir des loups \u00e0 la pr\u00e9sence contest\u00e9e et faire face \u00e0 une loi qui interdit de d\u00e9fendre leurs b\u00eates menac\u00e9es par une \u00ab esp\u00e8ce prot\u00e9g\u00e9e \u00bb ? Le double combat de Lucas et Mathilde, celui de Jeanne et Damien pour d\u00e9fendre leur bien,\u00a0 la vie de Lupo et L\u00e9na, traqu\u00e9s, luttent pour leur survie et celle de leurs petits : voil\u00e0 ce qu\u2019\u00e9voque ce livre qui s\u2019inscrit dans la grande tradition du roman de nature, celui inaugur\u00e9 par \u00ab\u00a0Croc Blanc\u00a0\u00bb de Jack London.\u00a0 Y a-t-il encore de la place pour les loups dans notre monde actuel ? Et de quoi et de quelle libert\u00e9, sont-ils le symbole ? Christian Signol ne prend pas parti. Il raconte avec ferveur et tendresse : la nature, ses acteurs et ses lois. Il c\u00e9l\u00e8bre l\u2019\u00e9ternit\u00e9 du monde vivant sans occulter les d\u00e9fis d\u2019aujourd\u2019hui. On le lit son livre avec curiosit\u00e9 et passion, et l\u2019on est forc\u00e9ment troubl\u00e9. Et si les loups \u00e9taient le reflet de nos peurs, le miroir invers\u00e9 de notre besoin de s\u00e9curit\u00e9 dans un monde troubl\u00e9?<\/p>\n<p><a href=\"https:\/\/www.amazon.fr\/Dune-beaut%C3%A9-sauvage-Christian-Signol\/dp\/2226459022\" target=\"_blank\" rel=\"noopener\">D\u2019une beaut\u00e9 sauvage de Christian Signol<\/a> (Albin, Michel, 288 pages, 21,90 \u20ac).<\/p>\n","protected":false},"excerpt":{"rendered":"\u00a0 Signol, d\u00e9fenseur de la vie rurale, de l\u2019\u00e9cole, des traditions pr\u00e9serv\u00e9es de nos r\u00e9gions fran\u00e7aises, entre Corr\u00e8ze&hellip;\n","protected":false},"author":2,"featured_media":421247,"comment_status":"","ping_status":"","sticky":false,"template":"","format":"standard","meta":{"footnotes":""},"categories":[1357],"tags":[1379,58,59,1011,27,1380],"class_list":{"0":"post-421246","1":"post","2":"type-post","3":"status-publish","4":"format-standard","5":"has-post-thumbnail","7":"category-livres","8":"tag-books","9":"tag-divertissement","10":"tag-entertainment","11":"tag-fr","12":"tag-france","13":"tag-livres"},"share_on_mastodon":{"url":"https:\/\/pubeurope.com\/@fr\/115275978006420985","error":""},"_links":{"self":[{"href":"https:\/\/www.europesays.com\/fr\/wp-json\/wp\/v2\/posts\/421246","targetHints":{"allow":["GET"]}}],"collection":[{"href":"https:\/\/www.europesays.com\/fr\/wp-json\/wp\/v2\/posts"}],"about":[{"href":"https:\/\/www.europesays.com\/fr\/wp-json\/wp\/v2\/types\/post"}],"author":[{"embeddable":true,"href":"https:\/\/www.europesays.com\/fr\/wp-json\/wp\/v2\/users\/2"}],"replies":[{"embeddable":true,"href":"https:\/\/www.europesays.com\/fr\/wp-json\/wp\/v2\/comments?post=421246"}],"version-history":[{"count":0,"href":"https:\/\/www.europesays.com\/fr\/wp-json\/wp\/v2\/posts\/421246\/revisions"}],"wp:featuredmedia":[{"embeddable":true,"href":"https:\/\/www.europesays.com\/fr\/wp-json\/wp\/v2\/media\/421247"}],"wp:attachment":[{"href":"https:\/\/www.europesays.com\/fr\/wp-json\/wp\/v2\/media?parent=421246"}],"wp:term":[{"taxonomy":"category","embeddable":true,"href":"https:\/\/www.europesays.com\/fr\/wp-json\/wp\/v2\/categories?post=421246"},{"taxonomy":"post_tag","embeddable":true,"href":"https:\/\/www.europesays.com\/fr\/wp-json\/wp\/v2\/tags?post=421246"}],"curies":[{"name":"wp","href":"https:\/\/api.w.org\/{rel}","templated":true}]}}