{"id":421248,"date":"2025-09-27T11:16:12","date_gmt":"2025-09-27T11:16:12","guid":{"rendered":"https:\/\/www.europesays.com\/fr\/421248\/"},"modified":"2025-09-27T11:16:12","modified_gmt":"2025-09-27T11:16:12","slug":"echappees-belles-france-5-ou-se-deroule-lemission-du-27-septembre-tele-star","status":"publish","type":"post","link":"https:\/\/www.europesays.com\/fr\/421248\/","title":{"rendered":"Echapp\u00e9es belles (France 5) : o\u00f9 se d\u00e9roule l\u2019\u00e9mission du 27 septembre ? &#8211; T\u00e9l\u00e9 Star"},"content":{"rendered":"<ol>\n<li><a href=\"https:\/\/news.google.com\/rss\/articles\/CBMiqAFBVV95cUxQbnpEZWVyZElfN05QSXh5dU8tT3c5VURON0wySWxKeE1IUXZpeW9BbnpHQ3BiMXpvRDlTdWliTnY5MkgxRk1IdWdsX3hvWk9LOFhyVHFHb0MzSTFHWGdzNDdoV2lBZmN4cDliTUd4ZnlyT1pXWk96Yk8tbGUtbjh6b0pRVWpHNFlaekkzT2E5Mmp2SkVuWjdOc1NGcDRKZ19WY2djWlJ4Wjg?oc=5\" target=\"_blank\" rel=\"noopener\">Echapp\u00e9es belles (France 5) : o\u00f9 se d\u00e9roule l\u2019\u00e9mission du 27 septembre ?<\/a>&nbsp;&nbsp;T\u00e9l\u00e9 Star<\/li>\n<li><a href=\"https:\/\/news.google.com\/rss\/articles\/CBMitAFBVV95cUxPNk9CMEJkQnVybXRPU1pWaVBaY3ZDQVk3bWUxUExseG5ESGFJbW1zSld1ekMyODg0cU04LUJ0bzJKZmFMVVVRTFc0NjJ1NHNOSGpvbV9xZVpiQkxBemFTV1U3bzBNaks4NEFnMEFsNG5Ub0lWODdoaWZENjBpb2hLeEJRUEtSZXZlcjUxc2ZFZ19zZkhIRkhtUGxRQmNLaHJBdzlNY19kWmVYTTEzcWdBRUxZV00?oc=5\" target=\"_blank\" rel=\"noopener\">Num\u00e9ro in\u00e9dit d&rsquo;\u00c9chapp\u00e9es belles en Malaisie ce samedi soir sur France 5.<\/a>&nbsp;&nbsp;LeBlogTVNews<\/li>\n<li><a href=\"https:\/\/news.google.com\/rss\/articles\/CBMi5gFBVV95cUxPcGh3Q055RG5CazRZYk5vNy02UlJKTWhreWpNck9NcFdCdHhQMmdMSHA3Mk4zdWh6a2N2UmlmbTNnVE9wZGI5RXh5M3NaYnBla1FUa3RmTy1NcmlOWGRNMVV4MEllUWtKR2ZsVk51Zlg0aVF4M20waWR3ZWNydDdxMlM0bS1DUHAzbzhoamlSOVZmaTh3RzVlS1U4N0k5STB3bTBBMHdmd2ppc3hFNWlNd2V5djZMaW80M0ZyUUlhV1NVWk90anBDVXFKV25ERDVpakd0RUlGX0F6anl0OWhocEcwXzlVUQ?oc=5\" target=\"_blank\" rel=\"noopener\">\u00ab\u00a0\u00c9chapp\u00e9es belles\u00a0\u00bb aux sources de la Malaisie, samedi 27 septembre 2025 sur France 5<\/a>&nbsp;&nbsp;Les coulisses de la T\u00e9l\u00e9vision<\/li>\n<li><a href=\"https:\/\/news.google.com\/rss\/articles\/CBMiuwFBVV95cUxPOEluUEdFRzd4bS1VbkZOV0xPRzJ1UXJPNmhGV1FQLVpMYUo3SzFZb1pxYmt6SHNhRDNfTmFYYk1MQ3RMSmExWTVzUXB6eW9EUGlXMU5PTExLeWptSER2WE1DaDQ5angzNTVRVmFzRktVb25XWlk4ZEpycXdZdkl2bGUxQWpmV3lpR2tmeXhRSmVyWFBRQzNWaV9IN05iYTV2UDRES1daOEV2RWh0SHNmMUJUWDVrZDluSjVz0gHaAkFVX3lxTE1Icnc3M01LVElDY0VwbFBCZFJJVHRqS09KZTl3LWI0elNEUTByNWRPN0I2N2JPUWIxeEN4bWxrQWNaN3ZUWDVZdVp4X0NETFhaY1RKekthMFhHMHI2QWFES0pJMW5pZDh0d3BKZy1mdm5DRU0wTjZ2OHlMbTNIQkxVVEpsWTBJQ0t2UU5iZ0hCT2REZXNBeVE1YXNzRnFsZlplaEF6TXZySlhzcHdEUlhBc2xlV0ZLVlpfZ2tGZm9HcUtLTXdMZW9pY3Zaa2plQkRKMHY0dGp6SzVpOE5qZ0g3QUVQOXhkQ2xuVmRmMm1jT1hUWmhWTXNBZFdaYXY3X21keHVKay0wNHBYb1pNYV9yTnVrZzhHZXdZTjl3ZWZYMTJheVZjeGpXN3VydWNjNDMzUy1SUnhUOVBzT2wtdkVMZXlGc04yTzkxTUlzUTZybXBYZGtKQVJhNlE?oc=5\" target=\"_blank\" rel=\"noopener\">Echapp\u00e9es Belles du 27 septembre : direction la Malaisie ce soir sur France 5 (sommaire)<\/a>&nbsp;&nbsp;Stars Actu<\/li>\n<li><a href=\"https:\/\/news.google.com\/rss\/articles\/CBMimgFBVV95cUxORlg5MjdMSFh5MDFvMHNMWlFLQkE5bm5aNmcyak5MVEtSbk1EYWdYWnRDT0FxcndrSDI3NEstbU8ycmdwdVRoY3VqVTRVS21KVDVUMm1LaWhtT2M2VFFEWjRHd3p2eG9JZkNPX19TRjRYcjZtbGFEM1lIU3g2WnBWSWRfQXRSZnNTdTg0SC1pMjVfQS1McDFObkhB?oc=5\" target=\"_blank\" rel=\"noopener\">Saison 20 &#8211; Aux sources de la Malaisie &#8211; Echapp\u00e9es belles &#8211; T\u00e9l\u00e9 2 semaines<\/a>&nbsp;&nbsp;T\u00e9l\u00e9 2 semaines<\/li>\n<\/ol>\n","protected":false},"excerpt":{"rendered":"Echapp\u00e9es belles (France 5) : o\u00f9 se d\u00e9roule l\u2019\u00e9mission du 27 septembre ?&nbsp;&nbsp;T\u00e9l\u00e9 Star Num\u00e9ro in\u00e9dit d&rsquo;\u00c9chapp\u00e9es belles&hellip;\n","protected":false},"author":2,"featured_media":421249,"comment_status":"","ping_status":"","sticky":false,"template":"","format":"standard","meta":{"footnotes":""},"categories":[1356],"tags":[548,58,59,1011,27,4467,252,1364],"class_list":{"0":"post-421248","1":"post","2":"type-post","3":"status-publish","4":"format-standard","5":"has-post-thumbnail","7":"category-television","8":"tag-article-simple","9":"tag-divertissement","10":"tag-entertainment","11":"tag-fr","12":"tag-france","13":"tag-france-5","14":"tag-television","15":"tag-tv"},"share_on_mastodon":{"url":"https:\/\/pubeurope.com\/@fr\/115275981536289871","error":""},"_links":{"self":[{"href":"https:\/\/www.europesays.com\/fr\/wp-json\/wp\/v2\/posts\/421248","targetHints":{"allow":["GET"]}}],"collection":[{"href":"https:\/\/www.europesays.com\/fr\/wp-json\/wp\/v2\/posts"}],"about":[{"href":"https:\/\/www.europesays.com\/fr\/wp-json\/wp\/v2\/types\/post"}],"author":[{"embeddable":true,"href":"https:\/\/www.europesays.com\/fr\/wp-json\/wp\/v2\/users\/2"}],"replies":[{"embeddable":true,"href":"https:\/\/www.europesays.com\/fr\/wp-json\/wp\/v2\/comments?post=421248"}],"version-history":[{"count":0,"href":"https:\/\/www.europesays.com\/fr\/wp-json\/wp\/v2\/posts\/421248\/revisions"}],"wp:featuredmedia":[{"embeddable":true,"href":"https:\/\/www.europesays.com\/fr\/wp-json\/wp\/v2\/media\/421249"}],"wp:attachment":[{"href":"https:\/\/www.europesays.com\/fr\/wp-json\/wp\/v2\/media?parent=421248"}],"wp:term":[{"taxonomy":"category","embeddable":true,"href":"https:\/\/www.europesays.com\/fr\/wp-json\/wp\/v2\/categories?post=421248"},{"taxonomy":"post_tag","embeddable":true,"href":"https:\/\/www.europesays.com\/fr\/wp-json\/wp\/v2\/tags?post=421248"}],"curies":[{"name":"wp","href":"https:\/\/api.w.org\/{rel}","templated":true}]}}