{"id":42125,"date":"2025-04-21T18:36:08","date_gmt":"2025-04-21T18:36:08","guid":{"rendered":"https:\/\/www.europesays.com\/fr\/42125\/"},"modified":"2025-04-21T18:36:08","modified_gmt":"2025-04-21T18:36:08","slug":"atp-barcelone-carlos-alcaraz-stoppe-par-rune-rafael-nadal-ne-ma-donne-aucun-conseil-mais-il-est-vrai-quil-ma-envoye-un-message-pour-me-dire-que","status":"publish","type":"post","link":"https:\/\/www.europesays.com\/fr\/42125\/","title":{"rendered":"ATP &#8211; Barcelone > Carlos Alcaraz, stopp\u00e9 par Rune : \u00ab\u00a0Rafael Nadal ne m&rsquo;a donn\u00e9 aucun conseil, mais il est vrai qu&rsquo;il m&rsquo;a envoy\u00e9 un message pour me dire que&#8230;\u00a0\u00bb"},"content":{"rendered":"<p>Alors qu\u2019il avait l\u2019oc\u00adca\u00adsion de remporter un troi\u00adsi\u00e8me titre \u00e0 Barcelone, et de r\u00e9aliser un d\u00e9but de saison parfait apr\u00e8s son sacre \u00e0 Monte\u2010Carlo, Carlos Alcaraz a \u00e9t\u00e9 battu en finale par Holger Rune dimanche.\u00a0<\/p>\n<p>En conf\u00e9\u00adrence de presse apr\u00e8s sa d\u00e9faite, l\u2019Espagnol a r\u00e9v\u00e9l\u00e9 avoir re\u00e7u un message de Rafael Nadal, vain\u00adqueur onze fois du tournoi.<\/p>\n<p><strong>\u00ab\u202fIl ne m\u2019a donn\u00e9 aucun conseil, mais il est vrai qu\u2019il m\u2019a \u00e9crit un message, pour m\u2019en\u00adcou\u00adrager, me dire qu\u2019il esp\u00e8re que ce n\u2019est rien (<a href=\"https:\/\/www.welovetennis.fr\/atp\/atp-madrid\/caros-alcaraz-forfait-cest-tout-a-fait-possible\" data-wpel-link=\"internal\" rel=\"nofollow noopener\" target=\"_blank\">sa bles\u00adsure, ndlr<\/a>) et que je pour\u00adrais reprendre l\u2019en\u00adtra\u00ee\u00adne\u00adment dans quelques jours afin d\u2019\u00eatre au top \u00e0 Madrid (23 avril au 4 mai)\u202f\u00bb<\/strong>, a confi\u00e9 le jeune quadruple laur\u00e9at en Grand Chelem dans des propos relay\u00e9s par <a href=\"https:\/\/www.puntodebreak.com\/2025\/04\/20\/alcaraz-rinde-nadal-resultados-tierra-hay-dar-mas-hizo\" data-wpel-link=\"external\" target=\"_blank\" rel=\"nofollow external noopener\">Punto de Break<\/a>.<\/p>\n<p class=\"post-published-date\" style=\"color: silver; font-size: 75%; text-align: left;\">Publi\u00e9 le lundi 21 avril 2025 \u00e0 18:55<\/p>\n","protected":false},"excerpt":{"rendered":"Alors qu\u2019il avait l\u2019oc\u00adca\u00adsion de remporter un troi\u00adsi\u00e8me titre \u00e0 Barcelone, et de r\u00e9aliser un d\u00e9but de saison&hellip;\n","protected":false},"author":2,"featured_media":42126,"comment_status":"","ping_status":"","sticky":false,"template":"","format":"standard","meta":{"footnotes":""},"categories":[1415],"tags":[1744,1011,27,1960,60,1467],"class_list":{"0":"post-42125","1":"post","2":"type-post","3":"status-publish","4":"format-standard","5":"has-post-thumbnail","7":"category-tennis","8":"tag-alcaraz","9":"tag-fr","10":"tag-france","11":"tag-nadal","12":"tag-sports","13":"tag-tennis"},"share_on_mastodon":{"url":"https:\/\/pubeurope.com\/@fr\/114377404112845729","error":""},"_links":{"self":[{"href":"https:\/\/www.europesays.com\/fr\/wp-json\/wp\/v2\/posts\/42125","targetHints":{"allow":["GET"]}}],"collection":[{"href":"https:\/\/www.europesays.com\/fr\/wp-json\/wp\/v2\/posts"}],"about":[{"href":"https:\/\/www.europesays.com\/fr\/wp-json\/wp\/v2\/types\/post"}],"author":[{"embeddable":true,"href":"https:\/\/www.europesays.com\/fr\/wp-json\/wp\/v2\/users\/2"}],"replies":[{"embeddable":true,"href":"https:\/\/www.europesays.com\/fr\/wp-json\/wp\/v2\/comments?post=42125"}],"version-history":[{"count":0,"href":"https:\/\/www.europesays.com\/fr\/wp-json\/wp\/v2\/posts\/42125\/revisions"}],"wp:featuredmedia":[{"embeddable":true,"href":"https:\/\/www.europesays.com\/fr\/wp-json\/wp\/v2\/media\/42126"}],"wp:attachment":[{"href":"https:\/\/www.europesays.com\/fr\/wp-json\/wp\/v2\/media?parent=42125"}],"wp:term":[{"taxonomy":"category","embeddable":true,"href":"https:\/\/www.europesays.com\/fr\/wp-json\/wp\/v2\/categories?post=42125"},{"taxonomy":"post_tag","embeddable":true,"href":"https:\/\/www.europesays.com\/fr\/wp-json\/wp\/v2\/tags?post=42125"}],"curies":[{"name":"wp","href":"https:\/\/api.w.org\/{rel}","templated":true}]}}