{"id":421252,"date":"2025-09-27T11:18:18","date_gmt":"2025-09-27T11:18:18","guid":{"rendered":"https:\/\/www.europesays.com\/fr\/421252\/"},"modified":"2025-09-27T11:18:18","modified_gmt":"2025-09-27T11:18:18","slug":"et-si-cetait-leur-plus-grande-force","status":"publish","type":"post","link":"https:\/\/www.europesays.com\/fr\/421252\/","title":{"rendered":"et si c\u2019\u00e9tait leur plus grande force ?"},"content":{"rendered":"<p>Rappelez-vous, nous sommes en 2019 et Avengers\u00a0: Endgame vient de battre des records dans les cin\u00e9mas du monde. Le dernier film de l\u2019\u00e9curie Marvel a prouv\u00e9 la toute-puissance des superh\u00e9ros au box-office. Mais entre deux sorties chez Marvel et DC, des petits nouveaux font une arriv\u00e9e fracassante. Sur Prime Video, <a href=\"https:\/\/www.journaldugeek.com\/2025\/07\/28\/gen-v-la-saison-2-sera-essentielle-pour-le-final-de-the-boys\/\" target=\"_blank\" rel=\"noopener\">The Boys<\/a> <strong>fait de sa singularit\u00e9 sa plus grande force<\/strong>, et ce, d\u00e8s les premiers instants.<\/p>\n<p>La petite amie du personnage principal, Hughie, est r\u00e9duite en charpie par un justicier accro aux drogues, la copie \u00e0 peine d\u00e9guis\u00e9e de Superman est un psychopathe et un symbole de la mont\u00e9e en puissance du fascisme. Tout dans l\u2019adaptation des comics de Garth Ennis sonne comme <strong>un doigt d\u2019honneur aux superh\u00e9ros politiquement corrects<\/strong> qui envahissent r\u00e9guli\u00e8rement les salles obscures.<\/p>\n<p> Miroir d\u00e9formant <\/p>\n<p>The Boys se paie la t\u00eate de tout le monde, de l\u2019industrie cin\u00e9matographique en premier lieu, mais aussi et surtout des \u00c9tats-Unis plus polaris\u00e9s que jamais, entre les mains des industriels et des magnats de la finance. En explorant les coulisses de Vought dans ses premi\u00e8res saisons, la s\u00e9rie d\u2019Eric Kripke offre un miroir d\u00e9formant de nos soci\u00e9t\u00e9s capitalistes.<\/p>\n<p>Les effusions de sang et les sc\u00e8nes explicites servent <strong>\u00e0 passer notre \u00e9poque au microscope<\/strong>\u2026 aid\u00e9 par les ficelles sc\u00e9naristiques qu\u2019offre le genre. Dans<a href=\"https:\/\/www.journaldugeek.com\/critique\/critique-gen-v-saison-2-la-petite-soeur-fait-elle-desormais-mieux-que-les-boys\/\" target=\"_blank\" rel=\"noopener\"> Gen V<\/a> \u2014 spin-off consacr\u00e9 \u00e0 des \u00e9tudiants \u2014 les pouvoirs permettent cette fois de changer d\u2019\u00e9chelle et d\u2019\u00e9voquer des th\u00e9matiques plus humaines. Elles prennent vie\u2026 litt\u00e9ralement.<\/p>\n<p> Les humains sous la loupe de la fiction <\/p>\n<p>Selon Maddie Phillips, qui campe Cate Dunlap dans la s\u00e9rie, l\u2019approche est tout de m\u00eame diff\u00e9rente en \u00e7a qu\u2019elle se concentre moins sur les coulisses du pouvoir que sur la r\u00e9ponse des citoyens et les interactions entre les humains.<\/p>\n<blockquote>\n<p>\u201cNotre s\u00e9rie le fait de mani\u00e8re plus zoom\u00e9e, en montrant comment <strong>les gens interagissent dans nos soci\u00e9t\u00e9s<\/strong>. Les deux s\u00e9ries refl\u00e8tent le monde de mani\u00e8re int\u00e9ressante, mais je pense que notre s\u00e9rie est plus accessible aux jeunes spectateurs. C\u2019est une porte d\u2019entr\u00e9e plus digeste, ensuite ils peuvent aller voir The Boys pour le c\u00f4t\u00e9 plus sombre, plus lourd et important\u201d.<\/p>\n<\/blockquote>\n<p> <img loading=\"lazy\" decoding=\"async\" class=\"size-full wp-image-50574011\" src=\"https:\/\/www.europesays.com\/fr\/wp-content\/uploads\/2025\/09\/gen-v-cate-dunlap.jpg\" alt=\"Gen V Cate Dunlap\" width=\"1920\" height=\"1280\"  \/>\u00a9 Prime Video <\/p>\n<p>Le cas du personnage de Jordan Li, qui peut changer son apparence et son genre \u00e0 loisir, retranscrit parfaitement la tonalit\u00e9 de la s\u00e9rie. Au travers de son parcours, Gen V peut \u00e9voquer la question des personnes trans aux \u00c9tats-Unis et dans le reste du monde, \u00e0 une heure o\u00f9 leurs droits sont plus menac\u00e9s que jamais.\u00a0Pour London et Derek Luh, qui campent le personnage, le travail des sc\u00e9naristes rend ces h\u00e9ros aussi pertinents. \u201cNous avons beaucoup de chance de les avoir. C\u2019est une repr\u00e9sentation unique et dynamique\u201d.\u00a0<\/p>\n<p>Le parcours de Marie met aussi en lumi\u00e8re<strong> la place des jeunes femmes noires<\/strong>, entre porte-\u00e9tendard de la diversit\u00e9 et \u00e9ternelles laiss\u00e9es pour compte. Son pouvoir sert aussi \u00e0 \u00e9voquer le tabou de la sexualit\u00e9 f\u00e9minine, ses premi\u00e8res menstruations d\u00e9clenchent une s\u00e9rie d\u2019\u00e9v\u00e9nements dramatiques et traumatiques que la s\u00e9rie continuera d\u2019explorer tout au long de la premi\u00e8re et la deuxi\u00e8me saison.<\/p>\n<blockquote>\n<p>\u201cMarie est une outsider classique. Si l\u2019on parle des structures de pouvoirs existantes, rien n\u2019est fait pour qu\u2019elle gagne. Le fait qu\u2019elle ait ces pouvoirs rend sa r\u00e9ussite ind\u00e9niable et je pense que \u00e7a la met dans une position int\u00e9ressante\u201d.<\/p>\n<\/blockquote>\n<p>La s\u00e9rie adapte ainsi les sch\u00e9mas classiques du genre pour mieux les d\u00e9tourner, avec un regard sinistre qui sied particuli\u00e8rement bien \u00e0 la franchise.<\/p>\n<p> Espace de libert\u00e9 <\/p>\n<p>Mais si Gen V est si politique, c\u2019est aussi parce que le contexte donne aux sc\u00e9naristes un terrain de jeu in\u00e9dit. L\u2019Am\u00e9rique de The Boys n\u2019est pas l\u2019Am\u00e9rique contemporaine, c\u2019est une soci\u00e9t\u00e9 o\u00f9 les tensions sont exacerb\u00e9es et o\u00f9 les armes ont \u00e9t\u00e9 remplac\u00e9es par des superpouvoirs. Selon Asa Germann, qui campe Sam Riordan dans la s\u00e9rie, la fiction est une occasion r\u00eav\u00e9e d\u2019amplifier les th\u00e9matiques sociales de Gen V, de raconter notre monde autrement.<\/p>\n<blockquote>\n<p>\u201cIl y a une satire brillante dans la s\u00e9rie. C\u2019est un peu comme un sas de d\u00e9compression de plein de mani\u00e8res dans cette tension et cette pression que l\u2019on peut sentir quand on allume les infos. Il y a quelque chose de tr\u00e8s digeste \u00e0 regarder cette analogie, un monde qui ressemble au n\u00f4tre, mais qui est aussi diff\u00e9rent. On a l\u2019impression de pouvoir commenter \u00e0 peu pr\u00e8s tout ce que l\u2019on veut. Les Simpsons ont l\u2019air d\u2019\u00eatre les premiers \u00e0 avoir fait \u00e7a. Merci Matt Groening (rires)\u201d<\/p>\n<\/blockquote>\n<p> <img loading=\"lazy\" decoding=\"async\" class=\"size-full wp-image-50574012\" src=\"https:\/\/www.europesays.com\/fr\/wp-content\/uploads\/2025\/09\/gen-jordan-li.jpg\" alt=\"Gen Jordan Li\" width=\"1920\" height=\"1280\"  \/>\u00a9 Prime Video \u201cAllez regarder autre chose\u201d <\/p>\n<p>Mais voil\u00e0, m\u00eame si la s\u00e9rie reste le plus souvent \u00e9loign\u00e9e de la r\u00e9alit\u00e9 politique qui l\u2019inspire, certains spectateurs ont observ\u00e9 une mont\u00e9e en puissance de la satire au fil des saisons et des projets. C\u2019est particuli\u00e8rement vrai pour la saison 4 de The Boys, vivement critiqu\u00e9e sur les r\u00e9seaux sociaux pour certains des choix op\u00e9r\u00e9s par la narration.<\/p>\n<p>La r\u00e9v\u00e9lation de la bisexualit\u00e9 de Frenchie a d\u00e9clench\u00e9 une vague d\u2019indignation sur les r\u00e9seaux sociaux, certains arguant que la s\u00e9rie avait pris un<strong> \u201cvirage woke\u201d<\/strong> proche de son grand final. Erik Kripke, cr\u00e9ateur de The Boys, a \u00e9t\u00e9 interrog\u00e9 en juin 2024 par <a href=\"https:\/\/www.hollywoodreporter.com\/tv\/tv-features\/the-boys-showrunner-erik-kripke-interview-trumpism-1235914642\/\" target=\"_blank\" rel=\"noopener\">The Hollywood Reporter<\/a> apr\u00e8s cette controverse.<\/p>\n<p>Au micro de nos confr\u00e8res am\u00e9ricains, le sc\u00e9nariste expliquait avoir pr\u00e9sent\u00e9 le projet en 2016 alors que l\u2019id\u00e9e d\u2019un Donald Trump au pouvoir \u00e9tait saugrenue. \u201cLorsqu\u2019il a \u00e9t\u00e9 \u00e9lu, nous avons eu une m\u00e9taphore qui en disait long sur le monde actuel. Soudain, nous racontions une histoire sur le croisement entre c\u00e9l\u00e9brit\u00e9 et autoritarisme, et sur la mani\u00e8re dont les r\u00e9seaux sociaux sont utilis\u00e9s pour promouvoir le fascisme\u201d.<\/p>\n<p>Mais la s\u00e9rie a \u00e9t\u00e9 rattrap\u00e9e par la r\u00e9alit\u00e9. Si Kripke conc\u00e8de bien volontiers ne pas faire preuve de subtilit\u00e9, il invite ceux qui ne seraient pas s\u00e9duits par son approche \u00e0 se vouer \u00e0 d\u2019autres univers et mythologies. \u201cJ\u2019ai clairement un point de vue, et je n\u2019h\u00e9site pas \u00e0 l\u2019int\u00e9grer \u00e0 la s\u00e9rie. Si vous voulez qualifier la s\u00e9rie de woke ou autre, pas de probl\u00e8me. Allez regarder, autre chose. Mais je ne vais certainement pas m\u2019excuser ni retenir mes coups\u201d.<\/p>\n<p>Nous voil\u00e0 pr\u00e9venus. Reste \u00e0 voir maintenant si Gen V r\u00e9ussira \u00e0 se montrer aussi pertinente sur la dur\u00e9e que son ain\u00e9e. On serait tent\u00e9 de dire que c\u2019est d\u00e9j\u00e0 largement le cas\u2026 Et puis, l\u2019adaptation des comics de Garth Ennis a d\u00e9j\u00e0 trouv\u00e9 son public, parmi celles et ceux qui veulent d\u00e9couvrir des s\u00e9ries engag\u00e9es et politiques.<\/p>\n<p>\u00c0 une heure o\u00f9 Marvel tourne inlassablement autour du pot, refusant d\u2019utiliser son nouveau Captain America pour raconter les \u00c9tats-Unis contemporains, le courage de The Boys et Gen V de prendre ces questions \u00e0 bras le corps m\u00e9rite<a href=\"https:\/\/www.journaldugeek.com\/critique\/critique-gen-v-saison-2-la-petite-soeur-fait-elle-desormais-mieux-que-les-boys\/\" target=\"_blank\" rel=\"noopener\"> d\u2019\u00eatre salu\u00e9<\/a>. M\u00eame DC a franchi le pas avec son<a href=\"https:\/\/www.journaldugeek.com\/2025\/08\/26\/superman-roi-de-2025-oui-mais-il-ny-pas-de-quoi-se-rejouir\/\" target=\"_blank\" rel=\"noopener\"> Superman<\/a>, sous la houlette d\u2019un James Gunn enfin tout \u00e0 fait libre de ses mouvements. Si cette prise de risque lui a valu quelques critiques, force est de constater qu\u2019au rayon des blockbusters estivaux, l\u2019homme d\u2019acier s\u2019en est finalement mieux sorti. <strong>Des superh\u00e9ros qui n\u2019ont pas peur de froisser,<\/strong> c\u2019est peut-\u00eatre tout ce que l\u2019on demandait\u2026<\/p>\n<p>    <a href=\"https:\/\/www.youtube.com\/user\/JournalduGeek?sub_confirmation=1\" target=\"_blank\" rel=\"nofollow noopener\"><br \/>\n        S&rsquo;abonner \u00e0 Journal du Geek<br \/>\n    <\/a> <\/p>\n<blockquote>\n<p class=\"text-base text-neutral-700 dark:text-neutral-300\">\ud83d\udfe3 Pour ne manquer aucune news sur le Journal du Geek, abonnez-vous sur <a href=\"https:\/\/news.google.com\/publications\/CAAqBwgKMNr_hAswwYyCAw?hl=fr&amp;gl=FR&amp;ceid=FR%3Afr\" target=\"_blank\" rel=\"noopener\">Google Actualit\u00e9s<\/a> et sur <a href=\"https:\/\/whatsapp.com\/channel\/0029VaClM5y4tRry12tb7D2h\" target=\"_blank\" rel=\"noopener\">notre WhatsApp<\/a>. Et si vous nous adorez, on a <a href=\"https:\/\/www.journaldugeek.com\/newsletter\/\" target=\"_blank\" rel=\"noopener\">une newsletter tous les matins<\/a>.<\/p>\n<\/blockquote>\n","protected":false},"excerpt":{"rendered":"Rappelez-vous, nous sommes en 2019 et Avengers\u00a0: Endgame vient de battre des records dans les cin\u00e9mas du monde.&hellip;\n","protected":false},"author":2,"featured_media":421253,"comment_status":"","ping_status":"","sticky":false,"template":"","format":"standard","meta":{"footnotes":""},"categories":[1354],"tags":[518,58,59,1346,1011,27,50622,1360,55056],"class_list":{"0":"post-421252","1":"post","2":"type-post","3":"status-publish","4":"format-standard","5":"has-post-thumbnail","7":"category-films","8":"tag-amazon-prime-video","9":"tag-divertissement","10":"tag-entertainment","11":"tag-films","12":"tag-fr","13":"tag-france","14":"tag-gen-v","15":"tag-movies","16":"tag-the-boys"},"share_on_mastodon":{"url":"https:\/\/pubeurope.com\/@fr\/115275989330495038","error":""},"_links":{"self":[{"href":"https:\/\/www.europesays.com\/fr\/wp-json\/wp\/v2\/posts\/421252","targetHints":{"allow":["GET"]}}],"collection":[{"href":"https:\/\/www.europesays.com\/fr\/wp-json\/wp\/v2\/posts"}],"about":[{"href":"https:\/\/www.europesays.com\/fr\/wp-json\/wp\/v2\/types\/post"}],"author":[{"embeddable":true,"href":"https:\/\/www.europesays.com\/fr\/wp-json\/wp\/v2\/users\/2"}],"replies":[{"embeddable":true,"href":"https:\/\/www.europesays.com\/fr\/wp-json\/wp\/v2\/comments?post=421252"}],"version-history":[{"count":0,"href":"https:\/\/www.europesays.com\/fr\/wp-json\/wp\/v2\/posts\/421252\/revisions"}],"wp:featuredmedia":[{"embeddable":true,"href":"https:\/\/www.europesays.com\/fr\/wp-json\/wp\/v2\/media\/421253"}],"wp:attachment":[{"href":"https:\/\/www.europesays.com\/fr\/wp-json\/wp\/v2\/media?parent=421252"}],"wp:term":[{"taxonomy":"category","embeddable":true,"href":"https:\/\/www.europesays.com\/fr\/wp-json\/wp\/v2\/categories?post=421252"},{"taxonomy":"post_tag","embeddable":true,"href":"https:\/\/www.europesays.com\/fr\/wp-json\/wp\/v2\/tags?post=421252"}],"curies":[{"name":"wp","href":"https:\/\/api.w.org\/{rel}","templated":true}]}}