{"id":421258,"date":"2025-09-27T11:21:12","date_gmt":"2025-09-27T11:21:12","guid":{"rendered":"https:\/\/www.europesays.com\/fr\/421258\/"},"modified":"2025-09-27T11:21:12","modified_gmt":"2025-09-27T11:21:12","slug":"idiote-benjamin-castaldi-repond-a-son-tour-a-la-realisatrice-du-film-sur-ses-grands-parents","status":"publish","type":"post","link":"https:\/\/www.europesays.com\/fr\/421258\/","title":{"rendered":"\u00ab\u00a0Idiote\u00a0\u00bb, Benjamin Castaldi r\u00e9pond \u00e0 son tour \u00e0 la r\u00e9alisatrice du film sur ses grands-parents"},"content":{"rendered":"<p>      R\u00e9sum\u00e9<\/p>\n<p>Benjamin Castaldi critique vivement le film inspir\u00e9 de la vie de ses grands-parents, d\u00e9non\u00e7ant une vision d\u00e9form\u00e9e et une interpr\u00e9tation biais\u00e9e de leur histoire.<\/p>\n<p>        Sommaire<\/p>\n<p>A l&rsquo;approche de la date fatidique, Benjamin Castaldi fulmine. Depuis plusieurs mois, l&rsquo;animateur se bat contre <strong>Diane Kurys, la r\u00e9alisatrice du film Moi qui t&rsquo;aimais<\/strong> librement inspir\u00e9 de la vie de ses grands-parents. C&rsquo;est ce mercredi 1er octobre justement que le biopic, port\u00e9 par <strong>Marina Fo\u00efs et Roschdy Zem<\/strong>, sort en salles. Il retrace les douze derni\u00e8res ann\u00e9es de vie commune de Simone Signoret et Yves Montand, couple star du cin\u00e9ma fran\u00e7ais, ic\u00f4nes de toute une g\u00e9n\u00e9ration.<\/p>\n<p>Mais si Benjamin Castaldi a jug\u00e9 bon d&rsquo;\u00e9crire tout un roman sur ses grands-parents, baptis\u00e9 Je vous ai tant aim\u00e9s aux \u00e9ditions du Rocher en 2021, <strong>le projet de Diane Kurys ne le ravit pas du tout<\/strong>. Il estime que l&rsquo;histoire de ses grands-parents a \u00e9t\u00e9 d\u00e9form\u00e9e par la r\u00e9alisatrice. Dans les colonnes de Paris Match il y a quelques mois, <strong>il avait publi\u00e9 une lettre ouverte vitriol\u00e9e<\/strong>, dans laquelle il disait tout le mal qu&rsquo;il pensait du travail r\u00e9alis\u00e9 par la professionnelle de 76 ans.<\/p>\n<p>Un conflit qui ne date pas d&rsquo;hier<\/p>\n<p>\u00ab\u00a0Fiction paresseuse b\u00e2tie sur des figures d\u00e9form\u00e9es\u00a0\u00bb, Moi qui t&rsquo;aimais est pour Benjamin Castaldi une \u00ab\u00a0imposture\u00a0\u00bb cin\u00e9matographique. Selon-lui, <a href=\"https:\/\/www.public.fr\/jai-ete-trahi-benjamin-castaldi-ecoeure-atomise-comme-jamais-un-film-a-venir-sur-ses-grands-parents-simone-signoret-et-yves-montand\" target=\"_blank\" rel=\"noopener\">le film \u00ab\u00a0efface, r\u00e9invente et instrumentalise\u00a0\u00bb ses grands-parents<\/a>. Il r\u00e9duirait sa grand-m\u00e8re, Simone Signoret, au rang de \u00ab\u00a0victime silencieuse\u00a0\u00bb, et<strong> son grand-p\u00e8re adoptif, Yves Montand, \u00e0 celui de \u00ab\u00a0pr\u00e9dateur manipulateur\u00a0\u00bb<\/strong>. Une lecture trop contemporaine et manich\u00e9enne de leur histoire d&rsquo;amour, influenc\u00e9e par #MeToo\u2026<\/p>\n<p>A l&rsquo;approche de la sortie, et alors que Marina Fo\u00efs et Roschdy Zem encha\u00eenent les plateaux t\u00e9l\u00e9, <strong>Benjamin Castaldi enrage<\/strong>. Sur Instagram ce vendredi, l&rsquo;ex-chroniqueur de TPMP a r\u00e9pondu \u00e0 Diane Kurys, <a href=\"https:\/\/www.public.fr\/il-a-du-saider-de-chatgpt-pour-rediger-cela-benjamin-castaldi-humilie-par-une-celebre-realisatrice\" target=\"_blank\" rel=\"noopener\">qui l&rsquo;a accus\u00e9 dans une interview d&rsquo;utiliser ChatGPT<\/a> pour la tacler.<\/p>\n<p>Diane Kurys se serait tromp\u00e9e<\/p>\n<p>\u00ab\u00a0Diane Kurys croit me donner des le\u00e7ons en pr\u00e9tendant que je m\u2019appuie sur ChatGPT pour \u00e9crire mes textes. Ironie du sort : elle aurait d\u00fb en faire autant. Cela lui aurait \u00e9vit\u00e9 de signer une bourde grossi\u00e8re, <strong>en inventant une naissance \u00e0 Neuilly-sur-Seine pour Simone Signoret<\/strong>. Quand on ignore les faits les plus \u00e9l\u00e9mentaires, on se tait. <strong>Persister, c\u2019est \u00e9taler sa b\u00eatise au grand jour. Idiote<\/strong>\u00a0\u00bb a d&rsquo;abord \u00e9crit Benjamin Castaldi.<\/p>\n<p>Avant de poursuivre : \u00ab\u00a0Diane Kurys pense r\u00e9habiliter Simone et Yves en r\u00e9\u00e9crivant leur histoire ; en r\u00e9alit\u00e9, elle ne fait que projeter ses obsessions et ses fantasmes. La m\u00e9moire n\u2019est pas une p\u00e2te molle qu\u2019on malaxe au gr\u00e9 de ses id\u00e9es toutes faites. <strong>Ce qu\u2019elle livre n\u2019est pas une v\u00e9rit\u00e9 : c\u2019est une imposture<\/strong>\u00a0\u00bb a \u00e9crit\u00a0\u00bb. <a href=\"https:\/\/vsd.fr\/60795-cest-une-histoire-tres-compliquee-pour-elle-benjamin-castaldi-revient-sur-lavis-cash-de-sa-mere-sur-la-piece-bungalow-21\/\" target=\"_blank\" rel=\"noopener\">Le fils de Catherine All\u00e9gret et Jean-Pierre Castaldi<\/a> ne souhaite s\u00fbrement qu&rsquo;une chose : que le film sur ses grands-parents, <strong>au budget cons\u00e9quent de 13 millions d&rsquo;euros<\/strong>, soit un \u00e9chec commercial. Mais pour le savoir, il va falloir attendre quelques semaines&#8230;<\/p>\n<p><img loading=\"lazy\" decoding=\"async\" width=\"580\" height=\"1024\" src=\"https:\/\/www.europesays.com\/fr\/wp-content\/uploads\/2025\/09\/Capture-decran-2025-09-27-a-09.20.01-580x1024.png\" alt=\"Diane Kurys croit me donner des le\u00e7ons en pr\u00e9tendant que je m\u2019appuie sur ChatGPT pour \u00e9crire mes textes. Ironie du sort : elle aurait d\u00fb en faire autant. Cela lui aurait \u00e9vit\u00e9 de signer une bourde grossi\u00e8re, en inventant une naissance \u00e0 Neuilly-sur-Seine pour Simone Signoret. Quand on ignore les faits les plus \u00e9l\u00e9mentaires, on se tait. Persister, c\u2019est \u00e9taler sa b\u00eatise au grand jour. Idiote. Diane Kurys pense r\u00e9habiliter Simone et Yves en r\u00e9\u00e9crivant leur histoire ; en r\u00e9alit\u00e9, elle ne fait que projeter ses obsessions et ses fantasmes. La m\u00e9moire n\u2019est pas une p\u00e2te molle qu\u2019on malaxe au gr\u00e9 de ses id\u00e9es toutes faites. Ce qu\u2019elle livre n\u2019est pas une v\u00e9rit\u00e9 : c\u2019est une imposture.\"  \/><\/p>\n<p>INSTAGRAM BENJAMIN CASTALDI<\/p>\n<p>      Mentionn\u00e9s dans cet article<\/p>\n<p>      Sur le m\u00eame sujet<\/p>\n","protected":false},"excerpt":{"rendered":"R\u00e9sum\u00e9 Benjamin Castaldi critique vivement le film inspir\u00e9 de la vie de ses grands-parents, d\u00e9non\u00e7ant une vision d\u00e9form\u00e9e&hellip;\n","protected":false},"author":2,"featured_media":421259,"comment_status":"","ping_status":"","sticky":false,"template":"","format":"standard","meta":{"footnotes":""},"categories":[8],"tags":[6468,12232,58,59,31150,1011,27,21497,1062,31539,33825,33824],"class_list":{"0":"post-421258","1":"post","2":"type-post","3":"status-publish","4":"format-standard","5":"has-post-thumbnail","7":"category-divertissement","8":"tag-benjamin-castaldi","9":"tag-clash","10":"tag-divertissement","11":"tag-entertainment","12":"tag-film-francais","13":"tag-fr","14":"tag-france","15":"tag-marina-fois","16":"tag-polemique","17":"tag-roschdy-zem","18":"tag-simone-signoret","19":"tag-yves-montand"},"share_on_mastodon":{"url":"https:\/\/pubeurope.com\/@fr\/115276001662272446","error":""},"_links":{"self":[{"href":"https:\/\/www.europesays.com\/fr\/wp-json\/wp\/v2\/posts\/421258","targetHints":{"allow":["GET"]}}],"collection":[{"href":"https:\/\/www.europesays.com\/fr\/wp-json\/wp\/v2\/posts"}],"about":[{"href":"https:\/\/www.europesays.com\/fr\/wp-json\/wp\/v2\/types\/post"}],"author":[{"embeddable":true,"href":"https:\/\/www.europesays.com\/fr\/wp-json\/wp\/v2\/users\/2"}],"replies":[{"embeddable":true,"href":"https:\/\/www.europesays.com\/fr\/wp-json\/wp\/v2\/comments?post=421258"}],"version-history":[{"count":0,"href":"https:\/\/www.europesays.com\/fr\/wp-json\/wp\/v2\/posts\/421258\/revisions"}],"wp:featuredmedia":[{"embeddable":true,"href":"https:\/\/www.europesays.com\/fr\/wp-json\/wp\/v2\/media\/421259"}],"wp:attachment":[{"href":"https:\/\/www.europesays.com\/fr\/wp-json\/wp\/v2\/media?parent=421258"}],"wp:term":[{"taxonomy":"category","embeddable":true,"href":"https:\/\/www.europesays.com\/fr\/wp-json\/wp\/v2\/categories?post=421258"},{"taxonomy":"post_tag","embeddable":true,"href":"https:\/\/www.europesays.com\/fr\/wp-json\/wp\/v2\/tags?post=421258"}],"curies":[{"name":"wp","href":"https:\/\/api.w.org\/{rel}","templated":true}]}}