{"id":421260,"date":"2025-09-27T11:22:14","date_gmt":"2025-09-27T11:22:14","guid":{"rendered":"https:\/\/www.europesays.com\/fr\/421260\/"},"modified":"2025-09-27T11:22:14","modified_gmt":"2025-09-27T11:22:14","slug":"comment-une-equipe-internationale-a-perce-le-secret-electrique-de-la-glace","status":"publish","type":"post","link":"https:\/\/www.europesays.com\/fr\/421260\/","title":{"rendered":"comment une \u00e9quipe internationale a perc\u00e9 le secret \u00e9lectrique de la glace"},"content":{"rendered":"<p class=\"whitespace-normal break-words\"><strong>Pendant des<br \/>\nd\u00e9cennies, la glace a sembl\u00e9 \u00eatre l\u2019un des mat\u00e9riaux les plus<br \/>\npr\u00e9visibles de notre plan\u00e8te. Pourtant, des chercheurs viennent de<br \/>\nr\u00e9v\u00e9ler que chaque gla\u00e7on de votre verre poss\u00e8de des propri\u00e9t\u00e9s<br \/>\n\u00e9lectriques insoup\u00e7onn\u00e9es. Cette d\u00e9couverte remet en question tout<br \/>\nce que nous pensions savoir sur l\u2019eau solide et pourrait expliquer<br \/>\ncertains des ph\u00e9nom\u00e8nes les plus spectaculaires de la<br \/>\nnature.<\/strong><\/p>\n<p>Un myst\u00e8re<br \/>\nqui d\u00e9fie la physique classique<\/p>\n<p class=\"whitespace-normal break-words\">Les scientifiques se<br \/>\nheurtaient depuis longtemps \u00e0 une contradiction troublante. D\u2019un<br \/>\nc\u00f4t\u00e9, la th\u00e9orie pr\u00e9disait que la glace ne devrait pas pouvoir<br \/>\ng\u00e9n\u00e9rer d\u2019\u00e9lectricit\u00e9 spontan\u00e9ment. Les mol\u00e9cules d\u2019eau, bien<br \/>\nqu\u2019individuellement polaris\u00e9es, s\u2019organisent dans le cristal de<br \/>\nglace de mani\u00e8re \u00e0 s\u2019annuler mutuellement, rendant le mat\u00e9riau<br \/>\n\u00e9lectriquement neutre.<\/p>\n<p class=\"whitespace-normal break-words\">De l\u2019autre c\u00f4t\u00e9, la nature<br \/>\nsemblait ignorer ces pr\u00e9dictions. Les <a href=\"https:\/\/sciencepost.fr\/rechauffement-climatique-aggrave-orages-de-grele\/\" target=\"_blank\" rel=\"noopener nofollow\">orages<\/a> nous offrent<br \/>\nr\u00e9guli\u00e8rement le spectacle d\u2019\u00e9clairs n\u00e9s de collisions entre<br \/>\nparticules de glace charg\u00e9es \u00e9lectriquement. Comment expliquer<br \/>\ncette apparente violation des lois physiques ?<\/p>\n<p>L\u2019exp\u00e9rience qui change tout<\/p>\n<p class=\"whitespace-normal break-words\">Une \u00e9quipe internationale<br \/>\nregroupant l\u2019Institut Catalan de Nanosciences et Nanotechnologies,<br \/>\nl\u2019Universit\u00e9 Xi\u2019an Jiaotong et l\u2019Universit\u00e9 Stony Brook a d\u00e9cid\u00e9<br \/>\nd\u2019explorer une piste n\u00e9glig\u00e9e : la flexo\u00e9lectricit\u00e9. Contrairement<br \/>\naux m\u00e9canismes \u00e9lectriques classiques, cette propri\u00e9t\u00e9 peut<br \/>\ns\u2019exprimer dans des mat\u00e9riaux de toute sym\u00e9trie cristalline.<\/p>\n<p class=\"whitespace-normal break-words\">L\u2019exp\u00e9rience elle-m\u00eame<br \/>\n\u00e9tait d\u2019une simplicit\u00e9 d\u00e9sarmante. Les chercheurs ont plac\u00e9 une<br \/>\nplaque de glace entre deux \u00e9lectrodes m\u00e9talliques, puis l\u2019ont<br \/>\nsoumise \u00e0 diff\u00e9rentes d\u00e9formations. R\u00e9sultat : \u00e0 chaque flexion,<br \/>\n\u00e9tirement ou torsion, la glace g\u00e9n\u00e9rait un courant \u00e9lectrique<br \/>\nmesurable.<\/p>\n<p class=\"whitespace-normal break-words\">Plus surprenant encore,<br \/>\ncette capacit\u00e9 \u00e9lectrog\u00e8ne persistait \u00e0 toutes les temp\u00e9ratures<br \/>\ntest\u00e9es, depuis le point de fusion jusqu\u2019aux froids les plus<br \/>\nextr\u00eames.<\/p>\n<p>Une double<br \/>\npersonnalit\u00e9 \u00e9lectrique<\/p>\n<p class=\"whitespace-normal break-words\">La d\u00e9couverte ne s\u2019arr\u00eate<br \/>\npas l\u00e0. En poussant leurs exp\u00e9riences vers des temp\u00e9ratures<br \/>\nextr\u00eames, inf\u00e9rieures \u00e0 -113\u00b0C, les scientifiques ont observ\u00e9<br \/>\nl\u2019\u00e9mergence d\u2019une seconde propri\u00e9t\u00e9 \u00e9lectrique : la<br \/>\nferro\u00e9lectricit\u00e9.<\/p>\n<p class=\"whitespace-normal break-words\">\u00c0 ces temp\u00e9ratures<br \/>\nglaciales, une fine couche superficielle de la glace d\u00e9veloppe une<br \/>\npolarisation \u00e9lectrique naturelle, similaire \u00e0 celle d\u2019un aimant<br \/>\npermanent. Cette polarisation peut m\u00eame \u00eatre invers\u00e9e sous l\u2019effet<br \/>\nd\u2019un champ \u00e9lectrique externe, ouvrant des perspectives<br \/>\ntechnologiques inattendues.<\/p>\n<p class=\"whitespace-normal break-words\">Xin Wen, nanophysicien<br \/>\nprincipal de l\u2019\u00e9tude, r\u00e9sume cette dualit\u00e9 : \u00ab\u00a0La glace<br \/>\nposs\u00e8de non seulement une fa\u00e7on de produire de l\u2019\u00e9lectricit\u00e9, mais<br \/>\ndeux : la ferro\u00e9lectricit\u00e9 \u00e0 tr\u00e8s basse temp\u00e9rature et la<br \/>\nflexo\u00e9lectricit\u00e9 \u00e0 des temp\u00e9ratures plus \u00e9lev\u00e9es.\u00ab\u00a0<\/p>\n<p>Des<br \/>\nimplications qui d\u00e9passent le laboratoire<\/p>\n<p class=\"whitespace-normal break-words\">Cette r\u00e9v\u00e9lation place la<br \/>\nglace dans une cat\u00e9gorie de mat\u00e9riaux jusqu\u2019alors r\u00e9serv\u00e9e aux<br \/>\nc\u00e9ramiques \u00e9lectroniques avanc\u00e9es. Le dioxyde de titane, par<br \/>\nexemple, exploite des propri\u00e9t\u00e9s similaires dans nos capteurs et<br \/>\ncondensateurs modernes.<\/p>\n<p class=\"whitespace-normal break-words\">L\u2019impact de cette<br \/>\nd\u00e9couverte r\u00e9sonne particuli\u00e8rement dans notre compr\u00e9hension des<br \/>\nph\u00e9nom\u00e8nes m\u00e9t\u00e9orologiques. Les mesures effectu\u00e9es par l\u2019\u00e9quipe<br \/>\ncorrespondent \u00e9troitement aux \u00e9nergies \u00e9lectriques observ\u00e9es lors<br \/>\nde collisions de particules glac\u00e9es dans les nuages d\u2019orage. La<br \/>\nflexo\u00e9lectricit\u00e9 pourrait ainsi expliquer certains m\u00e9canismes de<br \/>\nformation des \u00e9clairs qui demeuraient myst\u00e9rieux.<\/p>\n<p class=\"whitespace-normal break-words\">Gustau Catal\u00e1n,<br \/>\nresponsable du groupe de recherche, souligne cette concordance :<br \/>\n\u00ab\u00a0Les r\u00e9sultats correspondent \u00e0 ceux observ\u00e9s lors de<br \/>\ncollisions glace-particules pendant les orages.\u00a0\u00bb<\/p>\n<p><img loading=\"lazy\" data-lazyloaded=\"1\" decoding=\"async\" class=\"size-full wp-image-253263\" src=\"https:\/\/www.europesays.com\/fr\/wp-content\/uploads\/2025\/09\/image-from-rawpixel-id-8752603-jpeg-scaled.jpg\" alt=\"\u00e9clair foudre ciel orage temp\u00eate glace\" width=\"2048\" height=\"1365\"  data-\/><br \/>\n\u00a9Public Domain PicturesVers une<br \/>\nnouvelle \u00e8re scientifique<\/p>\n<p class=\"whitespace-normal break-words\">Au-del\u00e0 des applications<br \/>\nimm\u00e9diates, cette recherche illustre parfaitement comment nos<br \/>\ncertitudes scientifiques peuvent \u00eatre remises en question. Un<br \/>\nmat\u00e9riau aussi familier que la glace rec\u00e8le encore des secrets<br \/>\nfondamentaux.<\/p>\n<p class=\"whitespace-normal break-words\">Les chercheurs envisagent<br \/>\nd\u00e9j\u00e0 de revisiter d\u2019autres processus naturels impliquant la glace,<br \/>\nsuspectant que la flexo\u00e9lectricit\u00e9 pourrait influencer des<br \/>\nph\u00e9nom\u00e8nes jusqu\u2019alors incompris.<\/p>\n<p class=\"whitespace-normal break-words\">Cette d\u00e9couverte, publi\u00e9e<br \/>\ndans la prestigieuse revue <a href=\"https:\/\/www.nature.com\/articles\/s41567-025-02995-6\" target=\"_blank\" rel=\"noopener nofollow\">Nature Physics<\/a>, transforme notre<br \/>\nperception de la glace : d\u2019un simple t\u00e9moin passif des conditions<br \/>\nclimatiques, elle devient un acteur \u00e9lectriquement actif de notre<br \/>\nenvironnement.<\/p>\n<p class=\"whitespace-normal break-words\">Qui aurait imagin\u00e9 qu\u2019un<br \/>\nsimple gla\u00e7on puisse r\u00e9volutionner notre compr\u00e9hension de la<br \/>\nmati\u00e8re ?<\/p>\n","protected":false},"excerpt":{"rendered":"Pendant des d\u00e9cennies, la glace a sembl\u00e9 \u00eatre l\u2019un des mat\u00e9riaux les plus pr\u00e9visibles de notre plan\u00e8te. Pourtant,&hellip;\n","protected":false},"author":2,"featured_media":421261,"comment_status":"","ping_status":"","sticky":false,"template":"","format":"standard","meta":{"footnotes":""},"categories":[7],"tags":[1011,27,43,40,41,39,42,44],"class_list":{"0":"post-421260","1":"post","2":"type-post","3":"status-publish","4":"format-standard","5":"has-post-thumbnail","7":"category-sciences-et-technologies","8":"tag-fr","9":"tag-france","10":"tag-science","11":"tag-science-and-technology","12":"tag-sciences","13":"tag-sciences-et-technologies","14":"tag-technologies","15":"tag-technology"},"share_on_mastodon":{"url":"https:\/\/pubeurope.com\/@fr\/115276005508587818","error":""},"_links":{"self":[{"href":"https:\/\/www.europesays.com\/fr\/wp-json\/wp\/v2\/posts\/421260","targetHints":{"allow":["GET"]}}],"collection":[{"href":"https:\/\/www.europesays.com\/fr\/wp-json\/wp\/v2\/posts"}],"about":[{"href":"https:\/\/www.europesays.com\/fr\/wp-json\/wp\/v2\/types\/post"}],"author":[{"embeddable":true,"href":"https:\/\/www.europesays.com\/fr\/wp-json\/wp\/v2\/users\/2"}],"replies":[{"embeddable":true,"href":"https:\/\/www.europesays.com\/fr\/wp-json\/wp\/v2\/comments?post=421260"}],"version-history":[{"count":0,"href":"https:\/\/www.europesays.com\/fr\/wp-json\/wp\/v2\/posts\/421260\/revisions"}],"wp:featuredmedia":[{"embeddable":true,"href":"https:\/\/www.europesays.com\/fr\/wp-json\/wp\/v2\/media\/421261"}],"wp:attachment":[{"href":"https:\/\/www.europesays.com\/fr\/wp-json\/wp\/v2\/media?parent=421260"}],"wp:term":[{"taxonomy":"category","embeddable":true,"href":"https:\/\/www.europesays.com\/fr\/wp-json\/wp\/v2\/categories?post=421260"},{"taxonomy":"post_tag","embeddable":true,"href":"https:\/\/www.europesays.com\/fr\/wp-json\/wp\/v2\/tags?post=421260"}],"curies":[{"name":"wp","href":"https:\/\/api.w.org\/{rel}","templated":true}]}}