{"id":42127,"date":"2025-04-21T18:38:10","date_gmt":"2025-04-21T18:38:10","guid":{"rendered":"https:\/\/www.europesays.com\/fr\/42127\/"},"modified":"2025-04-21T18:38:10","modified_gmt":"2025-04-21T18:38:10","slug":"lucas-coenen-vainqueur-de-son-premier-grand-prix-en-mxgp-je-suis-sans-voix","status":"publish","type":"post","link":"https:\/\/www.europesays.com\/fr\/42127\/","title":{"rendered":"Lucas Coenen vainqueur de son premier Grand Prix en MXGP: \u00ab\u00a0Je suis sans voix\u00a0\u00bb"},"content":{"rendered":"<p class=\"ap-StoryElement ap-StoryElement--mb ap-StoryText\">\u00ab\u00a0C&rsquo;est un tr\u00e8s bon week-end et cette victoire fait tr\u00e8s plaisir parce que beaucoup doutaient de moi en disant notamment que je chute tout le temps. Mais je savais que mon heure viendrait\u00a0\u00bb, a ajout\u00e9 Lucas Coenen \u00e0 sa sortie du podium. \u00ab\u00a0Cela a \u00e9t\u00e9 dur, mais j&rsquo;ai montr\u00e9 ce que je pouvais faire. Je remporte les deux manches. C&rsquo;est seulement un Grand Prix, mais je l&rsquo;ai gagn\u00e9. Je n&rsquo;ai que 18 ans, je suis super heureux, c&rsquo;est la premi\u00e8re fois que je gagne. Je ne remercierai jamais assez mon \u00e9quipe pour son soutien. Aujourd&rsquo;hui, c&rsquo;\u00e9tait mon jour.\u00a0\u00bb<\/p>\n<p class=\"ap-StoryElement ap-StoryElement--mb ap-StoryText\">Leader au championnat du monde, le Slov\u00e8ne Tim Gajser (Honda) a en effet chut\u00e9 lourdement en d\u00e9but de seconde manche et a \u00e9t\u00e9 contraint \u00e0 l&rsquo;abandon, visiblement touch\u00e9 \u00e0 l&rsquo;\u00e9paule droite.<\/p>\n<p><img loading=\"lazy\" decoding=\"async\" class=\"w-full lazyload lazyload--opacity object-contain\" style=\"aspect-ratio:150 \/ 100;opacity:1\" alt=\"MXGP\/MX2 - GP de Suisse - Lucas Coenen vainqueur de son premier Grand Prix en MXGP: &quot;je suis sans voix&quot;\" width=\"512\" height=\"341\" fetchpriority=\"auto\" src=\"https:\/\/www.europesays.com\/fr\/wp-content\/uploads\/2025\/04\/1743819792_235_S5VKD3X55FFF3BW6V4SEHXNP7I.png\"  data- data-optimumx=\"1\"\/>MXGP\/MX2 &#8211; GP de Suisse &#8211; Lucas Coenen vainqueur de son premier Grand Prix en MXGP: \u00ab\u00a0je suis sans voix\u00a0\u00bb<\/p>\n","protected":false},"excerpt":{"rendered":"\u00ab\u00a0C&rsquo;est un tr\u00e8s bon week-end et cette victoire fait tr\u00e8s plaisir parce que beaucoup doutaient de moi en&hellip;\n","protected":false},"author":2,"featured_media":42128,"comment_status":"","ping_status":"","sticky":false,"template":"","format":"standard","meta":{"footnotes":""},"categories":[1413],"tags":[828,1011,27,1457,7841,1456,60],"class_list":{"0":"post-42127","1":"post","2":"type-post","3":"status-publish","4":"format-standard","5":"has-post-thumbnail","7":"category-moto","8":"tag-belgique","9":"tag-fr","10":"tag-france","11":"tag-moto","12":"tag-motocross","13":"tag-motocycle","14":"tag-sports"},"share_on_mastodon":{"url":"https:\/\/pubeurope.com\/@fr\/114377412011540848","error":""},"_links":{"self":[{"href":"https:\/\/www.europesays.com\/fr\/wp-json\/wp\/v2\/posts\/42127","targetHints":{"allow":["GET"]}}],"collection":[{"href":"https:\/\/www.europesays.com\/fr\/wp-json\/wp\/v2\/posts"}],"about":[{"href":"https:\/\/www.europesays.com\/fr\/wp-json\/wp\/v2\/types\/post"}],"author":[{"embeddable":true,"href":"https:\/\/www.europesays.com\/fr\/wp-json\/wp\/v2\/users\/2"}],"replies":[{"embeddable":true,"href":"https:\/\/www.europesays.com\/fr\/wp-json\/wp\/v2\/comments?post=42127"}],"version-history":[{"count":0,"href":"https:\/\/www.europesays.com\/fr\/wp-json\/wp\/v2\/posts\/42127\/revisions"}],"wp:featuredmedia":[{"embeddable":true,"href":"https:\/\/www.europesays.com\/fr\/wp-json\/wp\/v2\/media\/42128"}],"wp:attachment":[{"href":"https:\/\/www.europesays.com\/fr\/wp-json\/wp\/v2\/media?parent=42127"}],"wp:term":[{"taxonomy":"category","embeddable":true,"href":"https:\/\/www.europesays.com\/fr\/wp-json\/wp\/v2\/categories?post=42127"},{"taxonomy":"post_tag","embeddable":true,"href":"https:\/\/www.europesays.com\/fr\/wp-json\/wp\/v2\/tags?post=42127"}],"curies":[{"name":"wp","href":"https:\/\/api.w.org\/{rel}","templated":true}]}}