{"id":421274,"date":"2025-09-27T11:32:12","date_gmt":"2025-09-27T11:32:12","guid":{"rendered":"https:\/\/www.europesays.com\/fr\/421274\/"},"modified":"2025-09-27T11:32:12","modified_gmt":"2025-09-27T11:32:12","slug":"a-la-seyne-jean-pierre-colin-simplique-dans-la-campagne","status":"publish","type":"post","link":"https:\/\/www.europesays.com\/fr\/421274\/","title":{"rendered":"A La Seyne, Jean-Pierre Colin s\u2019implique dans la campagne"},"content":{"rendered":"<p class=\"fs-5 \">\u00ab Ce n\u2019est pas une d\u00e9claration de candidature, tient-il d\u2019embl\u00e9e \u00e0 pr\u00e9ciser, c\u2019est la pr\u00e9sentation d\u2019une d\u00e9marche collective. \u00bb \u00c0 la t\u00eate d\u2019un groupe de quinze \u00e9lus qui ont quitt\u00e9 la majorit\u00e9 municipale de La Seyne (pour cause de d\u00e9saccord avec la ligne de l\u2019ex-maire Nathalie Bicais), Jean-Pierre Colin a lanc\u00e9 une \u00ab grande consultation \u00bb aupr\u00e8s des habitants en vue du scrutin de mars 2026. \u00ab On veut impulser un changement de m\u00e9thode, assure-t-il, avec plus d\u2019\u00e9coute et de clart\u00e9. Et comme je sais que les Seynois ont envie de s\u2019exprimer, on leur en donne la possibilit\u00e9. \u00bb<\/p>\n<p class=\"fs-5 \">Comment ? \u00ab On organise quarante r\u00e9unions \u00e0 domicile d\u2019ici \u00e0 la fin de l\u2019ann\u00e9e, ainsi que des rencontres sur le terrain, sur les march\u00e9s, jusqu\u2019\u00e0 fin novembre. On distribue des formulaires papier que les gens peuvent compl\u00e9ter de mani\u00e8re anonyme, ainsi qu\u2019un flyer avec un QR code pour acc\u00e9der \u00e0 un site sur lequel ils se connectent chez eux. \u00bb Sur ces questionnaires, figurent des items tels que la s\u00e9curit\u00e9, l\u2019\u00e9ducation, les imp\u00f4ts, le centre-ville, la piscine, le cin\u00e9ma, les installations sportives, les routes&#8230; \u00ab Autant de sujets sur lesquels il faudra se focaliser d\u00e8s le d\u00e9but du mandat \u00bb, estime Jean-Pierre Colin.<\/p>\n<p>                                                                                \u00ab Restaurer la confiance \u00bb<\/p>\n<p class=\"fs-5 \">\u00ab Avec un ma\u00eetre-mot, ajoute l\u2019ex-premier adjoint : la confiance qu\u2019il faut restaurer. Envers les \u00e9lus, qui doivent \u00eatre l\u00e0 pour servir et non pour se servir. Et envers les investisseurs priv\u00e9s afin de permettre le d\u00e9veloppement \u00e9conomique, car l\u2019argent public se fait rare. Pour autant, cela ne veut pas dire qu\u2019il ne faudra pas faire du social ; c\u2019est m\u00eame indispensable au regard de l\u2019importance du tissu associatif seynois qui structure la ville. Il faudra aussi faire une place, dans l\u2019Atelier m\u00e9canique, \u00e0 la m\u00e9moire industrielle de La Seyne dont les gens sont fiers, et arr\u00eater le d\u00e9veloppement urbanistique des collines. \u00bb<\/p>\n<p class=\"fs-5 \">S\u2019il veut que le futur programme \u00e9lectoral soit \u00ab au plus pr\u00e8s des attentes des Seynois \u00bb, Jean-Pierre Colin pr\u00e9cise qu\u2019en cas de victoire de son \u00e9quipe, \u00ab on ne d\u00e9tricotera pas tout ce qu\u2019ont fait nos pr\u00e9d\u00e9cesseurs ; sinon on n\u2019avance pas, on d\u00e9pense inutilement de l\u2019argent, et on manque de respect pour les choix qu\u2019ont fait les \u00e9lecteurs \u00bb.<\/p>\n<p>                                                                                \u00ab Un collectif rajeuni, comp\u00e9tent et ouvert \u00bb<\/p>\n<p class=\"fs-5 \">Cette \u00e9quipe, dont parle celui qui est aussi vice-pr\u00e9sident de la R\u00e9gion en charge des finances, il s\u2019agit d\u2019un \u00ab collectif forg\u00e9 au fil des ans ; rajeuni, comp\u00e9tent et ouvert (de la droite au centre gauche) afin de ne plus \u00eatre dans les logiques partisanes, mais apporter des projets concerts sans mentir ou proposer des choses impossibles comme le pont ou le tunnel pour traverser le port, car les sommes \u00e0 investir sont colossales alors que l\u2019argent public manque \u00bb.<\/p>\n<p class=\"fs-5 \">Aux c\u00f4t\u00e9s de Jean-Pierre Colin, on retrouve donc les quinze \u00e9lus du conseil municipal qui l\u2019ont suivi depuis pr\u00e8s de trois ans. \u00ab Ayant une activit\u00e9 au quotidien, ils sont tous ind\u00e9pendants de la politique. Ils sont rejoints par de jeunes Seynois qui ont envie de faire avancer leur ville. C\u2019est aussi une \u00e9quipe proche du pr\u00e9sident de la R\u00e9gion et du pr\u00e9sident du D\u00e9partement car La Seyne, qui est sous-dot\u00e9e par rapport \u00e0 son importance, a besoin du soutien de ces collectivit\u00e9s. \u00bb<\/p>\n<p class=\"fs-5 \">Ensuite, viendra le temps de voir \u00ab qui sera le mieux plac\u00e9 pour conduire la liste \u00bb. Mais d\u2019ici l\u00e0, la \u00ab consultation \u00bb aura permis de poser des bases programmatiques. Et en parall\u00e8le, une permanence \u00e9lectorale sera inaugur\u00e9e le 11 octobre sur l\u2019avenue Gambetta.<\/p>\n","protected":false},"excerpt":{"rendered":"\u00ab Ce n\u2019est pas une d\u00e9claration de candidature, tient-il d\u2019embl\u00e9e \u00e0 pr\u00e9ciser, c\u2019est la pr\u00e9sentation d\u2019une d\u00e9marche collective.&hellip;\n","protected":false},"author":2,"featured_media":421275,"comment_status":"","ping_status":"","sticky":false,"template":"","format":"standard","meta":{"footnotes":""},"categories":[9619],"tags":[1111,11,1777,674,1011,27,3434,12,882,25,2310],"class_list":{"0":"post-421274","1":"post","2":"type-post","3":"status-publish","4":"format-standard","5":"has-post-thumbnail","7":"category-toulon","8":"tag-actu","9":"tag-actualites","10":"tag-eu","11":"tag-europe","12":"tag-fr","13":"tag-france","14":"tag-municipales-2026","15":"tag-news","16":"tag-provence-alpes-cote-dazur","17":"tag-republique-francaise","18":"tag-toulon"},"share_on_mastodon":{"url":"https:\/\/pubeurope.com\/@fr\/115276045179575436","error":""},"_links":{"self":[{"href":"https:\/\/www.europesays.com\/fr\/wp-json\/wp\/v2\/posts\/421274","targetHints":{"allow":["GET"]}}],"collection":[{"href":"https:\/\/www.europesays.com\/fr\/wp-json\/wp\/v2\/posts"}],"about":[{"href":"https:\/\/www.europesays.com\/fr\/wp-json\/wp\/v2\/types\/post"}],"author":[{"embeddable":true,"href":"https:\/\/www.europesays.com\/fr\/wp-json\/wp\/v2\/users\/2"}],"replies":[{"embeddable":true,"href":"https:\/\/www.europesays.com\/fr\/wp-json\/wp\/v2\/comments?post=421274"}],"version-history":[{"count":0,"href":"https:\/\/www.europesays.com\/fr\/wp-json\/wp\/v2\/posts\/421274\/revisions"}],"wp:featuredmedia":[{"embeddable":true,"href":"https:\/\/www.europesays.com\/fr\/wp-json\/wp\/v2\/media\/421275"}],"wp:attachment":[{"href":"https:\/\/www.europesays.com\/fr\/wp-json\/wp\/v2\/media?parent=421274"}],"wp:term":[{"taxonomy":"category","embeddable":true,"href":"https:\/\/www.europesays.com\/fr\/wp-json\/wp\/v2\/categories?post=421274"},{"taxonomy":"post_tag","embeddable":true,"href":"https:\/\/www.europesays.com\/fr\/wp-json\/wp\/v2\/tags?post=421274"}],"curies":[{"name":"wp","href":"https:\/\/api.w.org\/{rel}","templated":true}]}}