{"id":421278,"date":"2025-09-27T11:34:14","date_gmt":"2025-09-27T11:34:14","guid":{"rendered":"https:\/\/www.europesays.com\/fr\/421278\/"},"modified":"2025-09-27T11:34:14","modified_gmt":"2025-09-27T11:34:14","slug":"des-adolescents-rackettes-et-frappes-dans-le-centre-commercial-odysseum","status":"publish","type":"post","link":"https:\/\/www.europesays.com\/fr\/421278\/","title":{"rendered":"des adolescents rackett\u00e9s et frapp\u00e9s dans le centre commercial Odysseum"},"content":{"rendered":"<p>            Par<br \/>\n        <strong><br \/>\n            <a href=\"https:\/\/actu.fr\/auteur\/jm-aubert\" title=\"Consulter tous les articles de Jean-Marc Aubert\" target=\"_blank\" rel=\"noopener\">Jean-Marc Aubert<\/a><br \/>\n        <\/strong><\/p>\n<p>        Publi\u00e9 le<\/p>\n<p>            27 sept. 2025 \u00e0 11h21        <\/p>\n<p>Des adolescents ont \u00e9t\u00e9 <strong>rackett\u00e9s et frapp\u00e9s<\/strong> dans le centre commercial <strong>Odysseum<\/strong>, \u00e0 <strong>Montpellier<\/strong>, ces derniers jours, par une bande de jeunes ayant un jeune adulte \u00e0 leur t\u00eate.<\/p>\n<p class=\" wall-content\">Deux affaires diff\u00e9rentes en plein jour et alors que le centre commercial \u00e9tait bond\u00e9, ont amen\u00e9 les <strong>agents de s\u00e9curit\u00e9<\/strong> et la <strong>police nationale<\/strong> \u00e0 intervenir sur ces violentes agressions commises en bandes organis\u00e9es. La premi\u00e8re concernait une dizaine de jeunes, tous mineurs, qui ont encercl\u00e9, amen\u00e9 \u00e0 l\u2019\u00e9cart des enseignes et malmen\u00e9 un adolescent pour le d\u00e9pouiller de sa casquette de marque tr\u00e8s pris\u00e9e, avant de s\u2019enfuir. La sc\u00e8ne s\u2019est d\u00e9roul\u00e9e Porte de la M\u00e9diterran\u00e9e, sur le boulevard T\u00e9l\u00e9maque.<\/p>\n<p>    <a href=\"https:\/\/www.google.com\/maps\/embed?pb=!1m18!1m12!1m3!1d3483.6248877242474!2d3.9172430170769865!3d43.60574896067369!2m3!1f0!2f0!3f0!3m2!1i1024!2i768!4f13.1!3m3!1m2!1s0x12b6a57ae94a4975%3A0x4aefffe966107fd2!2sCentre%20commercial%20Odysseum!5e0!3m2!1sfr!2sfr!4v1758953116718!5m2!1sfr!2sfr\" title=\"Ouvrie le lien\" target=\"_blank\" rel=\"noopener\">Cliquez ici pour visualiser le contenu<\/a><\/p>\n<p class=\" wall-content\">La seconde visait deux adolescents qui d\u00e9ambulaient tranquillement sur le site commercial, au niveau de la place de Lisbonne : ils ont \u00e9t\u00e9 abord\u00e9s par une dizaine de mineurs ayant \u00e0 leur t\u00eate un individu \u00e2g\u00e9 de 22 ans, domicili\u00e9 \u00e0 Dijon, les accusant d\u2019avoir dragu\u00e9 la soeur de l\u2019un d\u2019eux. Il ressort des investigations de la police nationale, rapidement sur place pour interpeller les racketteurs, qu\u2019il s\u2019agissait en r\u00e9alit\u00e9 d\u2019un fait imaginaire, un mensonge pour d\u00e9valiser l\u2019une des deux victimes de son t\u00e9l\u00e9phone portable.\u00a0<\/p>\n<p class=\" wall-content\">Le jeune adulte dijonnais, qui pr\u00e9sente d\u00e9j\u00e0 \u00e0 22 ans un casier judiciaire fort de nombreuses mentions notamment pour des violences volontaires et des menaces de mort, a \u00e9t\u00e9 conduit en garde \u00e0 vue au commissariat central. Les bandes des cam\u00e9ras de <strong>vid\u00e9osurveillance<\/strong> ont \u00e9t\u00e9 saisies.\u00a0<\/p>\n<p>Vid\u00e9os : en ce moment sur Actu<\/p>\n<p class=\" wall-content\">Ces deux affaires s\u2019ajoutent \u00e0 une agression similaire commise dimanche dernier sur le parking Ulysse du centre commercial, o\u00f9 deux ados \u00e2g\u00e9s de 15 ans ont \u00e9t\u00e9 jet\u00e9s \u00e0 terre et rou\u00e9s de coups pour leurs v\u00eatements et des objets de valeur par une bande de jeunes. Trois des agresseurs \u00e2g\u00e9s de 13 et 14 ans ont pu \u00eatre arr\u00eat\u00e9s.<\/p>\n<p>Voleur \u00e0 l\u2019\u00e9talage<\/p>\n<p class=\" wall-content\">Alors que la police nationale \u00e9tait sur place pour proc\u00e9der aux arrestations d\u2019une partie des auteurs, certains ayant pu quitter les lieux, les agents de de s\u00e9curit\u00e9 du centre commercial ont interpell\u00e9 un ressortissant alg\u00e9rien sous OQTF \u2013 Obligation de quitter le territoire fran\u00e7ais \u2013 qui venait de commettre un vol \u00e0 l\u2019\u00e9talage dans l\u2019enseigne de v\u00eatements Zara, place de Lisbonne, pour un montant d\u2019environ 50\u20ac.<\/p>\n<p class=\" wall-content\">Personnalisez votre actualit\u00e9 en ajoutant vos villes et m\u00e9dias en favori avec <a href=\"https:\/\/moncompte.actu.fr\" title=\"D\u00e9couvez Mon Actu\" rel=\"nofollow noopener\" data-trk=\"{&quot;cta&quot;:{&quot;action&quot;:&quot;https:\\\/\\\/moncompte.actu.fr&quot;,&quot;category&quot;:&quot;mon compte&quot;,&quot;from&quot;:&quot;article footer&quot;,&quot;name&quot;:&quot;Mon actu&quot;,&quot;type&quot;:&quot;cta&quot;}}\" target=\"_blank\">Mon Actu<\/a>.<\/p>\n","protected":false},"excerpt":{"rendered":"Par Jean-Marc Aubert Publi\u00e9 le 27 sept. 2025 \u00e0 11h21 Des adolescents ont \u00e9t\u00e9 rackett\u00e9s et frapp\u00e9s dans&hellip;\n","protected":false},"author":2,"featured_media":421279,"comment_status":"","ping_status":"","sticky":false,"template":"","format":"standard","meta":{"footnotes":""},"categories":[9599],"tags":[1111,11,215,1777,674,118,1011,27,2825,2208,12,2680,1072,25],"class_list":{"0":"post-421278","1":"post","2":"type-post","3":"status-publish","4":"format-standard","5":"has-post-thumbnail","7":"category-montpellier","8":"tag-actu","9":"tag-actualites","10":"tag-commerce","11":"tag-eu","12":"tag-europe","13":"tag-faits-divers","14":"tag-fr","15":"tag-france","16":"tag-insecurite","17":"tag-montpellier","18":"tag-news","19":"tag-occitanie","20":"tag-police","21":"tag-republique-francaise"},"share_on_mastodon":{"url":"","error":""},"_links":{"self":[{"href":"https:\/\/www.europesays.com\/fr\/wp-json\/wp\/v2\/posts\/421278","targetHints":{"allow":["GET"]}}],"collection":[{"href":"https:\/\/www.europesays.com\/fr\/wp-json\/wp\/v2\/posts"}],"about":[{"href":"https:\/\/www.europesays.com\/fr\/wp-json\/wp\/v2\/types\/post"}],"author":[{"embeddable":true,"href":"https:\/\/www.europesays.com\/fr\/wp-json\/wp\/v2\/users\/2"}],"replies":[{"embeddable":true,"href":"https:\/\/www.europesays.com\/fr\/wp-json\/wp\/v2\/comments?post=421278"}],"version-history":[{"count":0,"href":"https:\/\/www.europesays.com\/fr\/wp-json\/wp\/v2\/posts\/421278\/revisions"}],"wp:featuredmedia":[{"embeddable":true,"href":"https:\/\/www.europesays.com\/fr\/wp-json\/wp\/v2\/media\/421279"}],"wp:attachment":[{"href":"https:\/\/www.europesays.com\/fr\/wp-json\/wp\/v2\/media?parent=421278"}],"wp:term":[{"taxonomy":"category","embeddable":true,"href":"https:\/\/www.europesays.com\/fr\/wp-json\/wp\/v2\/categories?post=421278"},{"taxonomy":"post_tag","embeddable":true,"href":"https:\/\/www.europesays.com\/fr\/wp-json\/wp\/v2\/tags?post=421278"}],"curies":[{"name":"wp","href":"https:\/\/api.w.org\/{rel}","templated":true}]}}