{"id":421284,"date":"2025-09-27T11:37:15","date_gmt":"2025-09-27T11:37:15","guid":{"rendered":"https:\/\/www.europesays.com\/fr\/421284\/"},"modified":"2025-09-27T11:37:15","modified_gmt":"2025-09-27T11:37:15","slug":"lancien-president-du-fc-rouen-condamne-a-dix-mois-de-prison-avec-sursis-pour-fraude-et-fausses-factures","status":"publish","type":"post","link":"https:\/\/www.europesays.com\/fr\/421284\/","title":{"rendered":"L\u2019ancien pr\u00e9sident du FC Rouen condamn\u00e9 \u00e0 dix mois de prison avec sursis pour fraude et fausses factures"},"content":{"rendered":"<p>L\u2019ancien pr\u00e9sident du FC <a href=\"https:\/\/www.footmercato.net\/club\/fc-de-rouen-1899\/\" rel=\"nofollow noopener\" target=\"_blank\">Rouen<\/a>, Charles Maarek, a \u00e9t\u00e9 condamn\u00e9 ce jeudi \u00e0 10 mois de prison avec sursis pour abus de biens sociaux, pr\u00e9sentation de comptes annuels inexacts, et escroquerie. Au cours de l\u2019audience, Maarek n\u2019a pas manqu\u00e9 de se distinguer par ses phrases fleuries et son sens du spectacle. \u00ab Moi, dans la vie, je ne mets un genou \u00e0 terre que pour ramasser une fleur \u00bb, a-t-il lanc\u00e9, multipliant les r\u00e9f\u00e9rences \u00e0 la troisi\u00e8me personne et les apart\u00e9s face au public. Qualifi\u00e9 de \u00ab Bernard Tapie du <a href=\"https:\/\/www.footmercato.net\/france\/national\/\" rel=\"nofollow noopener\" target=\"_blank\">National<\/a> \u00bb, l\u2019homme de 54 ans a tent\u00e9 de se pr\u00e9senter comme victime d\u2019une enqu\u00eate \u00ab terriblement b\u00e2cl\u00e9e \u00bb, pointant notamment la pression subie par sa famille et les tags sur sa maison.<\/p>\n<p>            La suite apr\u00e8s cette publicit\u00e9<\/p>\n<p>Pourtant, derri\u00e8re les mots se cachent des chiffres inqui\u00e9tants. Apr\u00e8s avoir repris le club et atteint le National en 2023, un d\u00e9ficit de 400 000 euros a rapidement \u00e9t\u00e9 constat\u00e9, puis multipli\u00e9 par cinq lors de la cession de ses 72 % du club en 2024 \u00e0 Tarkan Ser. Les fausses factures, surfacturations et flux douteux entre ses soci\u00e9t\u00e9s ont fini par alerter le commissaire aux comptes, entra\u00eenant perquisitions et garde \u00e0 vue. Interrog\u00e9 sur son r\u00f4le, Maarek a insist\u00e9 : \u00ab je ne suis pas un homme de chiffres. Si votre expert-comptable et votre commissaire aux comptes vous disent de faire \u00e7a, vous le faites ? \u00bb Malgr\u00e9 ses arguments et ceux de son avocat, le procureur avait requis 12 mois avec sursis, soulignant la r\u00e9cidive. <a href=\"https:\/\/www.footmercato.net\/a350158855533036778-le-nouveau-president-de-rouen-vise-la-ligue-des-champions\" rel=\"nofollow noopener\" target=\"_blank\">L\u2019ancien pr\u00e9sident<\/a> a r\u00e9pliqu\u00e9 : \u00ab j\u2019ai apport\u00e9 beaucoup d\u2019argent au FC Rouen, bien trop\u2026 Je ne regrette rien. \u00bb<\/p>\n<p>\n    Pub. le 27\/09\/2025 12:52<br \/>\n            &#8211; MAJ le 27\/09\/2025 12:57\n    <\/p>\n","protected":false},"excerpt":{"rendered":"L\u2019ancien pr\u00e9sident du FC Rouen, Charles Maarek, a \u00e9t\u00e9 condamn\u00e9 ce jeudi \u00e0 10 mois de prison avec&hellip;\n","protected":false},"author":2,"featured_media":421285,"comment_status":"","ping_status":"","sticky":false,"template":"","format":"standard","meta":{"footnotes":""},"categories":[9587],"tags":[1111,11,1777,674,1011,27,12,5161,25,9590],"class_list":{"0":"post-421284","1":"post","2":"type-post","3":"status-publish","4":"format-standard","5":"has-post-thumbnail","7":"category-rouen","8":"tag-actu","9":"tag-actualites","10":"tag-eu","11":"tag-europe","12":"tag-fr","13":"tag-france","14":"tag-news","15":"tag-normandie","16":"tag-republique-francaise","17":"tag-rouen"},"share_on_mastodon":{"url":"https:\/\/pubeurope.com\/@fr\/115276064006289314","error":""},"_links":{"self":[{"href":"https:\/\/www.europesays.com\/fr\/wp-json\/wp\/v2\/posts\/421284","targetHints":{"allow":["GET"]}}],"collection":[{"href":"https:\/\/www.europesays.com\/fr\/wp-json\/wp\/v2\/posts"}],"about":[{"href":"https:\/\/www.europesays.com\/fr\/wp-json\/wp\/v2\/types\/post"}],"author":[{"embeddable":true,"href":"https:\/\/www.europesays.com\/fr\/wp-json\/wp\/v2\/users\/2"}],"replies":[{"embeddable":true,"href":"https:\/\/www.europesays.com\/fr\/wp-json\/wp\/v2\/comments?post=421284"}],"version-history":[{"count":0,"href":"https:\/\/www.europesays.com\/fr\/wp-json\/wp\/v2\/posts\/421284\/revisions"}],"wp:featuredmedia":[{"embeddable":true,"href":"https:\/\/www.europesays.com\/fr\/wp-json\/wp\/v2\/media\/421285"}],"wp:attachment":[{"href":"https:\/\/www.europesays.com\/fr\/wp-json\/wp\/v2\/media?parent=421284"}],"wp:term":[{"taxonomy":"category","embeddable":true,"href":"https:\/\/www.europesays.com\/fr\/wp-json\/wp\/v2\/categories?post=421284"},{"taxonomy":"post_tag","embeddable":true,"href":"https:\/\/www.europesays.com\/fr\/wp-json\/wp\/v2\/tags?post=421284"}],"curies":[{"name":"wp","href":"https:\/\/api.w.org\/{rel}","templated":true}]}}