{"id":421286,"date":"2025-09-27T11:38:12","date_gmt":"2025-09-27T11:38:12","guid":{"rendered":"https:\/\/www.europesays.com\/fr\/421286\/"},"modified":"2025-09-27T11:38:12","modified_gmt":"2025-09-27T11:38:12","slug":"des-opportunites-a-saisir-le-1er-octobre-a-grenoble","status":"publish","type":"post","link":"https:\/\/www.europesays.com\/fr\/421286\/","title":{"rendered":"des opportunit\u00e9s \u00e0 saisir le 1er \u00a0octobre \u00e0 Grenoble"},"content":{"rendered":"<p>En 2023, 250 candidats avaient tent\u00e9 leur chance. L\u2019<a href=\"https:\/\/www.ledauphine.com\/societe\/2024\/10\/03\/isere-salon-de-l-emploi-saisonnier-ils-viennent-de-toute-la-france-pour-travailler-dans-les-stations-de-ski\" target=\"_blank\" rel=\"noopener\">an dernier<\/a> ils \u00e9taient 370 \u00e0 vouloir travailler en station.<\/p>\n<p>Combien seront-ils cette ann\u00e9e \u00e0\u00a0pousser la porte du Salon emploi saisonnier de l\u2019Is\u00e8re\u00a0? Un certain nombre assur\u00e9ment puisque de tr\u00e8s nombreux postes sont \u00e0 pourvoir lors de ce job dating g\u00e9ant qui se tiendra mercredi 1er \u00a0octobre de 12\u00a0h\u00a030 \u00e0 17 heures \u00e0 Grenoble, au World trade center.<\/p>\n<p>Cet \u00e9v\u00e9nement, organis\u00e9 par l\u2019agence France Travail d\u2019\u00c9chirolles, en partenariat avec la R\u00e9gion Auvergne-Rh\u00f4ne-Alpes, les communaut\u00e9s de communes du Gr\u00e9sivaudan et de l\u2019Oisans, propose aux futures recrues des opportunit\u00e9s pour la prochaine saison dans divers secteurs\u00a0: remont\u00e9es m\u00e9caniques, centres de vacances, restaurants, cr\u00e8ches collectives, services techniques, magasins de sport\u2026<\/p>\n<p>Un bon moyen de rencontrer des dizaines de recruteurs potentiels et pourquoi pas de repartir directement, comme c\u2019est arriv\u00e9 l\u2019an dernier pour certains, avec un contrat.<\/p>\n<p class=\"note\">Salon saisonnier, mercredi 1er \u00a0octobre de 12\u00a0h\u00a030 \u00e0 17 heures \u00e0 Grenoble, au World trade center (place Robert-Schuman).<\/p>\n","protected":false},"excerpt":{"rendered":"En 2023, 250 candidats avaient tent\u00e9 leur chance. L\u2019an dernier ils \u00e9taient 370 \u00e0 vouloir travailler en station.&hellip;\n","protected":false},"author":2,"featured_media":421287,"comment_status":"","ping_status":"","sticky":false,"template":"","format":"standard","meta":{"footnotes":""},"categories":[9566],"tags":[1111,11,2430,214,112,113,114,341,1777,674,1011,27,2731,108,5324,12,25,801],"class_list":{"0":"post-421286","1":"post","2":"type-post","3":"status-publish","4":"format-standard","5":"has-post-thumbnail","7":"category-grenoble","8":"tag-actu","9":"tag-actualites","10":"tag-auvergne-rhone-alpes","11":"tag-chomage","12":"tag-edition-grenoble-agglomeration","13":"tag-edition-gresivaudan-oisans","14":"tag-edition-voiron-saint-marcellin","15":"tag-emploi","16":"tag-eu","17":"tag-europe","18":"tag-fr","19":"tag-france","20":"tag-grenoble","21":"tag-isere","22":"tag-montagne","23":"tag-news","24":"tag-republique-francaise","25":"tag-social"},"share_on_mastodon":{"url":"https:\/\/pubeurope.com\/@fr\/115276067898031551","error":""},"_links":{"self":[{"href":"https:\/\/www.europesays.com\/fr\/wp-json\/wp\/v2\/posts\/421286","targetHints":{"allow":["GET"]}}],"collection":[{"href":"https:\/\/www.europesays.com\/fr\/wp-json\/wp\/v2\/posts"}],"about":[{"href":"https:\/\/www.europesays.com\/fr\/wp-json\/wp\/v2\/types\/post"}],"author":[{"embeddable":true,"href":"https:\/\/www.europesays.com\/fr\/wp-json\/wp\/v2\/users\/2"}],"replies":[{"embeddable":true,"href":"https:\/\/www.europesays.com\/fr\/wp-json\/wp\/v2\/comments?post=421286"}],"version-history":[{"count":0,"href":"https:\/\/www.europesays.com\/fr\/wp-json\/wp\/v2\/posts\/421286\/revisions"}],"wp:featuredmedia":[{"embeddable":true,"href":"https:\/\/www.europesays.com\/fr\/wp-json\/wp\/v2\/media\/421287"}],"wp:attachment":[{"href":"https:\/\/www.europesays.com\/fr\/wp-json\/wp\/v2\/media?parent=421286"}],"wp:term":[{"taxonomy":"category","embeddable":true,"href":"https:\/\/www.europesays.com\/fr\/wp-json\/wp\/v2\/categories?post=421286"},{"taxonomy":"post_tag","embeddable":true,"href":"https:\/\/www.europesays.com\/fr\/wp-json\/wp\/v2\/tags?post=421286"}],"curies":[{"name":"wp","href":"https:\/\/api.w.org\/{rel}","templated":true}]}}