{"id":421288,"date":"2025-09-27T11:39:20","date_gmt":"2025-09-27T11:39:20","guid":{"rendered":"https:\/\/www.europesays.com\/fr\/421288\/"},"modified":"2025-09-27T11:39:20","modified_gmt":"2025-09-27T11:39:20","slug":"grenoble-au-tribunal-administratif-le-nombre-de-contentieux-explose","status":"publish","type":"post","link":"https:\/\/www.europesays.com\/fr\/421288\/","title":{"rendered":"Grenoble. Au tribunal administratif, le nombre de contentieux explose"},"content":{"rendered":"<p>Avec 10\u00a0042 affaires enregistr\u00e9es au 25\u00a0septembre\u00a02025 (contre 7\u00a0351 un an plus t\u00f4t, \u00e0 la m\u00eame date), le tribunal administratif de Grenoble, comp\u00e9tent sur les d\u00e9partements de la Dr\u00f4me, de l\u2019Is\u00e8re, de la Savoie et de la Haute-Savoie, \u00ab\u00a0conna\u00eet une explosion des entr\u00e9es\u00a0\u00bb, explique son pr\u00e9sident, Jean-Paul Wyss. \u00ab\u00a0Il y a une augmentation de tous les contentieux, sauf&#8230;<\/p>\n","protected":false},"excerpt":{"rendered":"Avec 10\u00a0042 affaires enregistr\u00e9es au 25\u00a0septembre\u00a02025 (contre 7\u00a0351 un an plus t\u00f4t, \u00e0 la m\u00eame date), le tribunal&hellip;\n","protected":false},"author":2,"featured_media":421289,"comment_status":"","ping_status":"","sticky":false,"template":"","format":"standard","meta":{"footnotes":""},"categories":[9566],"tags":[1111,11,2430,271,272,2730,115,112,113,116,111,114,1777,674,274,1011,27,2731,2732,4638,108,12,25,5508,104],"class_list":{"0":"post-421288","1":"post","2":"type-post","3":"status-publish","4":"format-standard","5":"has-post-thumbnail","7":"category-grenoble","8":"tag-actu","9":"tag-actualites","10":"tag-auvergne-rhone-alpes","11":"tag-crime","12":"tag-delit-et-contravention","13":"tag-drome","14":"tag-edition-bourgoin-jallieu-nord-dauphine","15":"tag-edition-grenoble-agglomeration","16":"tag-edition-gresivaudan-oisans","17":"tag-edition-la-tour-du-pin-nord-dauphine","18":"tag-edition-vienne-roussillon","19":"tag-edition-voiron-saint-marcellin","20":"tag-eu","21":"tag-europe","22":"tag-faits-divers-justice","23":"tag-fr","24":"tag-france","25":"tag-grenoble","26":"tag-grenoble-bassin","27":"tag-haute-savoie","28":"tag-isere","29":"tag-news","30":"tag-republique-francaise","31":"tag-savoie","32":"tag-societe"},"share_on_mastodon":{"url":"https:\/\/pubeurope.com\/@fr\/115276071975438118","error":""},"_links":{"self":[{"href":"https:\/\/www.europesays.com\/fr\/wp-json\/wp\/v2\/posts\/421288","targetHints":{"allow":["GET"]}}],"collection":[{"href":"https:\/\/www.europesays.com\/fr\/wp-json\/wp\/v2\/posts"}],"about":[{"href":"https:\/\/www.europesays.com\/fr\/wp-json\/wp\/v2\/types\/post"}],"author":[{"embeddable":true,"href":"https:\/\/www.europesays.com\/fr\/wp-json\/wp\/v2\/users\/2"}],"replies":[{"embeddable":true,"href":"https:\/\/www.europesays.com\/fr\/wp-json\/wp\/v2\/comments?post=421288"}],"version-history":[{"count":0,"href":"https:\/\/www.europesays.com\/fr\/wp-json\/wp\/v2\/posts\/421288\/revisions"}],"wp:featuredmedia":[{"embeddable":true,"href":"https:\/\/www.europesays.com\/fr\/wp-json\/wp\/v2\/media\/421289"}],"wp:attachment":[{"href":"https:\/\/www.europesays.com\/fr\/wp-json\/wp\/v2\/media?parent=421288"}],"wp:term":[{"taxonomy":"category","embeddable":true,"href":"https:\/\/www.europesays.com\/fr\/wp-json\/wp\/v2\/categories?post=421288"},{"taxonomy":"post_tag","embeddable":true,"href":"https:\/\/www.europesays.com\/fr\/wp-json\/wp\/v2\/tags?post=421288"}],"curies":[{"name":"wp","href":"https:\/\/api.w.org\/{rel}","templated":true}]}}