{"id":42129,"date":"2025-04-21T18:39:09","date_gmt":"2025-04-21T18:39:09","guid":{"rendered":"https:\/\/www.europesays.com\/fr\/42129\/"},"modified":"2025-04-21T18:39:09","modified_gmt":"2025-04-21T18:39:09","slug":"garde-a-vue-prolongee-pour-un-supporter-soupconne-du-jet-de-piece-sur-larbitre","status":"publish","type":"post","link":"https:\/\/www.europesays.com\/fr\/42129\/","title":{"rendered":"garde \u00e0 vue prolong\u00e9e pour un supporter soup\u00e7onn\u00e9 du jet de pi\u00e8ce sur l\u2019arbitre"},"content":{"rendered":"<p>Un supporter st\u00e9phanois a vu sa garde \u00e0 vue \u00eatre prolong\u00e9e lundi en fin de journ\u00e9e \u00e0 Saint-\u00c9tienne. Il est soup\u00e7onn\u00e9 d\u2019\u00eatre celui qui a jet\u00e9 une pi\u00e8ce sur un arbitre de touche lors du match contre Lyon.<\/p>\n<p class=\"fig-paragraph\">La garde \u00e0 vue d&rsquo;un supporter de l&rsquo;ASSE, soup\u00e7onn\u00e9 d&rsquo;avoir\u00a0<a href=\"http:\/\/www.lefigaro.fr\/sports\/football\/ligue-1\/ligue-1-un-arbitre-touche-par-un-projectile-le-derby-saint-etienne-lyon-interrompu-20250420\" data-fig-type=\"NewsFlash\" data-gtm-custom-categorie=\"navigation\" data-gtm-custom-action=\"crossclick\" data-gtm-custom-label=\"Contextuel\" data-gtm-event=\"customEventSPE\" data-fig-domain=\"LEFIGARO\" target=\"_blank\" rel=\"noopener\">jet\u00e9 une pi\u00e8ce de monnaie<\/a>\u00a0sur la t\u00eate d&rsquo;un arbitre de touche lors du derby contre l&rsquo;Olympique lyonnais dimanche soir, a \u00e9t\u00e9 prolong\u00e9e lundi en fin de journ\u00e9e, a indiqu\u00e9 le parquet de Saint-\u00c9tienne. Une d\u00e9cision sur les suites judiciaires le concernant sera prise mardi \u00e0 la mi-journ\u00e9e, a-t-on ajout\u00e9 de m\u00eame source.<\/p>\n<p class=\"fig-paragraph\">L&rsquo;homme de 28 ans, sans ant\u00e9c\u00e9dents judiciaires, a \u00e9t\u00e9 interpell\u00e9 par la police \u00e0 l&rsquo;int\u00e9rieur du stade Geoffroy-Guichard \u00e0 la fin de la rencontre\u00a0<a href=\"http:\/\/www.lefigaro.fr\/flash-sport\/saint-etienne-lyon-stassin-a-fait-tres-mal-a-l-ol-letexier-s-est-encore-trompe-l-entree-catastrophique-d-akouokou-les-tops-et-les-flops-20250421\" data-fig-type=\"NewsFlash\" data-gtm-custom-categorie=\"navigation\" data-gtm-custom-action=\"crossclick\" data-gtm-custom-label=\"Contextuel\" data-gtm-event=\"customEventSPE\" data-fig-domain=\"LEFIGARO\" target=\"_blank\" rel=\"noopener\">remport\u00e9e 2-1 par les Verts<\/a>, au pied de la Tribune Nord, fief des Magic Fans, ont expliqu\u00e9 des sources polici\u00e8re et judiciaire. Cet habitant de Saint-\u00c9tienne n&rsquo;appartient pas pour autant \u00e0 ce groupe de supporters ultras, a pr\u00e9cis\u00e9 \u00e0 l&rsquo;AFP une source proche du dossier.<\/p>\n<p>\u00abFormellement identifi\u00e9 par les cam\u00e9ras de vid\u00e9osurveillance\u00bb<\/p>\n<p class=\"fig-paragraph\">Son audition en garde \u00e0 vue dans le cadre de l&rsquo;enqu\u00eate ouverte pour \u00abviolence au sein d&rsquo;une enceinte sportive\u00bb vise \u00e0 d\u00e9terminer s&rsquo;il est l&rsquo;auteur du jet d&rsquo;une pi\u00e8ce de monnaie qui a atterri sur la t\u00eate d&rsquo;un arbitre adjoint de la rencontre, a expliqu\u00e9 \u00e0 l&rsquo;AFP le directeur interd\u00e9partemental de la police de la Loire, Yves Cellier. L&rsquo;incident a provoqu\u00e9 l&rsquo;arr\u00eat du match pendant 45 minutes environ.<\/p>\n<p class=\"fig-paragraph\"><strong>\u00c0 VOIR AUSSI \u2013<\/strong> Le joli but de Tanner Tessmann avec Lyon dans la d\u00e9faite \u00e0 Saint-\u00c9tienne le 20 avril dernier (2-1)<\/p>\n<p>\u00a0\u00bb<br \/>\n        data-script=\u00a0\u00bbhttps:\/\/static.lefigaro.fr\/widget-video\/short-ttl\/dugout\/index.js\u00a0\u00bb<br \/>\n    &gt;<\/p>\n<p class=\"fig-paragraph\">Ce supporter, qui pourrait encourir jusqu&rsquo;\u00e0 trois ans de prison et 45.000 euros d&rsquo;amende, a \u00e9t\u00e9 \u00abformellement identifi\u00e9 par les cam\u00e9ras de vid\u00e9osurveillance du stade en train de jeter un projectile\u00bb, a d\u00e9clar\u00e9 de son c\u00f4t\u00e9 le procureur adjoint de Saint-\u00c9tienne, Aur\u00e9lien Buffart. Le magistrat a ajout\u00e9 que les services de police avaient d\u00e9couvert au sol plusieurs pi\u00e8ces de monnaie \u00e0 l&rsquo;endroit o\u00f9 se trouvait l&rsquo;arbitre adjoint lorsqu&rsquo;il a \u00e9t\u00e9 touch\u00e9 \u00e0 la t\u00eate.<\/p>\n<p>Le club de Saint-\u00c9tienne va d\u00e9poser plainte<\/p>\n<p class=\"fig-paragraph\">\u00abNous d\u00e9poserons une plainte aujourd&rsquo;hui (lundi) ou demain et nous prendrons rapidement une mesure tr\u00e8s ferme d&rsquo;interdiction commerciale de stade \u00e0 l&rsquo;\u00e9gard de l&rsquo;auteur de cet acte\u00bb, a annonc\u00e9 de son c\u00f4t\u00e9 \u00e0 l&rsquo;AFP la direction du club st\u00e9phanois, r\u00e9affirmant son \u00abaction r\u00e9solue et efficace dans le traitement de cet acte individuel de violence\u00bb.<\/p>\n<p class=\"fig-paragraph\">L&rsquo;incident intervient alors que les Magic Fans et les Green Angels, autre groupe de supporters ultras du club, ont \u00e9t\u00e9\u00a0<a href=\"http:\/\/www.lefigaro.fr\/sports\/football\/foot-le-groupe-de-supporters-du-paris-fc-legion-x-vers-une-dissolution-les-magic-fans-et-les-green-angels-de-saint-etienne-pour-le-moment-epargnes-20250401\" data-fig-type=\"NewsFlash\" data-gtm-custom-categorie=\"navigation\" data-gtm-custom-action=\"crossclick\" data-gtm-custom-label=\"Contextuel\" data-gtm-event=\"customEventSPE\" data-fig-domain=\"LEFIGARO\" target=\"_blank\" rel=\"noopener\">sous la menace d&rsquo;une dissolution<\/a>\u00a0par les autorit\u00e9s, pour l&rsquo;heure \u00e9cart\u00e9e. Le maire de Saint-\u00c9tienne, Ga\u00ebl Perdriau (ex-LR), a d\u00e9plor\u00e9 sur Facebook \u00abun geste inadmissible (&#8230;) qui n&rsquo;a rien \u00e0 faire dans un stade\u00bb et s&rsquo;est f\u00e9licit\u00e9 de \u00abl&rsquo;installation de 250 cam\u00e9ras \u00e0 Geoffroy-Guichard gr\u00e2ce auxquelles l&rsquo;individu a pu \u00eatre rapidement identifi\u00e9\u00bb.<\/p>\n","protected":false},"excerpt":{"rendered":"Un supporter st\u00e9phanois a vu sa garde \u00e0 vue \u00eatre prolong\u00e9e lundi en fin de journ\u00e9e \u00e0 Saint-\u00c9tienne.&hellip;\n","protected":false},"author":2,"featured_media":42130,"comment_status":"","ping_status":"","sticky":false,"template":"","format":"standard","meta":{"footnotes":""},"categories":[1412],"tags":[444,525,1981,814,1451,2257,63,1452,1453,1454,1455,1011,27,3309,66,1307,955,1176,978,93,1980,4001,60],"class_list":{"0":"post-42129","1":"post","2":"type-post","3":"status-publish","4":"format-standard","5":"has-post-thumbnail","7":"category-f1","8":"tag-as-saint-etienne","9":"tag-calendrier","10":"tag-classement","11":"tag-direct","12":"tag-f1","13":"tag-foot","14":"tag-football","15":"tag-formula-1","16":"tag-formula1","17":"tag-formule-1","18":"tag-formule1","19":"tag-fr","20":"tag-france","21":"tag-l1","22":"tag-ligue-1","23":"tag-lille","24":"tag-match","25":"tag-olympique-de-marseille","26":"tag-olympique-lyonnais","27":"tag-psg","28":"tag-resultats","29":"tag-saint-etienne","30":"tag-sports"},"share_on_mastodon":{"url":"https:\/\/pubeurope.com\/@fr\/114377415964629190","error":""},"_links":{"self":[{"href":"https:\/\/www.europesays.com\/fr\/wp-json\/wp\/v2\/posts\/42129","targetHints":{"allow":["GET"]}}],"collection":[{"href":"https:\/\/www.europesays.com\/fr\/wp-json\/wp\/v2\/posts"}],"about":[{"href":"https:\/\/www.europesays.com\/fr\/wp-json\/wp\/v2\/types\/post"}],"author":[{"embeddable":true,"href":"https:\/\/www.europesays.com\/fr\/wp-json\/wp\/v2\/users\/2"}],"replies":[{"embeddable":true,"href":"https:\/\/www.europesays.com\/fr\/wp-json\/wp\/v2\/comments?post=42129"}],"version-history":[{"count":0,"href":"https:\/\/www.europesays.com\/fr\/wp-json\/wp\/v2\/posts\/42129\/revisions"}],"wp:featuredmedia":[{"embeddable":true,"href":"https:\/\/www.europesays.com\/fr\/wp-json\/wp\/v2\/media\/42130"}],"wp:attachment":[{"href":"https:\/\/www.europesays.com\/fr\/wp-json\/wp\/v2\/media?parent=42129"}],"wp:term":[{"taxonomy":"category","embeddable":true,"href":"https:\/\/www.europesays.com\/fr\/wp-json\/wp\/v2\/categories?post=42129"},{"taxonomy":"post_tag","embeddable":true,"href":"https:\/\/www.europesays.com\/fr\/wp-json\/wp\/v2\/tags?post=42129"}],"curies":[{"name":"wp","href":"https:\/\/api.w.org\/{rel}","templated":true}]}}