{"id":421295,"date":"2025-09-27T11:43:14","date_gmt":"2025-09-27T11:43:14","guid":{"rendered":"https:\/\/www.europesays.com\/fr\/421295\/"},"modified":"2025-09-27T11:43:14","modified_gmt":"2025-09-27T11:43:14","slug":"roberto-de-zerbi-felicite-ses-remplacants-ligue-1-j6-strasbourg-marseille-1-2","status":"publish","type":"post","link":"https:\/\/www.europesays.com\/fr\/421295\/","title":{"rendered":"Roberto De Zerbi f\u00e9licite ses rempla\u00e7ants &#8211; Ligue 1 &#8211; J6 &#8211; Strasbourg-Marseille (1-2)"},"content":{"rendered":"<p>S\u2019assoir sur un banc, ce n\u2019est pas toujours si simple.<\/p>\n<p>Car pour un joueur de football, cela signifie souvent de devoir rester pr\u00eat \u00e0 entrer \u00e0 tout moment pour se rendre important en quelques minutes et ainsi influencer le cours du match. <strong>Chose qu\u2019ont parfaitement r\u00e9ussie \u00e0 faire Benjamin Pavard ou Pierre-Emerick Aubameyang<\/strong> ce vendredi lors de la sixi\u00e8me journ\u00e9e de Ligue 1, le premier \u00e9tant passeur d\u00e9cisif pour <a target=\"_blank\" href=\"https:\/\/www.sofoot.com\/articles\/le-match-decisif-damir-murillo-lateral-panameen-de-lolympique-de-marseille-buteur-contre-strasbourg\" rel=\"nofollow noopener\">le but d\u00e9cisif d\u2019Amir Murillo<\/a> et le second signant l\u2019\u00e9galisation de l\u2019Olympique de Marseille pour lancer <a target=\"_blank\" href=\"https:\/\/www.sofoot.com\/articles\/en-ligue-1-marseille-renverse-strasbourg-dans-le-temps-additionnel-et-passe-provisoirement-leader\" rel=\"nofollow noopener\">la victoire des Phoc\u00e9ens \u00e0 Strasbourg<\/a>.<\/p>\n<p><strong>Leur entra\u00eeneur a d\u2019ailleurs tenu \u00e0 f\u00e9liciter les rempla\u00e7ants de son \u00e9quipe, Roberto De Zerbi s\u2019arr\u00eatant sur leur apport<\/strong> en conf\u00e9rence de presse : \u00ab\u202fJe pense que les entr\u00e9es en jeu d\u2019Aubameyang, Emerson, Greenwood, Vaz et Pavard ont tout chang\u00e9. Je suis vraiment tr\u00e8s, tr\u00e8s heureux. Sur cette partie, c\u2019est une victoire du club : ce sont vraiment les rempla\u00e7ants qui ont chang\u00e9 l\u2019\u00e9quilibre de la rencontre, et qui ont permis de remporter le match.\u202f\u00bb<\/p>\n<p>Le onze titulaire ne sera donc certainement pas le m\u00eame, lors de la prochaine rencontre\u2026<\/p>\n<p>\t\t\t\t\t\t\t\t\t\t<a class=\"lien-connexe\" href=\"https:\/\/www.sofoot.com\/breves\/ligue-1-apres-la-defaite-de-strasbourg-lentraineur-liam-rosenior-caresse-lolympique-de-marseille\" rel=\"nofollow noopener\" target=\"_blank\">Liam Rosenior caresse Marseille<\/a>\t\t\t\t\t<\/p>\n","protected":false},"excerpt":{"rendered":"S\u2019assoir sur un banc, ce n\u2019est pas toujours si simple. Car pour un joueur de football, cela signifie&hellip;\n","protected":false},"author":2,"featured_media":421296,"comment_status":"","ping_status":"","sticky":false,"template":"","format":"standard","meta":{"footnotes":""},"categories":[2820],"tags":[1111,47,11,61,69,65,64,1777,674,63,1011,27,775,68,66,12,62,70,25,67,640],"class_list":{"0":"post-421295","1":"post","2":"type-post","3":"status-publish","4":"format-standard","5":"has-post-thumbnail","7":"category-strasbourg","8":"tag-actu","9":"tag-actualite","10":"tag-actualites","11":"tag-actus-football","12":"tag-bundesliga","13":"tag-championnats-europeens","14":"tag-equipe-de-france","15":"tag-eu","16":"tag-europe","17":"tag-football","18":"tag-fr","19":"tag-france","20":"tag-grand-est","21":"tag-ligua","22":"tag-ligue-1","23":"tag-news","24":"tag-news-foot","25":"tag-premier-league","26":"tag-republique-francaise","27":"tag-serie-a","28":"tag-strasbourg"},"share_on_mastodon":{"url":"https:\/\/pubeurope.com\/@fr\/115276087567827207","error":""},"_links":{"self":[{"href":"https:\/\/www.europesays.com\/fr\/wp-json\/wp\/v2\/posts\/421295","targetHints":{"allow":["GET"]}}],"collection":[{"href":"https:\/\/www.europesays.com\/fr\/wp-json\/wp\/v2\/posts"}],"about":[{"href":"https:\/\/www.europesays.com\/fr\/wp-json\/wp\/v2\/types\/post"}],"author":[{"embeddable":true,"href":"https:\/\/www.europesays.com\/fr\/wp-json\/wp\/v2\/users\/2"}],"replies":[{"embeddable":true,"href":"https:\/\/www.europesays.com\/fr\/wp-json\/wp\/v2\/comments?post=421295"}],"version-history":[{"count":0,"href":"https:\/\/www.europesays.com\/fr\/wp-json\/wp\/v2\/posts\/421295\/revisions"}],"wp:featuredmedia":[{"embeddable":true,"href":"https:\/\/www.europesays.com\/fr\/wp-json\/wp\/v2\/media\/421296"}],"wp:attachment":[{"href":"https:\/\/www.europesays.com\/fr\/wp-json\/wp\/v2\/media?parent=421295"}],"wp:term":[{"taxonomy":"category","embeddable":true,"href":"https:\/\/www.europesays.com\/fr\/wp-json\/wp\/v2\/categories?post=421295"},{"taxonomy":"post_tag","embeddable":true,"href":"https:\/\/www.europesays.com\/fr\/wp-json\/wp\/v2\/tags?post=421295"}],"curies":[{"name":"wp","href":"https:\/\/api.w.org\/{rel}","templated":true}]}}