{"id":421301,"date":"2025-09-27T11:46:23","date_gmt":"2025-09-27T11:46:23","guid":{"rendered":"https:\/\/www.europesays.com\/fr\/421301\/"},"modified":"2025-09-27T11:46:23","modified_gmt":"2025-09-27T11:46:23","slug":"carquefou-un-show-dejante-dange-oliver-a-lecole-de-musique","status":"publish","type":"post","link":"https:\/\/www.europesays.com\/fr\/421301\/","title":{"rendered":"Carquefou. Un show d\u00e9jant\u00e9 d\u2019Ange Oliver \u00e0 l\u2019\u00e9cole de musique"},"content":{"rendered":"<p>Celui qui, depuis son plus jeune \u00e2ge, n\u2019avait qu\u2019une id\u00e9e en t\u00eate, celle de faire rire ses contemporains, sera \u00e0 Carquefou dans le cadre de la semaine bleue. Il pr\u00e9sentera son show d\u00e9jant\u00e9 avec talent. Son spectacle est r\u00e9alis\u00e9 dans la pure tradition du cabaret comique\u00a0: les gags jaillissent tous azimuts et pendant une heure trente, clownerie, magie, musique, chansons et imitations se c\u00f4toient avec un tel d\u00e9lice que le public en redemande.<\/p>\n<p>Ren\u00e9 Clouet, du Cercle des a\u00een\u00e9s, pr\u00e9cise\u00a0: <strong>\u00ab\u00a0Les inscriptions pour le spectacle continuent le jeudi, de 10\u00a0h \u00e0 11\u00a0h\u00a030, au local du Cercle des a\u00een\u00e9s, 2,\u00a0rue Boucher-d\u2019Argis, et \u00e0 l\u2019entr\u00e9e le jour du spectacle.\u00a0\u00bb<\/strong><\/p>\n<p>Dimanche 12\u00a0octobre, \u00e0 14\u00a0h\u00a030, \u00e0 l\u2019\u00e9cole de musique\u00a0; 15\u00a0\u20ac.<\/p>\n<p>\u00a0<\/p>\n","protected":false},"excerpt":{"rendered":"Celui qui, depuis son plus jeune \u00e2ge, n\u2019avait qu\u2019une id\u00e9e en t\u00eate, celle de faire rire ses contemporains,&hellip;\n","protected":false},"author":2,"featured_media":421302,"comment_status":"","ping_status":"","sticky":false,"template":"","format":"standard","meta":{"footnotes":""},"categories":[2818],"tags":[1111,11,4017,3862,18872,1122,1777,674,1011,27,873,766,12,4653,2636,25,9905],"class_list":{"0":"post-421301","1":"post","2":"type-post","3":"status-publish","4":"format-standard","5":"has-post-thumbnail","7":"category-nantes","8":"tag-actu","9":"tag-actualites","10":"tag-ange","11":"tag-carquefou","12":"tag-dejante","13":"tag-ecole","14":"tag-eu","15":"tag-europe","16":"tag-fr","17":"tag-france","18":"tag-musique","19":"tag-nantes","20":"tag-news","21":"tag-oliver","22":"tag-pays-de-la-loire","23":"tag-republique-francaise","24":"tag-show"},"share_on_mastodon":{"url":"https:\/\/pubeurope.com\/@fr\/115276099402781783","error":""},"_links":{"self":[{"href":"https:\/\/www.europesays.com\/fr\/wp-json\/wp\/v2\/posts\/421301","targetHints":{"allow":["GET"]}}],"collection":[{"href":"https:\/\/www.europesays.com\/fr\/wp-json\/wp\/v2\/posts"}],"about":[{"href":"https:\/\/www.europesays.com\/fr\/wp-json\/wp\/v2\/types\/post"}],"author":[{"embeddable":true,"href":"https:\/\/www.europesays.com\/fr\/wp-json\/wp\/v2\/users\/2"}],"replies":[{"embeddable":true,"href":"https:\/\/www.europesays.com\/fr\/wp-json\/wp\/v2\/comments?post=421301"}],"version-history":[{"count":0,"href":"https:\/\/www.europesays.com\/fr\/wp-json\/wp\/v2\/posts\/421301\/revisions"}],"wp:featuredmedia":[{"embeddable":true,"href":"https:\/\/www.europesays.com\/fr\/wp-json\/wp\/v2\/media\/421302"}],"wp:attachment":[{"href":"https:\/\/www.europesays.com\/fr\/wp-json\/wp\/v2\/media?parent=421301"}],"wp:term":[{"taxonomy":"category","embeddable":true,"href":"https:\/\/www.europesays.com\/fr\/wp-json\/wp\/v2\/categories?post=421301"},{"taxonomy":"post_tag","embeddable":true,"href":"https:\/\/www.europesays.com\/fr\/wp-json\/wp\/v2\/tags?post=421301"}],"curies":[{"name":"wp","href":"https:\/\/api.w.org\/{rel}","templated":true}]}}