{"id":421312,"date":"2025-09-27T11:53:20","date_gmt":"2025-09-27T11:53:20","guid":{"rendered":"https:\/\/www.europesays.com\/fr\/421312\/"},"modified":"2025-09-27T11:53:20","modified_gmt":"2025-09-27T11:53:20","slug":"ol-une-bataille-de-gauche","status":"publish","type":"post","link":"https:\/\/www.europesays.com\/fr\/421312\/","title":{"rendered":"OL : une bataille de gauche ?"},"content":{"rendered":"<p>                            <img width=\"688\" height=\"433\" src=\"https:\/\/www.europesays.com\/fr\/wp-content\/uploads\/2025\/09\/Capture-decran-2024-10-26-081156-688x433.jpg\" class=\"attachment-article size-article wp-post-image\" alt=\"Nicolas Tagliafico (OL) et Rafa Silva (Besiktas)\" decoding=\"async\" fetchpriority=\"high\"\/><\/p>\n<p>Nicolas Tagliafico (OL) et Rafa Silva (Besiktas) @UEFA<\/p>\n<p>Lille et l&rsquo;OL, qui s&rsquo;affrontent dimanche (17h15), sont les deux formations attaquant le plus dans le couloir gauche. Celui, pour les Lyonnais, de Nicolas Tagliafico et Malick Fofana. <\/p>\n<p>Ce duel <a href=\"https:\/\/www.olympique-et-lyonnais.com\/lol-peut-il-mettre-fin-a-cette-grosse-serie-de-lille,381223.html\" rel=\"nofollow noopener\" target=\"_blank\">entre Lille<\/a> et l&rsquo;OL promet plusieurs petites histoires dans la grande. La meilleure attaque du championnat &#8211; avec Monaco &#8211; face \u00e0 la d\u00e9fense la plus imperm\u00e9able de la ligue, par exemple. Le duel entre Bruno <a href=\"https:\/\/www.olympique-et-lyonnais.com\/lille-ol-paulo-fonseca-a-t-il-la-recette-face-a-bruno-genesio,381213.html\" rel=\"nofollow noopener\" target=\"_blank\"><strong>Genesio <\/strong>et Paulo <strong>Fonseca<\/strong><\/a><strong> <\/strong>\u00e9galement. Mais pas seulement car les statistiques nous montrent que ces deux formations sont celles usant le plus du c\u00f4t\u00e9 gauche pour attaquer.<\/p>\n<p>\u00c0 41,7 % pour le LOSC, et \u00e0 41 % pour l&rsquo;Olympique lyonnais. Un chiffre qui est assez logique pour les Rhodaniens, puisque c&rsquo;est le couloir occup\u00e9 par Malick <strong>Fofana<\/strong>, l&rsquo;arme offensive num\u00e9ro une de cette \u00e9quipe. Et derri\u00e8re le Belge, nous retrouvons <strong>Abner <\/strong>ou Nicolas <strong>Tagliafico<\/strong>. Deux lat\u00e9raux tout \u00e0 fait en mesure d&rsquo;aborder le danger dans la surface adverse.<\/p>\n<p>Maitland-Niles aura du travail<\/p>\n<p>Du c\u00f4t\u00e9 lillois, on retrouve dans ce secteur F\u00e9lix <strong>Correia<\/strong>, l&rsquo;un des pourvoyeurs les plus prolifiques du championnat (trois passes). Le d\u00e9fenseur qui l&rsquo;accompagne est Romain <strong>Perraud<\/strong>, qui a lui aussi un profil offensif (une offrande et un but). Mais ce dernier est incertain apr\u00e8s une blessure \u00e0 la cheville survenue au cours du derby perdu face \u00e0 Lens (3-0). <\/p>\n<p>Dans cette zone, on peut y voir tra\u00eener Mat\u00edas <strong>Fern\u00e1ndez-Pardo<\/strong>, autre \u00e9l\u00e9ment \u00e0 surveiller. Pour l&rsquo;OL, et particuli\u00e8rement Ainsley <strong>Maitland-Niles<\/strong>, il faudra se montrer particuli\u00e8rement vigilant. Mais ce sera avant tout <a href=\"https:\/\/www.olympique-et-lyonnais.com\/ol-un-nouveau-style-qui-permet-de-voyager,381250.html\" rel=\"nofollow noopener\" target=\"_blank\">un travail collectif<\/a>. <\/p>\n","protected":false},"excerpt":{"rendered":"Nicolas Tagliafico (OL) et Rafa Silva (Besiktas) @UEFA Lille et l&rsquo;OL, qui s&rsquo;affrontent dimanche (17h15), sont les deux&hellip;\n","protected":false},"author":2,"featured_media":421313,"comment_status":"","ping_status":"","sticky":false,"template":"","format":"standard","meta":{"footnotes":""},"categories":[2815],"tags":[1111,11,1777,674,1011,27,811,1307,12,241,25,17794],"class_list":{"0":"post-421312","1":"post","2":"type-post","3":"status-publish","4":"format-standard","5":"has-post-thumbnail","7":"category-lille","8":"tag-actu","9":"tag-actualites","10":"tag-eu","11":"tag-europe","12":"tag-fr","13":"tag-france","14":"tag-hauts-de-france","15":"tag-lille","16":"tag-news","17":"tag-ol","18":"tag-republique-francaise","19":"tag-tactique"},"share_on_mastodon":{"url":"https:\/\/pubeurope.com\/@fr\/115276127209381407","error":""},"_links":{"self":[{"href":"https:\/\/www.europesays.com\/fr\/wp-json\/wp\/v2\/posts\/421312","targetHints":{"allow":["GET"]}}],"collection":[{"href":"https:\/\/www.europesays.com\/fr\/wp-json\/wp\/v2\/posts"}],"about":[{"href":"https:\/\/www.europesays.com\/fr\/wp-json\/wp\/v2\/types\/post"}],"author":[{"embeddable":true,"href":"https:\/\/www.europesays.com\/fr\/wp-json\/wp\/v2\/users\/2"}],"replies":[{"embeddable":true,"href":"https:\/\/www.europesays.com\/fr\/wp-json\/wp\/v2\/comments?post=421312"}],"version-history":[{"count":0,"href":"https:\/\/www.europesays.com\/fr\/wp-json\/wp\/v2\/posts\/421312\/revisions"}],"wp:featuredmedia":[{"embeddable":true,"href":"https:\/\/www.europesays.com\/fr\/wp-json\/wp\/v2\/media\/421313"}],"wp:attachment":[{"href":"https:\/\/www.europesays.com\/fr\/wp-json\/wp\/v2\/media?parent=421312"}],"wp:term":[{"taxonomy":"category","embeddable":true,"href":"https:\/\/www.europesays.com\/fr\/wp-json\/wp\/v2\/categories?post=421312"},{"taxonomy":"post_tag","embeddable":true,"href":"https:\/\/www.europesays.com\/fr\/wp-json\/wp\/v2\/tags?post=421312"}],"curies":[{"name":"wp","href":"https:\/\/api.w.org\/{rel}","templated":true}]}}