{"id":421314,"date":"2025-09-27T11:54:11","date_gmt":"2025-09-27T11:54:11","guid":{"rendered":"https:\/\/www.europesays.com\/fr\/421314\/"},"modified":"2025-09-27T11:54:11","modified_gmt":"2025-09-27T11:54:11","slug":"pourquoi-ce-collectif-veut-la-peau-du-cardinal-aveline","status":"publish","type":"post","link":"https:\/\/www.europesays.com\/fr\/421314\/","title":{"rendered":"pourquoi ce collectif veut la peau du cardinal Aveline"},"content":{"rendered":"<p>            Par<br \/>\n        <strong><br \/>\n            <a href=\"https:\/\/actu.fr\/auteur\/thibault-nadal-actu-fr\" title=\"Consulter tous les articles de Thibault Nadal\" rel=\"nofollow noopener\" target=\"_blank\">Thibault Nadal<\/a><br \/>\n        <\/strong><\/p>\n<p>        Publi\u00e9 le<\/p>\n<p>            27 sept. 2025 \u00e0 6h54        <\/p>\n<p>Une mauvaise p\u00e9riode pour le cardinal. Cit\u00e9 dans les r\u00e9v\u00e9lations de Paris Match sur <a href=\"https:\/\/actu.fr\/provence-alpes-cote-d-azur\/marseille_13055\/revelations-d-abus-sexuels-dans-l-eglise-a-marseille-mis-en-cause-le-cardinal-aveline-se-defend_63185876.html\" rel=\"nofollow noopener\" target=\"_blank\">plusieurs affaires d\u2019abus<\/a> dans le dioc\u00e8se de <a href=\"https:\/\/actu.fr\/marseille\/\" rel=\"nofollow noopener\" target=\"_blank\">Marseille<\/a>, dont il aurait eu connaissance sans les r\u00e9v\u00e9ler publiquement, Jean-Marc Aveline doit faire face \u00e0 une fronde.<\/p>\n<p class=\" wall-content\">Le 17\u00a0septembre dernier, le m\u00e9dia <a href=\"https:\/\/tribunechretienne.com\/revelation-exclusive-un-collectif-marseillais-demande-officiellement-la-demission-de-monseigneur-jean-marc-aveline\/\" rel=\"nofollow noopener\" target=\"_blank\">Tribune Chr\u00e9tienne<\/a> publiait <strong>une lettre d\u2019un collectif marseillais envoy\u00e9e au pape L\u00e9on XIV<\/strong>. Dans celle-ci, ses membres demandant la d\u00e9mission du cardinal Aveline de son poste \u00e0 la t\u00eate du dioc\u00e8se de Marseille.<\/p>\n<p>\u00ab\u2009Une crise grave de confiance et de cr\u00e9dibilit\u00e9\u2009\u00bb<\/p>\n<p class=\" wall-content\">Dans leur missive, Bernard Franqui, responsable du Collectif pour la d\u00e9fense de l\u2019\u00e9glise Saint-Maurice situ\u00e9 dans le quartier de Pont-de-Vivaux (10e) explique que \u00ab\u2009l\u2019\u00c9glise \u00e0 Marseille traverse aujourd\u2019hui<strong> une crise grave de confiance et de cr\u00e9dibilit\u00e9<\/strong>, dont le cardinal Jean-Marc Aveline porte une lourde responsabilit\u00e9\u2009\u00bb.<\/p>\n<p class=\" wall-content\">Une attaque frontale contre celui qui a \u00e9t\u00e9 <a href=\"https:\/\/actu.fr\/provence-alpes-cote-d-azur\/marseille_13055\/l-archeveque-de-marseille-potentiel-successeur-du-pape-francois-et-si-c-etait-lui_62539903.html\" rel=\"nofollow noopener\" target=\"_blank\">cit\u00e9 pour succ\u00e9der au pape Fran\u00e7ois<\/a> et qui est aussi pr\u00e9sident de la Conf\u00e9rence des \u00e9v\u00eaques de France. Le collectif met en avant <strong>deux arguments<\/strong> pour r\u00e9clamer le d\u00e9part du cardinal Aveline de son poste au dioc\u00e8se de Marseille.<\/p>\n<p class=\" wall-content\"><a href=\"https:\/\/www.instagram.com\/p\/DOtb1QvDD6i\/embed\" title=\"Ouvrir le lien sur Instagram\" rel=\"nofollow noopener\" target=\"_blank\">Visualiser le contenu sur Instagram<\/a><\/p>\n<p>L\u2019abandon de leurs \u00e9glises<\/p>\n<p class=\" wall-content\">Le premier concerne le combat qu\u2019ils m\u00e8nent depuis des ann\u00e9es pour <strong>la sauvegarde de deux \u00e9glises dans le 10e arrondissement<\/strong>. Selon eux, elles \u00ab\u2009ont \u00e9t\u00e9 abandonn\u00e9es, vid\u00e9es de leurs objets sacr\u00e9s, puis c\u00e9d\u00e9es \u00e0 un promoteur immobilier controvers\u00e9\u2009\u00bb.<\/p>\n<p class=\" wall-content\">La plus connue \u00e9tant celle de <strong>Sainte-Maurice<\/strong>, abandonn\u00e9e depuis 2019. En janvier dernier, le dioc\u00e8se expliquait dans <a href=\"https:\/\/diocese-marseille.fr\/quel-avenir-pour-leglise-saint-maurice-de-pont-de-vivaux\/\" rel=\"nofollow noopener\" target=\"_blank\">un communiqu\u00e9<\/a> ne pas avoir \u00ab\u2009la capacit\u00e9 financi\u00e8re de restaurer et d\u2019entretenir un tel b\u00e2timent tr\u00e8s peu utilis\u00e9 et n\u00e9cessitant de lourds travaux\u2009\u00bb.<\/p>\n<p class=\" wall-content\">Un argument difficilement entendable pour le collectif qui \u00e9voque \u00ab\u2009<strong>une trahison spirituelle et patrimoniale par les paroissiens<\/strong>, qui se sentent d\u00e9poss\u00e9d\u00e9s et humili\u00e9s\u2009\u00bb.<\/p>\n<p>Votre r\u00e9gion, votre actu !<\/p>\n<p>Recevez chaque jour les infos qui comptent pour vous.<\/p>\n<p>\t<a href=\"https:\/\/actu.fr\/newsletter\" class=\"ac-btn ac-btn--corner ac-btn--medium ac-btn--blue800\" rel=\"nofollow noopener\" target=\"_blank\">S&rsquo;incrire<\/a><\/p>\n<p class=\" wall-content\">D\u2019apr\u00e8s le dioc\u00e8se, les nouveaux acheteurs vont maintenir \u00ab\u2009une activit\u00e9 sociale ou d\u2019int\u00e9r\u00eat collectif\u2009\u00bb dans le b\u00e2timent. Les fid\u00e8les parlent plus d\u2019une \u00ab\u2009transformation en logements et en entrep\u00f4t logistique\u2009\u00bb.<\/p>\n<blockquote class=\"ac-article-quote wall-content\">\n<p>Cette d\u00e9cision, valid\u00e9e par Monseigneur Aveline, ne rel\u00e8ve ni d\u2019une vision pastorale ni d\u2019un souci \u00e9vang\u00e9lique, mais d\u2019une logique purement financi\u00e8re.<\/p>\n<p>    <strong>Collectif pour la d\u00e9fense de l\u2019\u00e9glise Saint-Maurice dans Tribune Chr\u00e9tienne<\/strong>\n            <\/p><\/blockquote>\n<p>Les r\u00e9v\u00e9lations de Paris Match<\/p>\n<p class=\" wall-content\">La deuxi\u00e8me raison qui a pouss\u00e9 Bernard Franqui \u00e0 \u00e9crire au Pape concerne les r\u00e9v\u00e9lations de <a href=\"https:\/\/www.parismatch.com\/actu\/societe\/eglise-de-marseille-le-poids-du-silence-premier-episode-une-lettre-et-de-graves-interrogations-257243\" rel=\"nofollow noopener\" target=\"_blank\">Paris Match<\/a>. Dans cette longue enqu\u00eate, nos confr\u00e8res r\u00e9v\u00e8lent <strong>plusieurs affaires d\u2019abus sexuels<\/strong> ces 30 derni\u00e8res ann\u00e9es dans les Bouches-du-Rh\u00f4ne et <strong>le syst\u00e8me d\u2019omerta<\/strong> pour inciter les victimes \u00e0 se taire.<\/p>\n<p class=\" wall-content\">Le cardinal n\u2019est pas directement vis\u00e9, mais il <strong>aurait contribu\u00e9 \u00e0 ce syst\u00e8me d\u2019omerta<\/strong>. Des accusations dont il s\u2019\u00e9tait d\u00e9fendu dans <a href=\"https:\/\/diocese-marseille.fr\/communique-du-18-09-2025\/\" rel=\"nofollow noopener\" target=\"_blank\">un long communiqu\u00e9<\/a>.<\/p>\n<p class=\" wall-content\">Mais pour le collectif Sainte-Maurice, \u00ab\u2009ces faits\u00a0traduisent <strong>une gouvernance marqu\u00e9e par l\u2019opacit\u00e9, le silence et l\u2019absence de courage \u00e9vang\u00e9lique<\/strong>\u2009\u00bb.<\/p>\n<p class=\" wall-content\">\u00ab\u2009Pour le bien du peuple de Dieu et afin que l\u2019\u00c9glise \u00e0 Marseille retrouve un chemin de v\u00e9rit\u00e9 et de confiance, nous croyons que la d\u00e9mission de <strong>Mgr Jean-Marc Aveline est devenue in\u00e9vitable<\/strong>\u2009\u00bb, conclut la lettre transmise \u00e0 la papaut\u00e9.<\/p>\n<p>Le dioc\u00e8se se d\u00e9fend en attaquant le collectif<\/p>\n<p class=\" wall-content\">Une nouvelle fois attaqu\u00e9, le dioc\u00e8se de Marseille a tenu \u00e0 se d\u00e9fendre, \u00e0 travers un droit de r\u00e9ponse envoy\u00e9 \u00e0 <a href=\"https:\/\/tribunechretienne.com\/exclusif-demission-de-monseigneur-aveline-le-diocese-de-marseille-repond-officiellement\/\" rel=\"nofollow noopener\" target=\"_blank\">Tribune Chr\u00e9tienne<\/a>.<\/p>\n<p class=\" wall-content\">En ignorant totalement l\u2019appel \u00e0 la d\u00e9mission et en se concentrant uniquement sur la question des deux \u00e9glises dans le quartier de Pont-de-Vivaux. Le dioc\u00e8se rappelle les importants co\u00fbts engendr\u00e9s par une possible restauration des \u00e9glises de Pont-de-Vivaux, alors que <strong>d\u2019autres d\u00e9penses majeures sont en cours ou vont \u00eatre effectu\u00e9es<\/strong>.<\/p>\n<p class=\" wall-content\">\u00ab\u2009Le dioc\u00e8se mobilise actuellement 2,8 millions d\u2019euros pour <a href=\"https:\/\/actu.fr\/provence-alpes-cote-d-azur\/marseille_13055\/video-a-marseille-la-bonne-mere-retrouve-sa-dorure-un-travail-meticuleux_63114863.html\" rel=\"nofollow noopener\" target=\"_blank\">Notre Dame de la Garde<\/a> et, en 2026, va d\u00e9penser 3 millions d\u2019euros pour l\u2019\u00e9glise Saint-Louis dans <a href=\"https:\/\/actu.fr\/tag\/quartiers-nord\" rel=\"nofollow noopener\" target=\"_blank\">les quartiers nord<\/a>.\u2009\u00bb<\/p>\n<p class=\" wall-content\">Et que le dioc\u00e8se a valid\u00e9 le projet de rachat de Sainte-Maurice en s\u2019assurant que <strong>le b\u00e2timent ne soit pas d\u00e9truit et qu\u2019il reste un lieu \u00ab\u2009social\u2009\u00bb<\/strong>. Des r\u00e9ponses sur la forme, mais pas sur le fond. Le pape, lui, n\u2019a toujours pas r\u00e9pondu \u00e0 cette lettre envoy\u00e9e.<\/p>\n<p class=\" wall-content\">Personnalisez votre actualit\u00e9 en ajoutant vos villes et m\u00e9dias en favori avec <a href=\"https:\/\/moncompte.actu.fr\" title=\"D\u00e9couvez Mon Actu\" rel=\"nofollow noopener\" data-trk=\"{&quot;cta&quot;:{&quot;action&quot;:&quot;https:\\\/\\\/moncompte.actu.fr&quot;,&quot;category&quot;:&quot;mon compte&quot;,&quot;from&quot;:&quot;article footer&quot;,&quot;name&quot;:&quot;Mon actu&quot;,&quot;type&quot;:&quot;cta&quot;}}\" target=\"_blank\">Mon Actu<\/a>.<\/p>\n<p>                    <script async src=\"\/\/www.instagram.com\/embed.js\"><\/script><\/p>\n","protected":false},"excerpt":{"rendered":"Par Thibault Nadal Publi\u00e9 le 27 sept. 2025 \u00e0 6h54 Une mauvaise p\u00e9riode pour le cardinal. Cit\u00e9 dans&hellip;\n","protected":false},"author":2,"featured_media":421315,"comment_status":"","ping_status":"","sticky":false,"template":"","format":"standard","meta":{"footnotes":""},"categories":[2814],"tags":[1111,11,1777,674,1011,27,884,12,882,4020,25,104],"class_list":{"0":"post-421314","1":"post","2":"type-post","3":"status-publish","4":"format-standard","5":"has-post-thumbnail","7":"category-marseille","8":"tag-actu","9":"tag-actualites","10":"tag-eu","11":"tag-europe","12":"tag-fr","13":"tag-france","14":"tag-marseille","15":"tag-news","16":"tag-provence-alpes-cote-dazur","17":"tag-religion","18":"tag-republique-francaise","19":"tag-societe"},"share_on_mastodon":{"url":"https:\/\/pubeurope.com\/@fr\/115276130784286935","error":""},"_links":{"self":[{"href":"https:\/\/www.europesays.com\/fr\/wp-json\/wp\/v2\/posts\/421314","targetHints":{"allow":["GET"]}}],"collection":[{"href":"https:\/\/www.europesays.com\/fr\/wp-json\/wp\/v2\/posts"}],"about":[{"href":"https:\/\/www.europesays.com\/fr\/wp-json\/wp\/v2\/types\/post"}],"author":[{"embeddable":true,"href":"https:\/\/www.europesays.com\/fr\/wp-json\/wp\/v2\/users\/2"}],"replies":[{"embeddable":true,"href":"https:\/\/www.europesays.com\/fr\/wp-json\/wp\/v2\/comments?post=421314"}],"version-history":[{"count":0,"href":"https:\/\/www.europesays.com\/fr\/wp-json\/wp\/v2\/posts\/421314\/revisions"}],"wp:featuredmedia":[{"embeddable":true,"href":"https:\/\/www.europesays.com\/fr\/wp-json\/wp\/v2\/media\/421315"}],"wp:attachment":[{"href":"https:\/\/www.europesays.com\/fr\/wp-json\/wp\/v2\/media?parent=421314"}],"wp:term":[{"taxonomy":"category","embeddable":true,"href":"https:\/\/www.europesays.com\/fr\/wp-json\/wp\/v2\/categories?post=421314"},{"taxonomy":"post_tag","embeddable":true,"href":"https:\/\/www.europesays.com\/fr\/wp-json\/wp\/v2\/tags?post=421314"}],"curies":[{"name":"wp","href":"https:\/\/api.w.org\/{rel}","templated":true}]}}