{"id":421319,"date":"2025-09-27T11:57:19","date_gmt":"2025-09-27T11:57:19","guid":{"rendered":"https:\/\/www.europesays.com\/fr\/421319\/"},"modified":"2025-09-27T11:57:19","modified_gmt":"2025-09-27T11:57:19","slug":"loire-incendies-a-saint-etienne-et-chazelles-sur-lyon-six-personnes-relogees","status":"publish","type":"post","link":"https:\/\/www.europesays.com\/fr\/421319\/","title":{"rendered":"Loire. Incendies \u00e0 Saint-Etienne et Chazelles-sur-Lyon : six personnes relog\u00e9es"},"content":{"rendered":"<p class=\"insetTitle\">A Saint-Etienne: le chargeur s&#8217;embrase et met le feu \u00e0 un appartement<\/p>\n<p>Egalement aux alentours de 10h30, ce samedi 27 septembre, dix sapeurs-pompiers sont intervenus pour un feu d\u2019appartement au premier \u00e9tage d\u2019un immeuble qui en compte quatre, rue Praire, en plein centre-ville de Saint-Etienne.<\/p>\n<p>Le sinistre, probablement, d\u00fb \u00e0 un chargeur, a \u00e9t\u00e9 rapidement \u00e9teint par les soldats du feu qui ont \u00e9vit\u00e9 sa propagation.<\/p>\n<p>Les occupants, une famille de cinq personnes, ont d\u00fb \u00eatre relog\u00e9s.<\/p>\n","protected":false},"excerpt":{"rendered":"A Saint-Etienne: le chargeur s&#8217;embrase et met le feu \u00e0 un appartement Egalement aux alentours de 10h30, ce&hellip;\n","protected":false},"author":2,"featured_media":421320,"comment_status":"","ping_status":"","sticky":false,"template":"","format":"standard","meta":{"footnotes":""},"categories":[1889],"tags":[1111,11,2430,55059,49701,7359,7539,1777,674,274,107,1011,27,1310,3367,2428,12,25,4001,7538],"class_list":{"0":"post-421319","1":"post","2":"type-post","3":"status-publish","4":"format-standard","5":"has-post-thumbnail","7":"category-lyon","8":"tag-actu","9":"tag-actualites","10":"tag-auvergne-rhone-alpes","11":"tag-chazelles-sur-lyon","12":"tag-chazelles-sur-lyon-bassin","13":"tag-edition-loire-centre","14":"tag-edition-loire-sud","15":"tag-eu","16":"tag-europe","17":"tag-faits-divers-justice","18":"tag-fil-info","19":"tag-fr","20":"tag-france","21":"tag-incendie","22":"tag-loire","23":"tag-lyon","24":"tag-news","25":"tag-republique-francaise","26":"tag-saint-etienne","27":"tag-saint-etienne-ville"},"share_on_mastodon":{"url":"https:\/\/pubeurope.com\/@fr\/115276142543067284","error":""},"_links":{"self":[{"href":"https:\/\/www.europesays.com\/fr\/wp-json\/wp\/v2\/posts\/421319","targetHints":{"allow":["GET"]}}],"collection":[{"href":"https:\/\/www.europesays.com\/fr\/wp-json\/wp\/v2\/posts"}],"about":[{"href":"https:\/\/www.europesays.com\/fr\/wp-json\/wp\/v2\/types\/post"}],"author":[{"embeddable":true,"href":"https:\/\/www.europesays.com\/fr\/wp-json\/wp\/v2\/users\/2"}],"replies":[{"embeddable":true,"href":"https:\/\/www.europesays.com\/fr\/wp-json\/wp\/v2\/comments?post=421319"}],"version-history":[{"count":0,"href":"https:\/\/www.europesays.com\/fr\/wp-json\/wp\/v2\/posts\/421319\/revisions"}],"wp:featuredmedia":[{"embeddable":true,"href":"https:\/\/www.europesays.com\/fr\/wp-json\/wp\/v2\/media\/421320"}],"wp:attachment":[{"href":"https:\/\/www.europesays.com\/fr\/wp-json\/wp\/v2\/media?parent=421319"}],"wp:term":[{"taxonomy":"category","embeddable":true,"href":"https:\/\/www.europesays.com\/fr\/wp-json\/wp\/v2\/categories?post=421319"},{"taxonomy":"post_tag","embeddable":true,"href":"https:\/\/www.europesays.com\/fr\/wp-json\/wp\/v2\/tags?post=421319"}],"curies":[{"name":"wp","href":"https:\/\/api.w.org\/{rel}","templated":true}]}}