{"id":421323,"date":"2025-09-27T12:00:11","date_gmt":"2025-09-27T12:00:11","guid":{"rendered":"https:\/\/www.europesays.com\/fr\/421323\/"},"modified":"2025-09-27T12:00:11","modified_gmt":"2025-09-27T12:00:11","slug":"larmee-israelienne-detruit-la-residence-en-cisjordanie-de-lauteur-presume-dune-attaque-a-jerusalem-est","status":"publish","type":"post","link":"https:\/\/www.europesays.com\/fr\/421323\/","title":{"rendered":"l\u2019arm\u00e9e isra\u00e9lienne d\u00e9truit la r\u00e9sidence, en Cisjordanie, de l\u2019auteur pr\u00e9sum\u00e9 d\u2019une attaque \u00e0 J\u00e9rusalem-Est"},"content":{"rendered":"<p>   Douze pays cr\u00e9ent une coalition pour soutenir financi\u00e8rement l\u2019Autorit\u00e9 palestinienne             <\/p>\n<p class=\"post__live-container--answer-text post__space-node\">La Belgique, le Danemark, la France, l\u2019Islande, l\u2019Irlande, le Japon, la Norv\u00e8ge, l\u2019Arabie saoudite, la Slov\u00e9nie, l\u2019Espagne, la Suisse et le Royaume-Uni ont annonc\u00e9 vendredi la cr\u00e9ation d\u2019une coalition visant \u00e0 soutenir financi\u00e8rement l\u2019Autorit\u00e9 palestinienne, \u00e0 court d\u2019argent, ses recettes fiscales \u00e9tant retenues par Isra\u00ebl.<\/p>\n<p class=\"post__live-container--answer-text post__space-node\">La Coalition d\u2019urgence pour la viabilit\u00e9 financi\u00e8re de l\u2019Autorit\u00e9 palestinienne a \u00e9t\u00e9 \u00ab\u00a0cr\u00e9\u00e9e en r\u00e9ponse \u00e0 la crise financi\u00e8re urgente et sans pr\u00e9c\u00e9dent\u00a0\u00bb \u00e0 laquelle est confront\u00e9e l\u2019Autorit\u00e9 palestinienne, a d\u00e9clar\u00e9 le <a href=\"https:\/\/www.exteriores.gob.es\/en\/Comunicacion\/Comunicados\/Paginas\/2025_COMUNICADOS\/Launch-of-the-Emergency-Coalition-for-the-Financial-Sustainability-of-the-Palestian.aspx\" target=\"_blank\" rel=\"noopener nofollow\" title=\"Nouvelle fen\u00eatre\">minist\u00e8re des affaires \u00e9trang\u00e8res espagnol dans un communiqu\u00e9<\/a>.<\/p>\n<p class=\"post__live-container--answer-text post__space-node\">Elle vise \u00e0 stabiliser les finances de l\u2019organisme bas\u00e9 \u00e0 Ramallah, \u00e0 pr\u00e9server sa capacit\u00e9 \u00e0 gouverner, \u00e0 fournir des services essentiels et \u00e0 maintenir la s\u00e9curit\u00e9, \u00ab\u00a0autant d\u2019\u00e9l\u00e9ments indispensables \u00e0 la stabilit\u00e9 r\u00e9gionale et \u00e0 la pr\u00e9servation de la solution \u00e0 deux Etats\u00a0\u00bb, selon la m\u00eame source.<\/p>\n<p class=\"post__live-container--answer-text post__space-node\">Le communiqu\u00e9 mentionne les \u00ab\u00a0contributions financi\u00e8res importantes\u00a0\u00bb pass\u00e9es et les promesses de \u00ab\u00a0soutien durable\u00a0\u00bb de cette coalition.<\/p>\n<p class=\"post__live-container--answer-text post__space-node\">Le bureau du premier ministre palestinien, Mohammad Moustafa, a d\u00e9clar\u00e9 que les donateurs s\u2019\u00e9taient engag\u00e9s \u00e0 verser au moins 170\u00a0millions de dollars pour financer l\u2019Autorit\u00e9 palestinienne.<\/p>\n<p class=\"post__live-container--answer-text post__space-node\">L\u2019Arabie saoudite fournira 90\u00a0millions de dollars, a d\u00e9clar\u00e9 jeudi soir son ministre des affaires \u00e9trang\u00e8res, le prince Fay\u00e7al Ben Farhan Al Saoud, selon des m\u00e9dias d\u2019Etat.<\/p>\n<p class=\"post__live-container--answer-text post__space-node\">Isra\u00ebl per\u00e7oit les recettes fiscales au nom de l\u2019Autorit\u00e9 palestinienne en vertu du protocole de Paris de 1994. Apr\u00e8s le d\u00e9clenchement de la guerre \u00e0 Gaza le 7\u00a0octobre\u00a02023, jour de l\u2019attaque sans pr\u00e9c\u00e9dent du mouvement islamiste palestinien Hamas sur le sol isra\u00e9lien, Isra\u00ebl a retenu les recettes fiscales destin\u00e9es \u00e0 l\u2019Autorit\u00e9 palestinienne, qui affirme que les services de base tels que la sant\u00e9 et l\u2019\u00e9ducation se sont d\u00e9t\u00e9rior\u00e9s et que la pauvret\u00e9 a augment\u00e9.<\/p>\n<p class=\"post__live-container--answer-text post__space-node\">Les autorit\u00e9s isra\u00e9liennes affirment qu\u2019une partie de l\u2019argent qu\u2019elles retiennent est destin\u00e9e \u00e0 rembourser des d\u00e9penses telles que l\u2019\u00e9lectricit\u00e9 qu\u2019elles vendent aux Palestiniens. Mais le ministre des finances isra\u00e9lien d\u2019extr\u00eame droite, Bezalel Smotrich, qui a cess\u00e9 tous les paiements \u00e0 l\u2019Autorit\u00e9 palestinienne il y a quatre mois, a d\u00e9clar\u00e9 qu\u2019il continuerait \u00e0 s\u2019employer \u00e0 ce que le gouvernement palestinien s\u2019effondre par un \u00ab\u00a0\u00e9tranglement \u00e9conomique\u00a0\u00bb, afin d\u2019emp\u00eacher la cr\u00e9ation d\u2019un Etat palestinien.<\/p>\n","protected":false},"excerpt":{"rendered":"Douze pays cr\u00e9ent une coalition pour soutenir financi\u00e8rement l\u2019Autorit\u00e9 palestinienne La Belgique, le Danemark, la France, l\u2019Islande, l\u2019Irlande,&hellip;\n","protected":false},"author":2,"featured_media":421324,"comment_status":"","ping_status":"","sticky":false,"template":"","format":"standard","meta":{"footnotes":""},"categories":[1888],"tags":[1111,1928,11,1927,1777,674,1011,27,12,1926,626,1925,25],"class_list":{"0":"post-421323","1":"post","2":"type-post","3":"status-publish","4":"format-standard","5":"has-post-thumbnail","7":"category-paris","8":"tag-actu","9":"tag-actu-paris","10":"tag-actualites","11":"tag-actualites-paris","12":"tag-eu","13":"tag-europe","14":"tag-fr","15":"tag-france","16":"tag-news","17":"tag-news-paris","18":"tag-paris","19":"tag-paris-news","20":"tag-republique-francaise"},"share_on_mastodon":{"url":"https:\/\/pubeurope.com\/@fr\/115276154447911155","error":""},"_links":{"self":[{"href":"https:\/\/www.europesays.com\/fr\/wp-json\/wp\/v2\/posts\/421323","targetHints":{"allow":["GET"]}}],"collection":[{"href":"https:\/\/www.europesays.com\/fr\/wp-json\/wp\/v2\/posts"}],"about":[{"href":"https:\/\/www.europesays.com\/fr\/wp-json\/wp\/v2\/types\/post"}],"author":[{"embeddable":true,"href":"https:\/\/www.europesays.com\/fr\/wp-json\/wp\/v2\/users\/2"}],"replies":[{"embeddable":true,"href":"https:\/\/www.europesays.com\/fr\/wp-json\/wp\/v2\/comments?post=421323"}],"version-history":[{"count":0,"href":"https:\/\/www.europesays.com\/fr\/wp-json\/wp\/v2\/posts\/421323\/revisions"}],"wp:featuredmedia":[{"embeddable":true,"href":"https:\/\/www.europesays.com\/fr\/wp-json\/wp\/v2\/media\/421324"}],"wp:attachment":[{"href":"https:\/\/www.europesays.com\/fr\/wp-json\/wp\/v2\/media?parent=421323"}],"wp:term":[{"taxonomy":"category","embeddable":true,"href":"https:\/\/www.europesays.com\/fr\/wp-json\/wp\/v2\/categories?post=421323"},{"taxonomy":"post_tag","embeddable":true,"href":"https:\/\/www.europesays.com\/fr\/wp-json\/wp\/v2\/tags?post=421323"}],"curies":[{"name":"wp","href":"https:\/\/api.w.org\/{rel}","templated":true}]}}