{"id":421325,"date":"2025-09-27T12:01:12","date_gmt":"2025-09-27T12:01:12","guid":{"rendered":"https:\/\/www.europesays.com\/fr\/421325\/"},"modified":"2025-09-27T12:01:12","modified_gmt":"2025-09-27T12:01:12","slug":"un-homme-tue-par-balle-dans-le-19e-arrondissement-de-paris-dans-la-nuit-de-vendredi-a-samedi","status":"publish","type":"post","link":"https:\/\/www.europesays.com\/fr\/421325\/","title":{"rendered":"Un homme tu\u00e9 par balle dans le 19e arrondissement de Paris dans la nuit de vendredi \u00e0 samedi"},"content":{"rendered":"<p class=\"mb-4 text-lg md:leading-8 break-words\">Un homme a \u00e9t\u00e9 tu\u00e9 par arme \u00e0 feu dans <a href=\"https:\/\/www.bfmtv.com\/paris\/replay-emissions\/bonjour-paris\/pres-de-500-logements-du-19e-arrondissement-prives-d-eau-chaude-face-a-un-risque-eleve-de-legionellose_VN-202503140397.html\" rel=\"nofollow noopener\" target=\"_blank\" data-ylk=\"slk:le 19e arrondissement de Paris;elm:context_link;itc:0;sec:content-canvas\" class=\"link \">le 19e arrondissement de Paris<\/a> dans la nuit de vendredi \u00e0 samedi, a appris BFMTV de sources concordantes, confirmant une information de l&rsquo;AFP.<\/p>\n<p class=\"mb-4 text-lg md:leading-8 break-words\">Selon une source polici\u00e8re, la victime a \u00e9t\u00e9 d\u00e9couverte \u00e0 4 heures, rue \u00c9mile Bollaert, bless\u00e9e par balles avec plusieurs plaies au niveau de la cage thoracique droite. Au moment de l&rsquo;arriv\u00e9e des forces de l&rsquo;ordre, elle \u00e9tait consciente et allong\u00e9e pr\u00e8s d\u2019un v\u00e9hicule immatricul\u00e9 en Pologne.<\/p>\n<p class=\"mb-4 text-lg md:leading-8 break-words\">\u00ab\u00a0Des premiers soins ont \u00e9t\u00e9 prodigu\u00e9s par les pompiers et le SAMU Lariboisi\u00e8re\u00a0\u00bb, indique cette m\u00eame source. Une intervention qui sera sans succ\u00e8s.<\/p>\n<p>Une enqu\u00eate ouverte<\/p>\n<p class=\"mb-4 text-lg md:leading-8 break-words\">Sur place, un chargeur garni a \u00e9t\u00e9 retrouv\u00e9 dans la poche du manteau de la victime ainsi qu&rsquo;une dizaine de douilles sur la chauss\u00e9e. \u00ab\u00a0Des multiples impacts ont \u00e9t\u00e9 constat\u00e9s sur un v\u00e9hicule\u00a0\u00bb, souligne une source polici\u00e8re \u00e0 BFMTV. Une arme de poing a aussi \u00e9t\u00e9 retrouv\u00e9e dans un buisson \u00e0 proximit\u00e9 d&rsquo;une autre voiture \u00e0 la plaque polonaise.<\/p>\n<p class=\"mb-4 text-lg md:leading-8 break-words\">\u00ab\u00a0Une enqu\u00eate des chefs de meurtre, acquisition et d\u00e9tention d\u2019arme et munitions de cat\u00e9gorie B est confi\u00e9e \u00e0 la brigade criminelle\u00a0\u00bb, indique \u00e0 BFMTV, le parquet de Paris. Les investigations sont en cours.<\/p>\n<p class=\"mb-4 text-lg md:leading-8 break-words\"><a href=\"https:\/\/www.bfmtv.com\/police-justice\/un-homme-tue-par-balle-dans-le-19e-arrondissement-de-paris-dans-la-nuit-de-vendredi-a-samedi_AN-202509270212.html#xtor=AL-68\" rel=\"nofollow noopener\" target=\"_blank\" data-ylk=\"slk:Article original publi\u00e9 sur BFMTV.com;elm:context_link;itc:0;sec:content-canvas\" class=\"link \">Article original publi\u00e9 sur BFMTV.com<\/a><\/p>\n","protected":false},"excerpt":{"rendered":"Un homme a \u00e9t\u00e9 tu\u00e9 par arme \u00e0 feu dans le 19e arrondissement de Paris dans la nuit&hellip;\n","protected":false},"author":2,"featured_media":421326,"comment_status":"","ping_status":"","sticky":false,"template":"","format":"standard","meta":{"footnotes":""},"categories":[1888],"tags":[8337,1111,1928,11,1927,5141,10831,1777,674,1011,27,12,1926,626,1925,10857,25],"class_list":{"0":"post-421325","1":"post","2":"type-post","3":"status-publish","4":"format-standard","5":"has-post-thumbnail","7":"category-paris","8":"tag-19e-arrondissement-de-paris","9":"tag-actu","10":"tag-actu-paris","11":"tag-actualites","12":"tag-actualites-paris","13":"tag-arme-a-feu","14":"tag-bfmtv","15":"tag-eu","16":"tag-europe","17":"tag-fr","18":"tag-france","19":"tag-news","20":"tag-news-paris","21":"tag-paris","22":"tag-paris-news","23":"tag-parquet-de-paris","24":"tag-republique-francaise"},"share_on_mastodon":{"url":"https:\/\/pubeurope.com\/@fr\/115276158319566708","error":""},"_links":{"self":[{"href":"https:\/\/www.europesays.com\/fr\/wp-json\/wp\/v2\/posts\/421325","targetHints":{"allow":["GET"]}}],"collection":[{"href":"https:\/\/www.europesays.com\/fr\/wp-json\/wp\/v2\/posts"}],"about":[{"href":"https:\/\/www.europesays.com\/fr\/wp-json\/wp\/v2\/types\/post"}],"author":[{"embeddable":true,"href":"https:\/\/www.europesays.com\/fr\/wp-json\/wp\/v2\/users\/2"}],"replies":[{"embeddable":true,"href":"https:\/\/www.europesays.com\/fr\/wp-json\/wp\/v2\/comments?post=421325"}],"version-history":[{"count":0,"href":"https:\/\/www.europesays.com\/fr\/wp-json\/wp\/v2\/posts\/421325\/revisions"}],"wp:featuredmedia":[{"embeddable":true,"href":"https:\/\/www.europesays.com\/fr\/wp-json\/wp\/v2\/media\/421326"}],"wp:attachment":[{"href":"https:\/\/www.europesays.com\/fr\/wp-json\/wp\/v2\/media?parent=421325"}],"wp:term":[{"taxonomy":"category","embeddable":true,"href":"https:\/\/www.europesays.com\/fr\/wp-json\/wp\/v2\/categories?post=421325"},{"taxonomy":"post_tag","embeddable":true,"href":"https:\/\/www.europesays.com\/fr\/wp-json\/wp\/v2\/tags?post=421325"}],"curies":[{"name":"wp","href":"https:\/\/api.w.org\/{rel}","templated":true}]}}