{"id":421329,"date":"2025-09-27T12:03:12","date_gmt":"2025-09-27T12:03:12","guid":{"rendered":"https:\/\/www.europesays.com\/fr\/421329\/"},"modified":"2025-09-27T12:03:12","modified_gmt":"2025-09-27T12:03:12","slug":"paris-un-homme-de-28-ans-abattu-dans-une-rue-du-xixe-arrondissement-de-la-capitale","status":"publish","type":"post","link":"https:\/\/www.europesays.com\/fr\/421329\/","title":{"rendered":"Paris. Un homme de 28 ans abattu dans une rue du XIXe arrondissement de la capitale"},"content":{"rendered":"<p>Un homme de 28 ans a \u00e9t\u00e9 tu\u00e9 par arme \u00e0 feu dans le XIXe arrondissement (nord) de Paris dans la nuit de vendredi \u00e0 samedi.<\/p>\n<p>Les forces de l\u2019ordre ont \u00e9t\u00e9 appel\u00e9es pour des d\u00e9tonations sur la voie publique vers 4\u00a0heures du matin, rue Emile-Bollaert, non loin de la porte d\u2019Aubervilliers et du p\u00e9riph\u00e9rique, selon une source polici\u00e8re.<\/p>\n<p>Ce contenu est bloqu\u00e9 car vous n&rsquo;avez pas accept\u00e9 les cookies et autres traceurs.<\/p>\n<p>En cliquant sur \u00ab J\u2019accepte \u00bb, les cookies et autres traceurs seront d\u00e9pos\u00e9s et vous pourrez visualiser les contenus  (<a href=\"\" class=\"consentModule_policy\" target=\"_blank\" title=\"Consulter la politique de protection des donn\u00e9es du fournisseur\">plus d&rsquo;informations<\/a>).<\/p>\n<p>En cliquant sur \u00ab J\u2019accepte tous les cookies \u00bb, vous autorisez des d\u00e9p\u00f4ts de cookies et autres traceurs pour le stockage de vos donn\u00e9es sur nos sites et applications \u00e0 des fins de personnalisation et de ciblage publicitaire.<\/p>\n<p class=\"consentModule_secondaryText\">Vous gardez la possibilit\u00e9 de retirer votre consentement \u00e0 tout moment en consultant notre <a href=\"https:\/\/www.ledauphine.com\/protection-des-donnees\" target=\"_blank\" title=\"Consulter notre politique de protection des donn\u00e9es\" rel=\"noopener\">politique de protection des donn\u00e9es<\/a>. <br \/>&#13;<br \/>\n            <a href=\"https:\/\/www.ledauphine.com\/faits-divers-justice\/2025\/09\/27\/javascript:Didomi.notice.show()\" class=\"consentModule_cmp\" target=\"_blank\" rel=\"noopener\">G\u00e9rer mes choix<\/a>&#13;\n        <\/p>\n<p>&#13;<br \/>\n                        J&rsquo;accepte&#13;<br \/>\n            J&rsquo;accepte tous les cookies&#13;\n        <\/p>\n<p>Sur place, les policiers ont d\u00e9couvert le jeune homme en arr\u00eat cardiorespiratoire pr\u00e9sentant une plaie par arme \u00e0 feu au niveau du thorax. Il est d\u00e9c\u00e9d\u00e9 un peu plus tard malgr\u00e9 les soins qui lui ont \u00e9t\u00e9 prodigu\u00e9s.<\/p>\n<p>Une arme d\u00e9couverte dans un buisson<\/p>\n<p>Sur place, un v\u00e9hicule pr\u00e9sentait plusieurs impacts de balles et une arme de poing a \u00e9t\u00e9 retrouv\u00e9e dans un buisson \u00e0 proximit\u00e9 d\u2019une autre voiture, immatricul\u00e9e en Pologne. Selon les premiers \u00e9l\u00e9ments de l\u2019enqu\u00eate, il s\u2019agirait de l\u2019arme de la victime, mais les circonstances exactes des faits restaient \u00e0 d\u00e9terminer.<\/p>\n<p>Le parquet a indiqu\u00e9 qu\u2019une enqu\u00eate \u00e9tait ouverte pour meurtre et pour des infractions \u00e0 la l\u00e9gislation sur les armes, confi\u00e9e \u00e0 la Brigade criminelle.<\/p>\n","protected":false},"excerpt":{"rendered":"Un homme de 28 ans a \u00e9t\u00e9 tu\u00e9 par arme \u00e0 feu dans le XIXe arrondissement (nord) de&hellip;\n","protected":false},"author":2,"featured_media":421330,"comment_status":"","ping_status":"","sticky":false,"template":"","format":"standard","meta":{"footnotes":""},"categories":[1888],"tags":[11,271,272,1777,674,274,107,1011,27,329,12,626,25],"class_list":{"0":"post-421329","1":"post","2":"type-post","3":"status-publish","4":"format-standard","5":"has-post-thumbnail","7":"category-paris","8":"tag-actualites","9":"tag-crime","10":"tag-delit-et-contravention","11":"tag-eu","12":"tag-europe","13":"tag-faits-divers-justice","14":"tag-fil-info","15":"tag-fr","16":"tag-france","17":"tag-france-monde","18":"tag-news","19":"tag-paris","20":"tag-republique-francaise"},"share_on_mastodon":{"url":"https:\/\/pubeurope.com\/@fr\/115276166393503994","error":""},"_links":{"self":[{"href":"https:\/\/www.europesays.com\/fr\/wp-json\/wp\/v2\/posts\/421329","targetHints":{"allow":["GET"]}}],"collection":[{"href":"https:\/\/www.europesays.com\/fr\/wp-json\/wp\/v2\/posts"}],"about":[{"href":"https:\/\/www.europesays.com\/fr\/wp-json\/wp\/v2\/types\/post"}],"author":[{"embeddable":true,"href":"https:\/\/www.europesays.com\/fr\/wp-json\/wp\/v2\/users\/2"}],"replies":[{"embeddable":true,"href":"https:\/\/www.europesays.com\/fr\/wp-json\/wp\/v2\/comments?post=421329"}],"version-history":[{"count":0,"href":"https:\/\/www.europesays.com\/fr\/wp-json\/wp\/v2\/posts\/421329\/revisions"}],"wp:featuredmedia":[{"embeddable":true,"href":"https:\/\/www.europesays.com\/fr\/wp-json\/wp\/v2\/media\/421330"}],"wp:attachment":[{"href":"https:\/\/www.europesays.com\/fr\/wp-json\/wp\/v2\/media?parent=421329"}],"wp:term":[{"taxonomy":"category","embeddable":true,"href":"https:\/\/www.europesays.com\/fr\/wp-json\/wp\/v2\/categories?post=421329"},{"taxonomy":"post_tag","embeddable":true,"href":"https:\/\/www.europesays.com\/fr\/wp-json\/wp\/v2\/tags?post=421329"}],"curies":[{"name":"wp","href":"https:\/\/api.w.org\/{rel}","templated":true}]}}