{"id":421333,"date":"2025-09-27T12:05:12","date_gmt":"2025-09-27T12:05:12","guid":{"rendered":"https:\/\/www.europesays.com\/fr\/421333\/"},"modified":"2025-09-27T12:05:12","modified_gmt":"2025-09-27T12:05:12","slug":"beatification-du-pretre-martyr-pierre-paul-oros-en-ukraine","status":"publish","type":"post","link":"https:\/\/www.europesays.com\/fr\/421333\/","title":{"rendered":"B\u00e9atification du pr\u00eatre martyr Pierre Paul Oros en Ukraine"},"content":{"rendered":"<p>La Divine Liturgie pour la b\u00e9atification du pr\u00eatre et martyr du r\u00e9gime communiste, tu\u00e9 en 1953 \u00e0 seulement 36 ans a \u00e9t\u00e9 c\u00e9l\u00e9br\u00e9e samedi matin \u00e0 Bilky, en Ukraine. Le repr\u00e9sentant du Pape, le cardinal Ry\u015b, l\u2019a rappel\u00e9 comme \u00abpont\u00bb entre les divisions et les conflits.<\/p>\n<p><b>Vatican News<\/b><\/p>\n<p>\u00abDans le monde d&rsquo;aujourd&rsquo;hui, d\u00e9chir\u00e9 par de terribles guerres, divis\u00e9 comme jamais auparavant, et dans lequel l&rsquo;homme a perdu la capacit\u00e9 de se rencontrer profond\u00e9ment et souffre d&rsquo;une terrible solitude, nous avons besoin de personnes, de vraie rencontre et de communion, comme le p\u00e8re Pierre Paul Oros\u00bb, a d\u00e9clar\u00e9 le cardinal polonais Grzegorz Ry\u015b, archev\u00eaque de \u0141\u00f3d\u017a et repr\u00e9sentant du Pape, pr\u00e9sentant le pr\u00eatre de l&rsquo;\u00e9parchie de Moukatchevo de rite byzantin, martyris\u00e9 en 1953 et b\u00e9atifi\u00e9 samedi matin, 27 septembre, \u00e0 Bilky, en Ukraine. Cet \u00e9v\u00e9nement tr\u00e8s attendu, report\u00e9 \u00e0 plusieurs reprises en raison de la guerre en Ukraine et de la disparition du Pape Fran\u00e7ois, a \u00e9galement \u00e9t\u00e9 rappel\u00e9 par L\u00e9on XIV lors de l&rsquo;audience jubilaire d&rsquo;aujourd&rsquo;hui, place Saint-Pierre: \u00abLorsque l&rsquo;\u00c9glise gr\u00e9co-catholique fut d\u00e9clar\u00e9e ill\u00e9gale, a d\u00e9clar\u00e9 L\u00e9on XIV, il resta fid\u00e8le au Successeur de Pierre et continua courageusement son minist\u00e8re clandestinement, conscient des risques. Nous invoquons l&rsquo;intercession de ce nouveau bienheureux afin qu&rsquo;il accorde au bien-aim\u00e9 peuple ukrainien le courage de pers\u00e9v\u00e9rer dans la foi et l&rsquo;esp\u00e9rance malgr\u00e9 la trag\u00e9die de la guerre\u00bb.<\/p>\n<p><b>Une vie de charit\u00e9<\/b> <\/p>\n<p>Le cardinal Ry\u015b a retrac\u00e9 la br\u00e8ve vie du nouveau bienheureux, tu\u00e9 par le r\u00e9gime communiste \u00e0 seulement 36 ans, mais marqu\u00e9e par la bont\u00e9, la mis\u00e9ricorde et la charit\u00e9. \u00abAujourd&rsquo;hui, nous proclamons bienheureux un martyr pour qui la croix n&rsquo;a pas seulement \u00e9t\u00e9 la mort, mais toute sa vie\u00bb, a affirm\u00e9 le cardinal, soulignant \u00e9galement la \u00abfoi profonde et la spiritualit\u00e9\u00bb du p\u00e8re Oros dont les genoux \u00ab\u00e9taient durs comme la plante des pieds \u00e0 force de prier. C\u2019est d\u2019ailleurs \u00e0 genoux qu\u2019il est mort, avec le Saint-Sacrement qu&rsquo;il portait \u00e0 un malade\u00bb.<\/p>\n<p>Il \u00abn&rsquo;enseignait pas par la parole \u00e9crite, mais par sa vie, par l&rsquo;exemple\u00bb, a ajout\u00e9 le cardinal. De fait, aucun texte de ses nombreuses hom\u00e9lies et cat\u00e9ch\u00e8ses ne subsiste. Pourtant, malgr\u00e9 cela, son \u00abaction bienfaisante\u00bb reste grav\u00e9e dans la m\u00e9moire de beaucoup.<\/p>\n<p>Chez le p\u00e8re Oros , a continu\u00e9 le repr\u00e9sentant du Pape, pauvret\u00e9 et charit\u00e9 \u00abconvergeaient dans une m\u00eame attitude, elles \u00e9taient comme les deux faces de son visage. Il \u00e9tait pauvre parce qu&rsquo;il donnait, et il donnait parce qu&rsquo;il savait \u00eatre pauvre. Dans les presbyt\u00e8res o\u00f9 il vivait, il n&rsquo;y avait qu&rsquo;une table toute simple et quelques chaises. Ce qu&rsquo;il recevait, il le distribuait\u00bb, embrassant l&rsquo;humanit\u00e9 \u00abdans tous ses besoins: des plus profonds et spirituels aux plus simples et mat\u00e9riels\u00bb, car il croyait que les n\u00e9cessiteux devaient \u00abtoujours recevoir ce qu\u2019il y a de mieux\u00bb.<\/p>\n<p>     <a href=\"https:\/\/www.vaticannews.va\/fr\/eglise\/news\/2025-09\/ukraine-femmes-paix-guerre-mamans-enfants-pelerinage-rome.html\" title=\"Des m\u00e8res ukrainiennes: que le monde nous aide \u00e0 retrouver la paix\" rel=\"nofollow noopener\" target=\"_blank\"><\/p>\n<p>        <img decoding=\"async\" src=\"data:image\/gif;base64,R0lGODlhAQABAIAAAAAAAP\/\/\/yH5BAEAAAAALAAAAAABAAEAAAIBRAA7\" data-original=\"https:\/\/www.vaticannews.va\/content\/dam\/vaticannews\/agenzie\/images\/srv\/2025\/09\/06\/2025-09-06-udienza-giubilare\/1757149605133.JPG\/_jcr_content\/renditions\/cq5dam.thumbnail.cropped.500.281.jpeg\" alt=\"Des m\u00e8res ukrainiennes: que le monde nous aide \u00e0 retrouver la paix\"\/><\/p>\n<p>      <\/a><\/p>\n<p>\n      \u00abNous ne voulons pas que nos enfants meurent, nous voulons pouvoir nous endormir sans craindre de ne pas nous r\u00e9veiller\u00bb. C\u2019est l&rsquo;appel lanc\u00e9 par le groupe de femmes soutenues par &#8230;\n     <\/p>\n<p><b>La mis\u00e9ricorde m\u00eame en temps de guerre<\/b> <\/p>\n<p>Parant de cet exemple, le cardinal a adress\u00e9 aux fid\u00e8les ukrainiens une invitation particuli\u00e8rement opportune: \u00abVous qui souffrez depuis de nombreuses ann\u00e9es d\u2019agression et de guerre; vous qui avez perdu non seulement vos maisons et vos biens, mais aussi ce qui est inestimable, c\u2019est-\u00e0-dire votre vie, votre sant\u00e9 et celles de vos proches: il est \u00e9vident que vous avez le droit d\u2019attendre aide et soutien de la part de tous\u00bb. Mais, a-t-il ajout\u00e9, \u00abpr\u00e9cis\u00e9ment aujourd\u2019hui, dans des circonstances aussi dramatiques, o\u00f9 vous avez le droit de penser avant tout \u00e0 vous-m\u00eames, le bienheureux Perre Paul Oros vous dit: \u201cSoyez mis\u00e9ricordieux !\u201d\u00bb.<\/p>\n<p>Enfin, le cardinal Ry\u015b a \u00e9voqu\u00e9 la \u00abriche spiritualit\u00e9 de la rencontre\u00bb v\u00e9cue par le nouveau bienheureux, \u00abqui respirait avec les deux poumons du christianisme: oriental et occidental\u00bb, devenant ainsi un \u00abpont\u00bb entre deux mondes, m\u00eame dans des contextes difficiles. \u00abNous avons tous besoin de ponts\u00bb, a relev\u00e9 le cardinal, \u00abmais nous savons bien qu&rsquo;en temps de guerre, ce sont toujours les ponts qui sont les premiers \u00e0 \u00eatre bombard\u00e9s. \u00catre un \u201cpont\u201d signifie \u00eatre celui qui unit, et non celui qui divise; \u00eatre celui qui \u201ctransforme les \u00e9p\u00e9es en socs\u201d, c&rsquo;est-\u00e0-dire qui transforme les armes en outils de travail partag\u00e9\u00bb. Le p\u00e8re Oros \u00aba su trouver un langage commun avec tous: avec les catholiques latins et byzantins, avec les chr\u00e9tiens orthodoxes et avec les ath\u00e9es\u00bb.<\/p>\n<p>    <img decoding=\"async\" src=\"data:image\/gif;base64,R0lGODlhAQABAIAAAAAAAP\/\/\/yH5BAEAAAAALAAAAAABAAEAAAIBRAA7\" data-original=\"https:\/\/www.vaticannews.va\/content\/dam\/vaticannews\/multimedia\/2022\/08\/04\/22222.jpg\/_jcr_content\/renditions\/cq5dam.thumbnail.cropped.750.422.jpeg\" alt=\"le p\u00e8re Pierre Paul Oros\" title=\"le p\u00e8re Pierre Paul Oros\"\/><\/p>\n<p>\n   le p\u00e8re Pierre Paul Oros\n  <\/p>\n<p><b>Le p\u00e8lerinage des jeunes<\/b> <\/p>\n<p>L&rsquo;existence du nouveau bienheureux, ainsi que celle de ses fr\u00e8res pr\u00eatres \u00abarr\u00eat\u00e9s, pers\u00e9cut\u00e9s, tortur\u00e9s, tu\u00e9s et morts en prison\u00bb, a conclu le cardinal Ry\u015b, \u00abenseigne un amour puissant et radical, dans la vie comme dans la mort\u00bb. La c\u00e9l\u00e9bration samedi matin a \u00e9t\u00e9 pr\u00e9c\u00e9d\u00e9e la veille par un p\u00e8lerinage \u00e0 pied d&rsquo;environ un millier de jeunes \u00e0 Bilky, suivi de la Divine Liturgie pr\u00e9sid\u00e9e par l&rsquo;\u00e9v\u00eaque auxiliaire de Moukatchevo de rite byzantin, le franciscain Nil Yuriy Lushchak .<\/p>\n<p>\u00a0<\/p>\n","protected":false},"excerpt":{"rendered":"La Divine Liturgie pour la b\u00e9atification du pr\u00eatre et martyr du r\u00e9gime communiste, tu\u00e9 en 1953 \u00e0 seulement&hellip;\n","protected":false},"author":2,"featured_media":421334,"comment_status":"","ping_status":"","sticky":false,"template":"","format":"standard","meta":{"footnotes":""},"categories":[1590],"tags":[11,18362,21945,1777,674,12,11383,9916,220],"class_list":{"0":"post-421333","1":"post","2":"type-post","3":"status-publish","4":"format-standard","5":"has-post-thumbnail","7":"category-ukraine","8":"tag-actualites","9":"tag-cardinaux","10":"tag-eglises-orientales","11":"tag-eu","12":"tag-europe","13":"tag-news","14":"tag-pretres","15":"tag-saints-et-bienheureux","16":"tag-ukraine"},"share_on_mastodon":{"url":"https:\/\/pubeurope.com\/@fr\/115276174127775761","error":""},"_links":{"self":[{"href":"https:\/\/www.europesays.com\/fr\/wp-json\/wp\/v2\/posts\/421333","targetHints":{"allow":["GET"]}}],"collection":[{"href":"https:\/\/www.europesays.com\/fr\/wp-json\/wp\/v2\/posts"}],"about":[{"href":"https:\/\/www.europesays.com\/fr\/wp-json\/wp\/v2\/types\/post"}],"author":[{"embeddable":true,"href":"https:\/\/www.europesays.com\/fr\/wp-json\/wp\/v2\/users\/2"}],"replies":[{"embeddable":true,"href":"https:\/\/www.europesays.com\/fr\/wp-json\/wp\/v2\/comments?post=421333"}],"version-history":[{"count":0,"href":"https:\/\/www.europesays.com\/fr\/wp-json\/wp\/v2\/posts\/421333\/revisions"}],"wp:featuredmedia":[{"embeddable":true,"href":"https:\/\/www.europesays.com\/fr\/wp-json\/wp\/v2\/media\/421334"}],"wp:attachment":[{"href":"https:\/\/www.europesays.com\/fr\/wp-json\/wp\/v2\/media?parent=421333"}],"wp:term":[{"taxonomy":"category","embeddable":true,"href":"https:\/\/www.europesays.com\/fr\/wp-json\/wp\/v2\/categories?post=421333"},{"taxonomy":"post_tag","embeddable":true,"href":"https:\/\/www.europesays.com\/fr\/wp-json\/wp\/v2\/tags?post=421333"}],"curies":[{"name":"wp","href":"https:\/\/api.w.org\/{rel}","templated":true}]}}