{"id":421336,"date":"2025-09-27T12:07:22","date_gmt":"2025-09-27T12:07:22","guid":{"rendered":"https:\/\/www.europesays.com\/fr\/421336\/"},"modified":"2025-09-27T12:07:22","modified_gmt":"2025-09-27T12:07:22","slug":"au-royaume-uni-une-employee-de-creche-emprisonnee-pour-avoir-agresse-21-bebes","status":"publish","type":"post","link":"https:\/\/www.europesays.com\/fr\/421336\/","title":{"rendered":"au Royaume-Uni, une employ\u00e9e de cr\u00e8che emprisonn\u00e9e pour avoir agress\u00e9 21 b\u00e9b\u00e9s"},"content":{"rendered":"<p class=\"article-p mdl\">Des \u00ab\u00a0actes de cruaut\u00e9\u00a0\u00bb envers plusieurs dizaines de b\u00e9b\u00e9s. Une jeune femme de 22 ans qui travaillait dans deux cr\u00e8ches au Royaume-Uni a \u00e9t\u00e9 condamn\u00e9e le 27 septembre \u00e0 huit ans de prison pour avoir agress\u00e9<strong> 21 b\u00e9b\u00e9s, des actes \u00ab\u00a0gratuits\u00a0\u00bb et \u00ab\u00a0sadiques\u00a0\u00bb, <\/strong>selon la juge. Roksana Lecka a commis de nombreux \u00ab\u00a0actes de cruaut\u00e9\u00a0\u00bb dans les deux \u00e9tablissements o\u00f9 elle \u00e9tait employ\u00e9e entre octobre 2023 et juin 2024 en banlieue de Londres, a soulign\u00e9 Sarah Plaschkes lors de sa d\u00e9cision.<\/p>\n<p class=\"article-p mdl\">La jeune femme, qui a dit avoir eu <strong>une addiction au cannabis, <\/strong>a admis avoir commis de tels actes envers sept enfants de moins de 16 ans, et le tribunal de Kingston, au sud-ouest de la capitale, l&rsquo;a reconnue coupable de faits similaires envers 14 autres lors de son proc\u00e8s. Ces enfants ont \u00e9t\u00e9 \u00ab\u00a0pinc\u00e9s, gifl\u00e9s, frapp\u00e9s, ils ont re\u00e7u des claques et des coups de pieds. <strong>Vous leur avez tir\u00e9 les oreilles, les cheveux et les orteils<\/strong>\u00ab\u00a0, a \u00e9num\u00e9r\u00e9 la juge, de \u00ab\u00a0multiples actes de violence gratuite\u00a0\u00bb perp\u00e9tr\u00e9s quand elle \u00e9tait \u00e0 l&rsquo;abri des regards.<\/p>\n<p class=\"article-p mdl\">Des vid\u00e9os de surveillance de la seconde cr\u00e8che, Riverside, montrent<strong> Roksana Lecka en train de pincer et griffer des enfants sur les bras, les jambes et l&rsquo;abdomen,<\/strong> ou donnant un coup de pied au visage d&rsquo;un petit gar\u00e7on. De nombreux parents \u00e9taient pr\u00e9sents dans la salle pour assister au verdict, et ont racont\u00e9 \u00e0 la barre l&rsquo;impact de ces violences sur leurs enfants et sur eux-m\u00eames. \u00ab\u00a0Ces enfants \u00e9taient si innocents, vuln\u00e9rables. Ils ne pouvaient pas parler, pas se d\u00e9fendre (&#8230;) ils \u00e9taient totalement d\u00e9munis et Roksana s&rsquo;est attaqu\u00e9e \u00e0 eux\u00a0\u00bb, s&rsquo;est indign\u00e9 une m\u00e8re.<\/p>\n<p class=\"article-p mdl\">La juge a qualifi\u00e9 son comportement de <strong>\u00ab\u00a0sadique\u00a0\u00bb<\/strong>, tandis que le cabinet d&rsquo;avocats Irwin Mitchell, qui repr\u00e9sente 18 des familles, s&rsquo;est interrog\u00e9 sur la mani\u00e8re dont les agressions commises par Lecka ont pu passer \u00ab\u00a0inaper\u00e7ues\u00a0\u00bb, avant qu&rsquo;elles ne soient d\u00e9couvertes en juin 2024. L&rsquo;avocate de la jeune femme, Arlette Piercy, a mis en avant le fait que sa cliente avait exprim\u00e9 des remords, et a mentionn\u00e9 son \u00e2ge comme circonstance att\u00e9nuante.<\/p>\n<p class=\"article-p mdl\">Roksana Lecka a notamment d\u00e9clar\u00e9 dans une lettre adress\u00e9e au tribunal que<strong> sa consommation de cannabis avait alt\u00e9r\u00e9 son comportement.\u00a0<\/strong>Elle a \u00e9t\u00e9 reconnue non coupable, en parall\u00e8le, d&rsquo;actes de cruaut\u00e9 envers trois autres enfants.<\/p>\n<p>    La r\u00e9daction vous recommande<\/p>\n<p class=\"s-newsletter__title\">\n                L\u2019actualit\u00e9 par la r\u00e9daction de RTL dans votre bo\u00eete mail.\n            <\/p>\n<p class=\"s-newsletter__subtitle\">\n                Gr\u00e2ce \u00e0 votre compte RTL abonnez-vous \u00e0 la newsletter RTL info pour suivre toute l&rsquo;actualit\u00e9 au quotidien\n            <\/p>\n<p>\n                                    Lire la suite\n                                <\/p>\n","protected":false},"excerpt":{"rendered":"Des \u00ab\u00a0actes de cruaut\u00e9\u00a0\u00bb envers plusieurs dizaines de b\u00e9b\u00e9s. Une jeune femme de 22 ans qui travaillait dans&hellip;\n","protected":false},"author":2,"featured_media":421337,"comment_status":"","ping_status":"","sticky":false,"template":"","format":"standard","meta":{"footnotes":""},"categories":[1588],"tags":[11,28311,1719,1777,674,118,107,12,473,1853,1851,1850,1852],"class_list":{"0":"post-421336","1":"post","2":"type-post","3":"status-publish","4":"format-standard","5":"has-post-thumbnail","7":"category-royaume-uni","8":"tag-actualites","9":"tag-creches","10":"tag-enfants","11":"tag-eu","12":"tag-europe","13":"tag-faits-divers","14":"tag-fil-info","15":"tag-news","16":"tag-royaume-uni","17":"tag-royaume-uni-de-grande-bretagne-et-dirlande-du-nord","18":"tag-uk","19":"tag-united-kingdom","20":"tag-united-kingdom-of-great-britain-and-northern-ireland"},"share_on_mastodon":{"url":"https:\/\/pubeurope.com\/@fr\/115276181950684208","error":""},"_links":{"self":[{"href":"https:\/\/www.europesays.com\/fr\/wp-json\/wp\/v2\/posts\/421336","targetHints":{"allow":["GET"]}}],"collection":[{"href":"https:\/\/www.europesays.com\/fr\/wp-json\/wp\/v2\/posts"}],"about":[{"href":"https:\/\/www.europesays.com\/fr\/wp-json\/wp\/v2\/types\/post"}],"author":[{"embeddable":true,"href":"https:\/\/www.europesays.com\/fr\/wp-json\/wp\/v2\/users\/2"}],"replies":[{"embeddable":true,"href":"https:\/\/www.europesays.com\/fr\/wp-json\/wp\/v2\/comments?post=421336"}],"version-history":[{"count":0,"href":"https:\/\/www.europesays.com\/fr\/wp-json\/wp\/v2\/posts\/421336\/revisions"}],"wp:featuredmedia":[{"embeddable":true,"href":"https:\/\/www.europesays.com\/fr\/wp-json\/wp\/v2\/media\/421337"}],"wp:attachment":[{"href":"https:\/\/www.europesays.com\/fr\/wp-json\/wp\/v2\/media?parent=421336"}],"wp:term":[{"taxonomy":"category","embeddable":true,"href":"https:\/\/www.europesays.com\/fr\/wp-json\/wp\/v2\/categories?post=421336"},{"taxonomy":"post_tag","embeddable":true,"href":"https:\/\/www.europesays.com\/fr\/wp-json\/wp\/v2\/tags?post=421336"}],"curies":[{"name":"wp","href":"https:\/\/api.w.org\/{rel}","templated":true}]}}