{"id":421338,"date":"2025-09-27T12:08:40","date_gmt":"2025-09-27T12:08:40","guid":{"rendered":"https:\/\/www.europesays.com\/fr\/421338\/"},"modified":"2025-09-27T12:08:40","modified_gmt":"2025-09-27T12:08:40","slug":"en-allemagne-des-tracts-de-lafd-en-forme-de-billet-dexpulsion-envoyes-a-des-personnes-issues-de-limmigration-une-enquete-ouverte-liberation","status":"publish","type":"post","link":"https:\/\/www.europesays.com\/fr\/421338\/","title":{"rendered":"En Allemagne, des tracts de l\u2019AfD en forme de \u00abbillet d\u2019expulsion\u00bb envoy\u00e9s \u00e0 des personnes issues de l\u2019immigration, une enqu\u00eate ouverte \u2013 Lib\u00e9ration"},"content":{"rendered":"<p class=\"sc-cPiKLX AiZTS text-element\">La distribution par le parti allemand d\u2019extr\u00eame droite Alternative f\u00fcr Deutschland (AfD) d\u2019un tract \u00e9lectoral en forme de billet d\u2019avion \u00abpour migrant ill\u00e9gal\u00bb, en pleine campagne pour <a href=\"https:\/\/www.liberation.fr\/international\/europe\/allemagne-le-president-dissout-le-parlement-et-fixe-les-elections-au-23-fevrier-20241227_FI2XWOFUHFBMXHJVM7FHX7RHMU\/\" target=\"_blank\" rel=\"nofollow noopener\">les l\u00e9gislatives de f\u00e9vrier<\/a>, a entra\u00een\u00e9 l\u2019ouverture d\u2019une enqu\u00eate, a indiqu\u00e9 la police allemande mardi 14 janvier. L\u2019enqu\u00eate a \u00e9t\u00e9 ouverte pour \u00absoup\u00e7ons d\u2019incitation \u00e0 la haine\u00bb, selon un porte-parole de la police de la ville de Karlsruhe, non loin de la fronti\u00e8re fran\u00e7aise, o\u00f9 l\u2019imprim\u00e9 a \u00e9t\u00e9 diffus\u00e9.<\/p>\n<p class=\"sc-cPiKLX AiZTS text-element\">La section locale de l\u2019AfD a assum\u00e9 sur son site Internet la cr\u00e9ation de ce \u00abbillet d\u2019expulsion\u00bb qui porte son logo et ressemble \u00e0 une carte d\u2019embarquement de compagnie a\u00e9rienne. On peut y lire qu\u2019il s\u2019agit d\u2019un \u00aballer simple en classe \u00e9co\u00bb pour un \u00abmigrant ill\u00e9gal\u00bb au d\u00e9part de l\u2019Allemagne et \u00e0 destination d\u2019un \u00abpays d\u2019origine s\u00fbr\u00bb. L\u2019embarquement, effectu\u00e9 en porte \u00abAfD\u00bb, se d\u00e9roulera le 23 f\u00e9vrier, date des \u00e9lections, de \u00ab8 \u00e0 18 heures\u00bb, horaires d\u2019ouverture des bureaux de vote, est-il \u00e9crit. Certains observateurs ont vu dans l\u2019horaire de fermeture, 18 heures, un code n\u00e9o-nazi bas\u00e9 sur les initiales d\u2019Adolf Hitler, le A et le H \u00e9tant les premi\u00e8re et huiti\u00e8me lettres de l\u2019alphabet (soit 1 = A et 8 = H), une accusation rejet\u00e9e par la section locale.<\/p>\n<p class=\"sc-cPiKLX AiZTS text-element\">Au verso du billet, les auteurs du tract pr\u00e9conisent notamment \u00abl\u2019expulsion de toutes les personnes oblig\u00e9es de quitter le territoire\u00bb. Ce flyer donne \u00e0 l\u2019AfD \u00abl\u2019opportunit\u00e9 de faire conna\u00eetre aux \u00e9lecteurs ces demandes tout \u00e0 fait l\u00e9gitimes et conformes \u00e0 la loi sous une forme simplifi\u00e9e\u00bb, justifie la section de Karlsruhe. Ce mat\u00e9riel de propagande \u00e9lectorale \u00abest actuellement distribu\u00e9 \u00e0 Karlsruhe en aussi grand nombre que possible et sans exigences ni restrictions particuli\u00e8res\u00bb, indique encore les responsables locaux du parti.<\/p>\n<p class=\"sc-cPiKLX AiZTS text-element\">Pourquoi une telle pr\u00e9cision ? Parce qu\u2019il existe une suspicion d\u2019un ciblage de bo\u00eetes aux lettres de noms \u00e0 consonance non-germanique. Un utilisateur du r\u00e9seau X qui se pr\u00e9sente comme \u00abcitoyen allemand d\u2019origine turque\u00bb a ainsi dit avoir trouv\u00e9 le faux billet dans sa bo\u00eete aux lettres et ressenti un \u00absentiment tr\u00e8s \u00e9trange\u00bb. \u00abMon nom de famille \u00e9tait probablement d\u00e9terminant pour cette action\u00bb, estime-t-il. \u00abAu moins deux sections locales du parti ont envoy\u00e9 par la poste des \u00abbillets d\u2019expulsion\u00bb \u00e0 des personnes issues de l\u2019immigration\u00bb, \u00e9crit <a href=\"https:\/\/www.fr.de\/politik\/an-menschen-mit-migrationshintergrund-afd-kreisverbaende-verschicken-abschiebetickets-93512486.html\" target=\"_blank\" rel=\"nofollow noopener\">le Frankfurter Rundschau<\/a>, citant Karlsruhe mais aussi la ville de G\u00f6ppingen, elle aussi situ\u00e9e dans le Land du Bade-Wurtemberg.<\/p>\n<p class=\"sc-cPiKLX AiZTS text-element\">Le parti de gauche radicale Die Linke a qualifi\u00e9 cette initiative de \u00abm\u00e9thode fasciste pour inciter \u00e0 la haine\u00bb, accusant l\u2019AfD d\u2019avoir cibl\u00e9 dans sa distribution les personnes issues de l\u2019immigration. Cr\u00e9dit\u00e9e de la deuxi\u00e8me place dans les sondages nationaux, l\u2019AfD pr\u00f4ne ouvertement une \u00abremigration\u00bb des \u00e9trangers non d\u00e9sirables, mesure que le parti a int\u00e9gr\u00e9e \u00e0 son programme \u00e9lectoral.<\/p>\n","protected":false},"excerpt":{"rendered":"La distribution par le parti allemand d\u2019extr\u00eame droite Alternative f\u00fcr Deutschland (AfD) d\u2019un tract \u00e9lectoral en forme de&hellip;\n","protected":false},"author":2,"featured_media":421339,"comment_status":"","ping_status":"","sticky":false,"template":"","format":"standard","meta":{"footnotes":""},"categories":[1587],"tags":[11,1862,672,1804,1805,1803,1777,674,1076,1801,12,1802],"class_list":{"0":"post-421338","1":"post","2":"type-post","3":"status-publish","4":"format-standard","5":"has-post-thumbnail","7":"category-allemagne","8":"tag-actualites","9":"tag-afd","10":"tag-allemagne","11":"tag-bundesrepublik-deutschland","12":"tag-de","13":"tag-deutschland","14":"tag-eu","15":"tag-europe","16":"tag-extreme-droite","17":"tag-germany","18":"tag-news","19":"tag-republique-federale-dallemagne"},"share_on_mastodon":{"url":"https:\/\/pubeurope.com\/@fr\/115276186011159699","error":""},"_links":{"self":[{"href":"https:\/\/www.europesays.com\/fr\/wp-json\/wp\/v2\/posts\/421338","targetHints":{"allow":["GET"]}}],"collection":[{"href":"https:\/\/www.europesays.com\/fr\/wp-json\/wp\/v2\/posts"}],"about":[{"href":"https:\/\/www.europesays.com\/fr\/wp-json\/wp\/v2\/types\/post"}],"author":[{"embeddable":true,"href":"https:\/\/www.europesays.com\/fr\/wp-json\/wp\/v2\/users\/2"}],"replies":[{"embeddable":true,"href":"https:\/\/www.europesays.com\/fr\/wp-json\/wp\/v2\/comments?post=421338"}],"version-history":[{"count":0,"href":"https:\/\/www.europesays.com\/fr\/wp-json\/wp\/v2\/posts\/421338\/revisions"}],"wp:featuredmedia":[{"embeddable":true,"href":"https:\/\/www.europesays.com\/fr\/wp-json\/wp\/v2\/media\/421339"}],"wp:attachment":[{"href":"https:\/\/www.europesays.com\/fr\/wp-json\/wp\/v2\/media?parent=421338"}],"wp:term":[{"taxonomy":"category","embeddable":true,"href":"https:\/\/www.europesays.com\/fr\/wp-json\/wp\/v2\/categories?post=421338"},{"taxonomy":"post_tag","embeddable":true,"href":"https:\/\/www.europesays.com\/fr\/wp-json\/wp\/v2\/tags?post=421338"}],"curies":[{"name":"wp","href":"https:\/\/api.w.org\/{rel}","templated":true}]}}