{"id":421340,"date":"2025-09-27T12:09:10","date_gmt":"2025-09-27T12:09:10","guid":{"rendered":"https:\/\/www.europesays.com\/fr\/421340\/"},"modified":"2025-09-27T12:09:10","modified_gmt":"2025-09-27T12:09:10","slug":"ventes-electriques-aout-2025-europe-302-tesla-366","status":"publish","type":"post","link":"https:\/\/www.europesays.com\/fr\/421340\/","title":{"rendered":"Ventes \u00e9lectriques ao\u00fbt 2025 : Europe +30,2%, Tesla -36,6%"},"content":{"rendered":"<p><strong><a href=\"https:\/\/www.acea.auto\/pc-registrations\/new-car-registrations-0-1-in-august-2025-year-to-date-battery-electric-15-8-market-share\/\" target=\"_blank\" rel=\"noopener\">Les ventes de voitures en Europe<\/a> sont en hausse de 5,3% en ao\u00fbt 2025 par rapport \u00e0 2024, avec un boom des \u00e9lectriques\u2026 sauf pour <a href=\"https:\/\/mobiwisy.fr\/marque\/tesla\" target=\"_blank\" rel=\"noopener\">Tesla<\/a>.<\/strong><\/p>\n<p>Les <a href=\"https:\/\/www.acea.auto\/\" target=\"_blank\" rel=\"noopener\">chiffres sont t\u00eatus<\/a> et font taire les complotistes : les ventes de Tesla demeurent dramatiquement basses en Europe. Alors que le march\u00e9 europ\u00e9ens a marqu\u00e9, en ao\u00fbt 2025, un second mois de hausse, r\u00e9duisant la baisse sur les 8 premiers mois de l\u2019ann\u00e9e \u00e0 -0,1% par rapport \u00e0 la m\u00eame p\u00e9riode 2024, un constructeur continue de s\u2019enliser.<\/p>\n<p>En France, plus sp\u00e9cifiquement, le march\u00e9 affiche une l\u00e9g\u00e8re hausse de +2,2%, toutes motorisations confondues, au mois d\u2019ao\u00fbt. Sur le segment plus pr\u00e9cis de l\u2019\u00e9lectrique, le sursaut est spectaculaire : +29,3% (16 992 voitures immatricul\u00e9es) d\u2019une ann\u00e9e sur l\u2019autre, quand le march\u00e9 europ\u00e9en bondit de 30,2%.<\/p>\n<p class=\"cross-article__title\">\n        Cet article pourraitvous int\u00e9resser :    <\/p>\n<p>            <img decoding=\"async\" src=\"https:\/\/www.europesays.com\/fr\/wp-content\/uploads\/2025\/09\/Mercedes-AMG-One-Nurburgring-2024.jpg\"   alt=\"\"\/><\/p>\n<p>            <a href=\"https:\/\/mobiwisy.fr\/voiture\/il-y-a-100-ans-naissait-lenfer-vert-du-nurburgring\" target=\"_blank\" rel=\"noopener\"><br \/>\n                Il y a 100 ans naissait l\u2019Enfer Vert du N\u00fcrburgring            <\/a><\/p>\n<p><strong>Tesla plonge, BYD explose<\/strong><\/p>\n<p>Dans le maelstrom de chiffres d\u2019immatriculations europ\u00e9ennes, deux rivaux se partageant la domination mondiale de l\u2019\u00e9lectrique surprennent. Mais par pour les m\u00eames raisons.<\/p>\n<p>D\u00e9butons par <a href=\"https:\/\/www.tesla.com\/fr_fr\" target=\"_blank\" rel=\"noopener\">Tesla<\/a> dont les ventes ne cessent de plonger : -36,6% en ao\u00fbt 2025 par rapport \u00e0 ao\u00fbt 2024, et toujours -42,9% sur la p\u00e9riode janvier-ao\u00fbt 2025. Nous serions tent\u00e9s de dire que la baisse est moins violente, sauf lorsque l\u2019on compare au g\u00e9ant chinois.<\/p>\n<p>Dans le m\u00eame temps, <a href=\"https:\/\/mobiwisy.fr\/marque\/byd\" target=\"_blank\" rel=\"noopener\">BYD<\/a> voit ses ventes europ\u00e9ennes bondir de fa\u00e7on spectaculaire : +201,3% en ao\u00fbt 2025 et +244% depuis le d\u00e9but de l\u2019ann\u00e9e 2025. Si bien qu\u2019il s\u2019est vendu plus de BYD cet \u00e9t\u00e9 que de <a href=\"https:\/\/mobiwisy.fr\/voiture\/electrique\/tesla-tente-une-incroyable-promotion-sur-la-model-3\" target=\"_blank\" rel=\"noopener\">Tesla<\/a> : 9130 exemplaires pour le constructeur chinois, contre 8220 unit\u00e9s pour la firme am\u00e9ricaine.<\/p>\n<p>Une inversion des r\u00f4les qui interpellent et qui pourrait encore se creuser alors qu\u2019<a href=\"https:\/\/mobiwisy.fr\/voiture\/electrique\/les-frasques-delon-musk-donnent-elles-le-droit-de-resilier-son-contrat-avec-tesla\" target=\"_blank\" rel=\"noopener\">Elon Musk<\/a> sombre \u00e0 nouveau dans ses attaques r\u00e9p\u00e9t\u00e9es contre le mod\u00e8le social europ\u00e9en et ses valeurs. Cette ing\u00e9rence politique est la premi\u00e8re cause du d\u00e9tournement de la client\u00e8le vers d\u2019autres constructeurs, mais l\u2019homme d\u2019affaires sud-africain ne semble pas s\u2019en soucier.<\/p>\n<p>Les choses \u00e9volueront peut-\u00eatre prochainement face \u00e0 la baisse promise des ventes de Tesla aux \u00c9tats-Unis o\u00f9, au 30 septembre 2025, l\u2019aide fiscale f\u00e9d\u00e9rale de 7500 dollars disparaitra. D\u00e9cision de son grand \u00ab\u00a0ami\u00a0\u00bb Donald Trump pour redonner de l\u2019air aux constructeurs de pick-ups et gros SUV thermiques.<\/p>\n<p>Affaire \u00e0 suivre donc.<\/p>\n<p><strong>\u00c0 LIRE AUSSI : <a href=\"https:\/\/mobiwisy.fr\/voiture\/bmw-240i-2025-plus-de-puissance-et-un-malus-divise-par-deux\" target=\"_blank\" rel=\"noopener\">BMW 240i 2025 : plus de puissance et un malus divis\u00e9 par deux !<\/a><\/strong><\/p>\n","protected":false},"excerpt":{"rendered":"Les ventes de voitures en Europe sont en hausse de 5,3% en ao\u00fbt 2025 par rapport \u00e0 2024,&hellip;\n","protected":false},"author":2,"featured_media":421341,"comment_status":"","ping_status":"","sticky":false,"template":"","format":"standard","meta":{"footnotes":""},"categories":[1586],"tags":[11,2863,1777,674,1011,27,12,25,320,6180,4752],"class_list":{"0":"post-421340","1":"post","2":"type-post","3":"status-publish","4":"format-standard","5":"has-post-thumbnail","7":"category-europe","8":"tag-actualites","9":"tag-aout","10":"tag-eu","11":"tag-europe","12":"tag-fr","13":"tag-france","14":"tag-news","15":"tag-republique-francaise","16":"tag-tesla","17":"tag-ventes","18":"tag-voiture"},"share_on_mastodon":{"url":"https:\/\/pubeurope.com\/@fr\/115276190177632248","error":""},"_links":{"self":[{"href":"https:\/\/www.europesays.com\/fr\/wp-json\/wp\/v2\/posts\/421340","targetHints":{"allow":["GET"]}}],"collection":[{"href":"https:\/\/www.europesays.com\/fr\/wp-json\/wp\/v2\/posts"}],"about":[{"href":"https:\/\/www.europesays.com\/fr\/wp-json\/wp\/v2\/types\/post"}],"author":[{"embeddable":true,"href":"https:\/\/www.europesays.com\/fr\/wp-json\/wp\/v2\/users\/2"}],"replies":[{"embeddable":true,"href":"https:\/\/www.europesays.com\/fr\/wp-json\/wp\/v2\/comments?post=421340"}],"version-history":[{"count":0,"href":"https:\/\/www.europesays.com\/fr\/wp-json\/wp\/v2\/posts\/421340\/revisions"}],"wp:featuredmedia":[{"embeddable":true,"href":"https:\/\/www.europesays.com\/fr\/wp-json\/wp\/v2\/media\/421341"}],"wp:attachment":[{"href":"https:\/\/www.europesays.com\/fr\/wp-json\/wp\/v2\/media?parent=421340"}],"wp:term":[{"taxonomy":"category","embeddable":true,"href":"https:\/\/www.europesays.com\/fr\/wp-json\/wp\/v2\/categories?post=421340"},{"taxonomy":"post_tag","embeddable":true,"href":"https:\/\/www.europesays.com\/fr\/wp-json\/wp\/v2\/tags?post=421340"}],"curies":[{"name":"wp","href":"https:\/\/api.w.org\/{rel}","templated":true}]}}