{"id":421342,"date":"2025-09-27T12:10:22","date_gmt":"2025-09-27T12:10:22","guid":{"rendered":"https:\/\/www.europesays.com\/fr\/421342\/"},"modified":"2025-09-27T12:10:22","modified_gmt":"2025-09-27T12:10:22","slug":"laccord-ue-usa-protege-les-medicaments-europeens-de-toute-nouvelle-surtaxe-assure-la-commission","status":"publish","type":"post","link":"https:\/\/www.europesays.com\/fr\/421342\/","title":{"rendered":"L&rsquo;accord UE-USA prot\u00e8ge les m\u00e9dicaments europ\u00e9ens de toute nouvelle surtaxe, assure la Commission"},"content":{"rendered":"<p class=\"fig-paragraph\">L&rsquo;accord commercial\u00a0<a href=\"http:\/\/www.lefigaro.fr\/conjoncture\/accord-commercial-avec-trump-quels-sont-les-pays-d-europe-qui-ont-le-plus-a-perdre-20250730\" target=\"_blank\" data-fig-type=\"Article\" rel=\"noopener\" data-gtm-custom-categorie=\"navigation\" data-gtm-custom-action=\"crossclick\" data-gtm-custom-label=\"Contextuel\" data-gtm-event=\"customEventSPE\" data-fig-domain=\"LEFIGARO\">nou\u00e9 cet \u00e9t\u00e9 entre l&rsquo;UE et les \u00c9tats-Unis<\/a>\u00a0prot\u00e8ge les m\u00e9dicaments europ\u00e9ens contre toute nouvelle surtaxe douani\u00e8re, a assur\u00e9 un porte-parole de la Commission vendredi, apr\u00e8s l&rsquo;annonce par le pr\u00e9sident Trump\u00a0<a href=\"http:\/\/www.lefigaro.fr\/international\/donald-trump-annonce-de-nouveaux-droits-de-douane-sur-les-medicaments-les-poids-lourds-et-les-meubles-20250926\" target=\"_blank\" data-fig-type=\"NewsFlash\" rel=\"noopener\" data-gtm-custom-categorie=\"navigation\" data-gtm-custom-action=\"crossclick\" data-gtm-custom-label=\"Contextuel\" data-gtm-event=\"customEventSPE\" data-fig-domain=\"LEFIGARO\">de nouveaux droits de douane ciblant notamment l&rsquo;industrie pharmaceutique<\/a>. Cet accord pr\u00e9voit que la plupart des exportations europ\u00e9ennes, dont les m\u00e9dicaments, ne peuvent \u00eatre tax\u00e9es au-del\u00e0 de 15%.<\/p>\n<p class=\"fig-paragraph\">\u00abCe niveau maximal de droits de douane constitue l&rsquo;assurance qu&rsquo;aucun droit suppl\u00e9mentaire ne sera appliqu\u00e9\u00bb, a affirm\u00e9 le porte-parole de la Commission charg\u00e9 des questions commerciales, Olof Gill, soulignant au passage que l&rsquo;UE \u00e9tait \u00able seul partenaire commercial \u00e0 \u00eatre parvenu \u00e0 un tel r\u00e9sultat avec les \u00c9tats-Unis\u00bb. Le pr\u00e9sident am\u00e9ricain Donald Trump a annonc\u00e9 jeudi de nouveaux droits de douane allant jusqu&rsquo;\u00e0 100% pour les m\u00e9dicaments et touchant \u00e9galement les camions et les meubles produits hors des \u00c9tats-Unis.<\/p>\n<p>                                    <a class=\"fig-a11y-skip a11y-hidden\" href=\"#fig-a11y-skip-main-inarticle\"><br \/>\n        Passer la publicit\u00e9<br \/>\n    <\/a><\/p>\n<p>N\u00e9gociations d\u2019exemptions<\/p>\n<p class=\"fig-paragraph\">\u00c0 partir du 1er octobre, \u00abnous appliquerons une taxe de 100% sur tout produit pharmaceutique de marque ou brevet\u00e9, sauf si une entreprise CONSTRUIT son usine pharmaceutique en Am\u00e9rique\u00bb, a \u00e9crit le milliardaire r\u00e9publicain sur sa plateforme Truth Social. Les d\u00e9clarations de Donald Trump sont intervenues le jour m\u00eame de l&rsquo;officialisation de la baisse des droits de douane appliqu\u00e9s aux voitures fabriqu\u00e9es en Europe, qui ont \u00e9t\u00e9 ramen\u00e9s \u00e0 15% avec effet r\u00e9troactif au 1er ao\u00fbt, comme pr\u00e9vu dans l&rsquo;accord conclu cet \u00e9t\u00e9.<\/p>\n<p class=\"fig-paragraph\">Dans la foul\u00e9e, la Commission a confirm\u00e9 jeudi qu&rsquo;elle continuait \u00e0 n\u00e9gocier avec les Am\u00e9ricains pour obtenir des exemptions de droits de douane pour plusieurs secteurs, notamment la fili\u00e8re des vins et spiritueux, ainsi que des quotas d&rsquo;exportations d\u00e9tax\u00e9es pour l&rsquo;acier europ\u00e9en. Apr\u00e8s des mois d&rsquo;\u00e2pres n\u00e9gociations, Bruxelles et Washington avaient scell\u00e9 fin juillet un accord commercial pr\u00e9voyant une surtaxe de 15% sur les produits europ\u00e9ens qui arrivent aux \u00c9tats-Unis, soit plus qu&rsquo;avant le retour au pouvoir de Donald Trump, mais moins que ce que le milliardaire mena\u00e7ait d&rsquo;imposer.<\/p>\n","protected":false},"excerpt":{"rendered":"L&rsquo;accord commercial\u00a0nou\u00e9 cet \u00e9t\u00e9 entre l&rsquo;UE et les \u00c9tats-Unis\u00a0prot\u00e8ge les m\u00e9dicaments europ\u00e9ens contre toute nouvelle surtaxe douani\u00e8re, a&hellip;\n","protected":false},"author":2,"featured_media":421343,"comment_status":"","ping_status":"","sticky":false,"template":"","format":"standard","meta":{"footnotes":""},"categories":[1586],"tags":[11,2196,1777,674,1779,1011,27,16292,12,25,1778,364],"class_list":{"0":"post-421342","1":"post","2":"type-post","3":"status-publish","4":"format-standard","5":"has-post-thumbnail","7":"category-europe","8":"tag-actualites","9":"tag-commission-europeenne","10":"tag-eu","11":"tag-europe","12":"tag-european-union","13":"tag-fr","14":"tag-france","15":"tag-medicaments","16":"tag-news","17":"tag-republique-francaise","18":"tag-ue","19":"tag-union-europeenne"},"share_on_mastodon":{"url":"https:\/\/pubeurope.com\/@fr\/115276193722372092","error":""},"_links":{"self":[{"href":"https:\/\/www.europesays.com\/fr\/wp-json\/wp\/v2\/posts\/421342","targetHints":{"allow":["GET"]}}],"collection":[{"href":"https:\/\/www.europesays.com\/fr\/wp-json\/wp\/v2\/posts"}],"about":[{"href":"https:\/\/www.europesays.com\/fr\/wp-json\/wp\/v2\/types\/post"}],"author":[{"embeddable":true,"href":"https:\/\/www.europesays.com\/fr\/wp-json\/wp\/v2\/users\/2"}],"replies":[{"embeddable":true,"href":"https:\/\/www.europesays.com\/fr\/wp-json\/wp\/v2\/comments?post=421342"}],"version-history":[{"count":0,"href":"https:\/\/www.europesays.com\/fr\/wp-json\/wp\/v2\/posts\/421342\/revisions"}],"wp:featuredmedia":[{"embeddable":true,"href":"https:\/\/www.europesays.com\/fr\/wp-json\/wp\/v2\/media\/421343"}],"wp:attachment":[{"href":"https:\/\/www.europesays.com\/fr\/wp-json\/wp\/v2\/media?parent=421342"}],"wp:term":[{"taxonomy":"category","embeddable":true,"href":"https:\/\/www.europesays.com\/fr\/wp-json\/wp\/v2\/categories?post=421342"},{"taxonomy":"post_tag","embeddable":true,"href":"https:\/\/www.europesays.com\/fr\/wp-json\/wp\/v2\/tags?post=421342"}],"curies":[{"name":"wp","href":"https:\/\/api.w.org\/{rel}","templated":true}]}}