{"id":421354,"date":"2025-09-27T12:19:18","date_gmt":"2025-09-27T12:19:18","guid":{"rendered":"https:\/\/www.europesays.com\/fr\/421354\/"},"modified":"2025-09-27T12:19:18","modified_gmt":"2025-09-27T12:19:18","slug":"pour-mon-mental-pour-lequipe-cest-super-important","status":"publish","type":"post","link":"https:\/\/www.europesays.com\/fr\/421354\/","title":{"rendered":"Pour mon mental, pour l&rsquo;\u00e9quipe, c&rsquo;est super important"},"content":{"rendered":"<p>On n&rsquo;avait jamais vu <a href=\"https:\/\/fr.motorsport.com\/driver\/joan-mir\/289392\/\" target=\"_blank\" rel=\"noopener nofollow\">Joan Mir<\/a> \u00e0 pareille f\u00eate sur la Honda. Jamais mieux qualifi\u00e9 qu&rsquo;au cinqui\u00e8me rang avec la moto japonaise, il a profit\u00e9 de la course \u00e0 domicile du constructeur, sur un circuit de Motegi dont il est propri\u00e9taire, pour s&rsquo;inviter en premi\u00e8re ligne\u00a0\u2013 ce qu&rsquo;il n&rsquo;avait fait qu&rsquo;\u00e0 deux reprises dans sa carri\u00e8re, chez Suzuki.<\/p>\n<p>Lors du sprint, Mir n&rsquo;a pas pu conserver sa deuxi\u00e8me place, obtenue entre les pilotes Ducati. Il est rest\u00e9 \u00e0 cette position au d\u00e9part mais n&rsquo;a pas pu suivre le rythme de <a href=\"https:\/\/fr.motorsport.com\/driver\/pecco-bagnaia\/109394\/\" target=\"_blank\" rel=\"noopener nofollow\">Pecco Bagnaia<\/a>, et a \u00e9t\u00e9 doubl\u00e9 par <a href=\"https:\/\/fr.motorsport.com\/driver\/pedro-acosta\/840236\/\" target=\"_blank\" rel=\"noopener nofollow\">Pedro Acosta<\/a> puis <a href=\"https:\/\/fr.motorsport.com\/driver\/marc-marquez\/92646\/\" target=\"_blank\" rel=\"noopener nofollow\">Marc M\u00e1rquez<\/a>. Ce dernier a ensuite d\u00e9pass\u00e9 Acosta, presque redevenu une proie pour Mir, mais l&rsquo;\u00e9cart \u00e9tait trop grand.<\/p>\n<p>\u00ab\u00a0J&rsquo;\u00e9tais un peu trop loin \u00e0 trois tours de la fin et je n&rsquo;ai pas pu revenir sur Pedro\u00a0\u00bb, a d\u00e9plor\u00e9 Mir. \u00ab\u00a0Mais c&rsquo;\u00e9tait fun de pouvoir se battre pour le podium, m\u00eame si c&rsquo;\u00e9tait une course dans laquelle j&rsquo;ai attaqu\u00e9 \u00e0 120% en permanence. Il ne restait rien \u00e0 la fin, le pneu \u00e9tait cuit, mais je me sens bien.\u00a0\u00bb<\/p>\n<p>\u00ab\u00a0Normalement, un sprint est toujours chaotique, avec des chutes, pas aujourd&rsquo;hui, en tout cas devant\u00a0\u00bb, a ajout\u00e9 le champion du monde 2020 face \u00e0 la presse internationale, dont <strong>Motorsport.com<\/strong>. \u00ab\u00a0Devant, c&rsquo;\u00e9tait super propre ! Je m&rsquo;attendais \u00e0 une erreur de quelqu&rsquo;un mais il n&rsquo;y en a eu aucune. Je pense que c&rsquo;est notre chance pour nous battre avec Pecco, en particulier.\u00a0\u00bb<\/p>\n<p>\u00ab\u00a0Ils \u00e9taient \u00e0 un autre niveau aujourd&rsquo;hui. J&rsquo;ai essay\u00e9 de rester avec Pecco dans les premiers tours mais il pilotait tr\u00e8s bien et il faisait la diff\u00e9rence en sortie de courbe, m\u00eame chose avec Marc quand il m&rsquo;a doubl\u00e9.\u00a0\u00bb<\/p>\n<p>   <img decoding=\"async\" draggable=\"false\" src=\"https:\/\/www.europesays.com\/fr\/wp-content\/uploads\/2025\/09\/1758975554_403_joan-mir-honda-hrc.jpg\" alt=\"Joan Mir, Honda HRC\" width=\"1200\" height=\"800\" loading=\"lazy\"\/> <\/p>\n<p class=\"title\">Joan Mir<\/p>\n<p class=\"photographer\">Photo de: Gold and Goose Photography \/ LAT Images \/ via Getty Images<\/p>\n<p>Finalement quatri\u00e8me, Mir peut n\u00e9anmoins se satisfaire d&rsquo;avoir v\u00e9cu ce qui a probablement \u00e9t\u00e9 sa plus belle journ\u00e9e chez Honda\u00a0: \u00ab\u00a0On en est proches\u00a0! Je suis heureux.\u00a0\u00bb<\/p>\n<p>\u00ab\u00a0Sinc\u00e8rement, quand on a le podium si proche, j&rsquo;ai quelque chose au fond de moi qui fait que je ne suis pas satisfait \u00e0 100% mais je suis content parce que dans la situation dans laquelle on \u00e9tait ces derni\u00e8res ann\u00e9es, et la malchance que j&rsquo;ai eue dans beaucoup des derniers Grands Prix, pouvoir enfin assembler quelque chose est incroyable. On s&rsquo;est battu tr\u00e8s dur. J&rsquo;ai vraiment pris du plaisir et tout ce qu&rsquo;on pourra faire demain sera juste un cadeau.\u00a0\u00bb<\/p>\n<p>Lorsqu&rsquo;il a fait son arriv\u00e9e chez Honda, il y a deux ans et demi, Joan Mir a \u00e9t\u00e9 confront\u00e9 aux difficult\u00e9s du constructeur et a souvent d\u00fb batailler en fond de classement. Se retrouver \u00e0 lutter pour les premi\u00e8res places, sans avoir \u00e0 profiter de soucis pour des rivaux, est un signe tr\u00e8s prometteur des r\u00e9cents progr\u00e8s effectu\u00e9s par la marque.<\/p>\n<p>\u00ab\u00a0Il faut qu&rsquo;on soit satisfaits et heureux de notre travail. Je suis tr\u00e8s content pour moi, pour les gens chez Honda parce qu&rsquo;on attendait de tels r\u00e9sultats depuis tr\u00e8s, tr\u00e8s longtemps. Si rien ne se passe, comme aujourd&rsquo;hui, on a montr\u00e9 ce qu&rsquo;on peut faire. En termes de confiance, pour mon mental, pour l&rsquo;\u00e9quipe, c&rsquo;est super important.\u00a0\u00bb<\/p>\n<p>   <img decoding=\"async\" draggable=\"false\" src=\"https:\/\/www.europesays.com\/fr\/wp-content\/uploads\/2025\/09\/marc-marquez-ducati-team-joan-.jpg\" alt=\"Marc Marquez, Ducati Team, Joan Mir, Honda HRC\" width=\"1200\" height=\"800\" loading=\"lazy\"\/> <\/p>\n<p class=\"title\">Marc M\u00e1rquez et Joan Mir<\/p>\n<p class=\"photographer\">Photo de: Dorna<\/p>\n<p>Joan Mir s&rsquo;est m\u00eame retrouv\u00e9 \u00e0 la lutte avec son ancien co\u00e9quipier, Marc M\u00e1rquez, en route pour le titre ce week-end, mais il n&rsquo;a \u00ab\u00a0rien\u00a0\u00bb ressenti de particulier en se battant face \u00e0 lui\u00a0: \u00ab\u00a0Pour moi, pendant une course, il n&rsquo;y a personne, juste des pilotes, donc je ne me soucie pas de qui est devant.\u00a0\u00bb<\/p>\n<p>M\u00e1rquez a d\u00fb s&#8217;employer pour doubler Mir, avec plusieurs tentatives et finalement un block-pass, que le pilote Honda n&rsquo;a pas jug\u00e9 antisportif :\u00a0\u00ab\u00a0C&rsquo;\u00e9tait dans la limite. C&rsquo;est dur de doubler ici, parfois il faut faire ce genre de d\u00e9passement, sinon on ne double pas. Maintenant, notre moteur est un peu plus puissant et avec ces lignes droites courtes, c&rsquo;est difficile de doubler juste avec l&rsquo;aspiration. Je n&rsquo;ai rien \u00e0 dire \u00e0 ce sujet.\u00a0\u00bb<\/p>\n<p>\u00ab\u00a0Oui, \u00e7a m&rsquo;a fait perdre beaucoup de temps, lui aussi, il a perdu beaucoup de temps avec \u00e7a. C&rsquo;est la course, on a produit du bon spectacle et j&rsquo;esp\u00e8re que demain, je pourrai lui faire un block-pass. On verra\u00a0!\u00a0\u00bb<\/p>\n<p>Mir incertain de ses chances pour la course<\/p>\n<p>Pour cette course principale, Joan Mir ignore encore s&rsquo;il parviendra \u00e0 pr\u00e9server suffisamment le pneu arri\u00e8re, tr\u00e8s probablement le medium, et \u00e0 d\u00e9crocher un aussi bon r\u00e9sultat\u00a0que ce samedi : \u00ab\u00a0Il faudra beaucoup contr\u00f4ler, et je ne sais pas si j&rsquo;ai la marge pour contr\u00f4ler, donc on verra.\u00a0\u00bb<\/p>\n<p>   <img decoding=\"async\" draggable=\"false\" src=\"https:\/\/www.europesays.com\/fr\/wp-content\/uploads\/2025\/09\/1758975558_835_joan-mir-honda-hrc.jpg\" alt=\"Joan Mir, Honda HRC\" width=\"1200\" height=\"800\" loading=\"lazy\"\/> <\/p>\n<p class=\"title\">Joan Mir<\/p>\n<p class=\"photographer\">Photo de: Gold and Goose Photography \/ LAT Images \/ via Getty Images<\/p>\n<p>Mir s&rsquo;attend aussi \u00e0 devoir composer avec des vibrations, qui n&rsquo;ont pas encore totalement disparu sur la Honda, m\u00eame si le ph\u00e9nom\u00e8ne devrait \u00eatre moins prononc\u00e9 avec l&rsquo;usure des pneus\u00a0: \u00ab\u00a0C&rsquo;est une chose qu&rsquo;il faut encore am\u00e9liorer mais j&rsquo;ai \u00e9t\u00e9 super motiv\u00e9 pour me maintenir l\u00e0, et j&rsquo;ai essay\u00e9 de faire la diff\u00e9rence au freinage parce que les vibrations sont tr\u00e8s, tr\u00e8s difficiles \u00e0 g\u00e9rer.\u00a0\u00bb<\/p>\n<p>\u00ab\u00a0C&rsquo;\u00e9tait un cauchemar pour moi depuis deux ans et la moto fonctionne tr\u00e8s bien mais on a encore des choses \u00e0 am\u00e9liorer pour ces vibrations. Ce sera mieux en fin de course. Avec la vitesse que l&rsquo;on perd un peu en fin de course, les vibrations sont moins fortes.\u00a0\u00bb<\/p>\n<p>Le Majorquin promet en tout cas de continuer \u00e0 assurer le spectacle\u00a0: \u00ab\u00a0Pour demain, je pense qu&rsquo;on aura une bonne bagarre. Je pense qu&rsquo;on se battre avec les autres, avec Acosta, avec Morbidelli. Ce sera une course divertissante, c&rsquo;est s\u00fbr !\u00a0\u00bb<\/p>\n<p>Lire aussi :<\/p>\n","protected":false},"excerpt":{"rendered":"On n&rsquo;avait jamais vu Joan Mir \u00e0 pareille f\u00eate sur la Honda. Jamais mieux qualifi\u00e9 qu&rsquo;au cinqui\u00e8me rang&hellip;\n","protected":false},"author":2,"featured_media":421355,"comment_status":"","ping_status":"","sticky":false,"template":"","format":"standard","meta":{"footnotes":""},"categories":[1413],"tags":[55063,1011,27,1581,3345,3346,55061,1457,1456,1458,55062,60,51359],"class_list":{"0":"post-421354","1":"post","2":"type-post","3":"status-publish","4":"format-standard","5":"has-post-thumbnail","7":"category-moto","8":"tag-cest-super-important","9":"tag-fr","10":"tag-france","11":"tag-gp-du-japon","12":"tag-honda-hrc","13":"tag-joan-mir","14":"tag-mir-parmi-les-leadersu00a0-pour-mon-mental","15":"tag-moto","16":"tag-motocycle","17":"tag-motogp","18":"tag-pour-lu00e9quipe","19":"tag-sports","20":"tag-twin-ring-motegi"},"share_on_mastodon":{"url":"https:\/\/pubeurope.com\/@fr\/115276231451699484","error":""},"_links":{"self":[{"href":"https:\/\/www.europesays.com\/fr\/wp-json\/wp\/v2\/posts\/421354","targetHints":{"allow":["GET"]}}],"collection":[{"href":"https:\/\/www.europesays.com\/fr\/wp-json\/wp\/v2\/posts"}],"about":[{"href":"https:\/\/www.europesays.com\/fr\/wp-json\/wp\/v2\/types\/post"}],"author":[{"embeddable":true,"href":"https:\/\/www.europesays.com\/fr\/wp-json\/wp\/v2\/users\/2"}],"replies":[{"embeddable":true,"href":"https:\/\/www.europesays.com\/fr\/wp-json\/wp\/v2\/comments?post=421354"}],"version-history":[{"count":0,"href":"https:\/\/www.europesays.com\/fr\/wp-json\/wp\/v2\/posts\/421354\/revisions"}],"wp:featuredmedia":[{"embeddable":true,"href":"https:\/\/www.europesays.com\/fr\/wp-json\/wp\/v2\/media\/421355"}],"wp:attachment":[{"href":"https:\/\/www.europesays.com\/fr\/wp-json\/wp\/v2\/media?parent=421354"}],"wp:term":[{"taxonomy":"category","embeddable":true,"href":"https:\/\/www.europesays.com\/fr\/wp-json\/wp\/v2\/categories?post=421354"},{"taxonomy":"post_tag","embeddable":true,"href":"https:\/\/www.europesays.com\/fr\/wp-json\/wp\/v2\/tags?post=421354"}],"curies":[{"name":"wp","href":"https:\/\/api.w.org\/{rel}","templated":true}]}}