{"id":421356,"date":"2025-09-27T12:20:10","date_gmt":"2025-09-27T12:20:10","guid":{"rendered":"https:\/\/www.europesays.com\/fr\/421356\/"},"modified":"2025-09-27T12:20:10","modified_gmt":"2025-09-27T12:20:10","slug":"oriane-bertone-vice-championne-du-monde-de-bloc-a-seoul-lequipe","status":"publish","type":"post","link":"https:\/\/www.europesays.com\/fr\/421356\/","title":{"rendered":"Oriane Bertone vice-championne du monde de bloc \u00e0 S\u00e9oul &#8211; L&#039;\u00c9quipe"},"content":{"rendered":"<ol>\n<li><a href=\"https:\/\/news.google.com\/rss\/articles\/CBMiqgFBVV95cUxQZW1Ea2dXR09LRVY2MUNiMEhOYU5zRHA3U3pvNjc1WVpSYkNfa0ktT2JUcmg2LTBnZ3Vab3hZYzZ5N0toOEhCdklKS2RkakZ5eWVxQnVMbUVSVUMxVEhNcEVTYWZEMU50WkJXMEFyZFJ3VlRROHE3ejVPVmJqVFMtZUVYbk5VT05tdzNqRHZFOHdrWVQyR00wUm9rTGlvNGVJOHBuY0tWRHcwdw?oc=5\" target=\"_blank\" rel=\"noopener\">Oriane Bertone vice-championne du monde de bloc \u00e0 S\u00e9oul<\/a>&nbsp;&nbsp;L&rsquo;\u00c9quipe<\/li>\n<li><a href=\"https:\/\/news.google.com\/rss\/articles\/CBMi9AFBVV95cUxOY2dlQldsYUlMczE4S3B0dHVpajBTREJvWW5QdkdFOFdCTGg3aDNYMG1EUWxuS29DM0hoU2NnaHh2WE1mRll4TlZLRzMxaEhDY0hma2NUX0Y2T2paQXRqVXBpTjRWVkdsYnlwcHV1V1V1eUhnYU41RHVuaFh0S09OcDk4NWhfZ3ljejI1NmNvb3hxSlloQVZISEdIUzdoZGxrYWpodzRJbEs4WWlrdTF4LUZUZ19nWlFUa0xmZlNxQTZReUx4enZjQ3VGS0FZZHZEdkpnb3dTQ0o3Si1KYk9JcUh1WWVPVFY4NEdWOW4wZ2k0aVo1?oc=5\" target=\"_blank\" rel=\"noopener\">Mondiaux d\u2019escalade. La Fran\u00e7aise Oriane Bertone obtient la m\u00e9daille d\u2019argent en bloc<\/a>&nbsp;&nbsp;Ouest-France<\/li>\n<li><a href=\"https:\/\/news.google.com\/rss\/articles\/CBMi1gFBVV95cUxNajdtb0d4R1NZMFRtQTg4blMzNDVGSlRjRFBicUItUU9OZXBUaW5tdmNnUHZMTzBxdEJZVS1PTDktSHdZVXJXRzhqM0gxdkRBU1YzVkw0bzlwNHFlOUdGRUdSTWFOLXQ1cjE1bVNhSW9wOThWX2RCa0U0S0I4dXBvOHFzV21Ld25TSlRFclp3QnJ6ejI2WWJzV2NWMktRYmZoRGk0eTZCWkhtc1MyV3hVZVBLQU9BWXEtb1ZuU21KNHUzRjlVbzhGVnVjM1FJUlpVTFV3X1JR?oc=5\" target=\"_blank\" rel=\"noopener\">\u00ab\u00a0J\u2019aurais pu me rapprocher de la 2e place\u00a0\u00bb : le Cadurcien Nicolas Moineau m\u00e9daill\u00e9 de bronze aux championnats du monde de para-escalade<\/a>&nbsp;&nbsp;ladepeche.fr<\/li>\n<li><a href=\"https:\/\/news.google.com\/rss\/articles\/CBMixwFBVV95cUxOYTNqLWJuQnJlRWp6WnBpdUNreGgwR1d1bTM1Y0dRWVNncVZmV19rcjlZdmNhbWlsRUJ3Q3NIODIzU3VjbHNkaWFSXzVxa29JWmxWdWpKT0lwOUJDWEF2TUgybTM1aThRQ1dsa1RpX0xVanBzbEpkRjRvX0pENnI1bUVwcmJNcGVaT1VPNFZvNGhzUDNpSW1saV9leEF4N1J1OFVGZWN4YTZKQksxaHZQR2RMNjNRNDAyajAwWjl6Z2V1VXphLUhR?oc=5\" target=\"_blank\" rel=\"noopener\">J\u00e9r\u00f4me Morel \u00e9limin\u00e9 en vitesse, Samuel Richard et Agathe Calliet s&rsquo;attaquent au bloc<\/a>&nbsp;&nbsp;Le Dauphin\u00e9 Lib\u00e9r\u00e9<\/li>\n<li><a href=\"https:\/\/news.google.com\/rss\/articles\/CBMi0wFBVV95cUxOLW1rTWFqcEFEY1hCdXo5T1RaSFRIemZub2lMZWt2dTJiNDZuWmU2RjZ2S2RleDV5VUJYRlJhXzZabi1RYURFaC1YSHZJOGJsR25JOHhIeUhxUFlwVzVCVFRpYzN1SHZzTFVLQUNJa2FrcnZTTjA5SXllNHlpcURMekJxdmZicHdaRU9MQ0F4RzA5RUk4WTFIU0wxVDc5TW5BQnB1S1hoUExuVl9keV9PZXI0M0tZd1FUZ1lYcDA2eHZwYUJKNkVlMjIzU0RuLVd2REVJ?oc=5\" target=\"_blank\" rel=\"noopener\">Para-escalade. Le Normand Alo\u00efs Pottier sacr\u00e9 champion du monde en difficult\u00e9 . Sport<\/a>&nbsp;&nbsp;MaVille.com &#8211; Rennes<\/li>\n<\/ol>\n","protected":false},"excerpt":{"rendered":"Oriane Bertone vice-championne du monde de bloc \u00e0 S\u00e9oul&nbsp;&nbsp;L&rsquo;\u00c9quipe Mondiaux d\u2019escalade. La Fran\u00e7aise Oriane Bertone obtient la m\u00e9daille&hellip;\n","protected":false},"author":2,"featured_media":421357,"comment_status":"","ping_status":"","sticky":false,"template":"","format":"standard","meta":{"footnotes":""},"categories":[1412],"tags":[1451,1452,1453,1454,1455,1011,27,60],"class_list":{"0":"post-421356","1":"post","2":"type-post","3":"status-publish","4":"format-standard","5":"has-post-thumbnail","7":"category-f1","8":"tag-f1","9":"tag-formula-1","10":"tag-formula1","11":"tag-formule-1","12":"tag-formule1","13":"tag-fr","14":"tag-france","15":"tag-sports"},"share_on_mastodon":{"url":"https:\/\/pubeurope.com\/@fr\/115276233115169298","error":""},"_links":{"self":[{"href":"https:\/\/www.europesays.com\/fr\/wp-json\/wp\/v2\/posts\/421356","targetHints":{"allow":["GET"]}}],"collection":[{"href":"https:\/\/www.europesays.com\/fr\/wp-json\/wp\/v2\/posts"}],"about":[{"href":"https:\/\/www.europesays.com\/fr\/wp-json\/wp\/v2\/types\/post"}],"author":[{"embeddable":true,"href":"https:\/\/www.europesays.com\/fr\/wp-json\/wp\/v2\/users\/2"}],"replies":[{"embeddable":true,"href":"https:\/\/www.europesays.com\/fr\/wp-json\/wp\/v2\/comments?post=421356"}],"version-history":[{"count":0,"href":"https:\/\/www.europesays.com\/fr\/wp-json\/wp\/v2\/posts\/421356\/revisions"}],"wp:featuredmedia":[{"embeddable":true,"href":"https:\/\/www.europesays.com\/fr\/wp-json\/wp\/v2\/media\/421357"}],"wp:attachment":[{"href":"https:\/\/www.europesays.com\/fr\/wp-json\/wp\/v2\/media?parent=421356"}],"wp:term":[{"taxonomy":"category","embeddable":true,"href":"https:\/\/www.europesays.com\/fr\/wp-json\/wp\/v2\/categories?post=421356"},{"taxonomy":"post_tag","embeddable":true,"href":"https:\/\/www.europesays.com\/fr\/wp-json\/wp\/v2\/tags?post=421356"}],"curies":[{"name":"wp","href":"https:\/\/api.w.org\/{rel}","templated":true}]}}