{"id":421364,"date":"2025-09-27T12:24:27","date_gmt":"2025-09-27T12:24:27","guid":{"rendered":"https:\/\/www.europesays.com\/fr\/421364\/"},"modified":"2025-09-27T12:24:27","modified_gmt":"2025-09-27T12:24:27","slug":"le-detonant-carambolage-de-salifou-lindou-a-paris","status":"publish","type":"post","link":"https:\/\/www.europesays.com\/fr\/421364\/","title":{"rendered":"le d\u00e9tonant \u00ab\u00a0carambolage\u00a0\u00bb de Salifou Lindou \u00e0 Paris"},"content":{"rendered":"<p>                          <img loading=\"lazy\" decoding=\"async\" src=\"https:\/\/www.europesays.com\/fr\/wp-content\/uploads\/2025\/09\/0b38dd0_upload-1-cbx3feth1mgh-portrait-of-salifou-lindou-2025-a-studio-vanssay-3.jpg\" alt=\"L\u2019artiste camerounais Salifou Lindou \u00e0 la galerie Afikaris, \u00e0 Paris, le 3\u00a0septembre\u00a02025.\"   width=\"664\" height=\"443\"\/>    L\u2019artiste camerounais Salifou Lindou \u00e0 la galerie Afikaris, \u00e0 Paris, le 3\u00a0septembre\u00a02025.  STUDIO VANSSAY                        <\/p>\n<p class=\"article__paragraph  \">Vingt-cinq ans de cr\u00e9ations \u00e0 l\u2019acrylique, au pastel, au fusain, \u00e0 l\u2019encre, \u00e0 l\u2019argile ou \u00e0 la sanguine \u2013 une famille de pigments de couleur rouge \u2013 sur des supports allant de la toile en passant par le papier, l\u2019aluminium, le fer ou la t\u00f4le. C\u2019est ce que propose la galerie Afikaris, \u00e0 Paris, en pr\u00e9sentant, jusqu\u2019au 1er\u00a0novembre, une r\u00e9trospective des \u0153uvres de Salifou Lindou.<\/p>\n<p class=\"article__paragraph  \">L\u2019exposition du peintre camerounais s\u2019intitule \u00ab\u00a0Carambolage\u00a0\u00bb. Une r\u00e9f\u00e9rence au billard fran\u00e7ais, \u00e9galement appel\u00e9 billard carambole. Le jeu, pris\u00e9 de l\u2019artiste, consiste \u00e0 toucher avec sa bille deux autres billes, la rouge et celle de l\u2019adversaire, en un seul coup sur le tapis, pour gagner un point et avoir la possibilit\u00e9 de recommencer et de \u00ab\u00a0faire une s\u00e9rie\u00a0\u00bb.<\/p>\n<p class=\"article__paragraph  \">\u00ab\u00a0Carambolage\u00a0\u00bb aussi pour souligner \u00ab\u00a0les collisions, les encha\u00eenements, les ricochets\u00a0: le regard du visiteur circule d\u2019une \u0153uvre \u00e0 l\u2019autre afin qu\u2019il puisse saisir les liens, les diff\u00e9rences et les rapprochements inattendus\u00a0\u00bb entre les r\u00e9alisations expos\u00e9es, souligne l\u2019artiste.<\/p>\n<p class=\"article__paragraph  \">Louise Thurin, chercheuse, consultante, autrice sp\u00e9cialis\u00e9e dans les cultures visuelles des mondes noirs et commissaire de l\u2019exposition, a agenc\u00e9 les \u0153uvres en zigzag, de mani\u00e8re \u00e0 \u00ab\u00a0r\u00e9v\u00e9ler l\u2019atemporalit\u00e9 de la pratique de Salifou\u00a0\u00bb. \u00ab\u00a0On passe ainsi d\u2019un dessin sur papier du d\u00e9but des ann\u00e9es 2000\u00a0\u00e0 une grande toile de 2023, sans hi\u00e9rarchie. Ce dispositif met en lumi\u00e8re la richesse des mati\u00e8res, des techniques, la diversit\u00e9 des formats et la persistance de certains motifs comme les fleurs, les animaux ou les portraits\u00a0\u00bb, pr\u00e9cise-t-elle.<\/p>\n<p>                  \u00ab\u00a0Transformer le manque en ressource\u00a0\u00bb                  <\/p>\n<p class=\"article__paragraph  \">N\u00e9 en\u00a01965\u00a0\u00e0 Foumban, ville consid\u00e9r\u00e9e comme la cit\u00e9 des arts du Cameroun, dans l\u2019ouest du pays, au sein d\u2019une grande famille musulmane de la communaut\u00e9 bamoun, Salifou Lindou mod\u00e8le de l\u2019argile et joue avec les couleurs d\u00e8s son enfance. A l\u2019adolescence, sa curiosit\u00e9 le pousse \u00e0 collectionner des magazines d\u2019art occidentaux et \u00e0 visiter des mus\u00e9es, dont ceux de sa ville, en compagnie de son p\u00e8re.<\/p>\n<p class=\"article__paragraph  \">A cette \u00e9poque, il n\u2019a pas d\u2019argent pour acheter de la peinture\u00a0: \u00ab\u00a0J\u2019ai eu recours \u00e0 ce que je connaissais, la terre rouge [la lat\u00e9rite] de ma r\u00e9gion. Je la m\u00e9langeais avec des liants pour cr\u00e9er mes propres pigments. C\u2019\u00e9tait une mani\u00e8re de transformer le manque en ressource et de continuer malgr\u00e9 tout.\u00a0\u00bb<\/p>\n<p>                                     Lire aussi |  <a href=\"https:\/\/www.lemonde.fr\/afrique\/article\/2021\/02\/19\/art-contemporain-africain-salifou-lindou-et-sejiro-avoseh-en-resistance-a-paris_6070593_3212.html\" class=\"js-article-read-also catcher--favoris__link\" data-premium=\"\" id=\"article-title-3210055\" rel=\"nofollow noopener\" target=\"_blank\">Art contemporain\u00a0: Salifou Lindou et Sejiro Avoseh en r\u00e9sistance \u00e0 Paris<\/a>    <\/p>\n<p>   Lire plus tard  <\/p>\n<p class=\"article__paragraph  \">Puis il commence \u00e0 peindre des portraits, d\u2019abord ceux de ses grands-parents, puis de Njoya (roi des Bamouns, arri\u00e8re-grand-p\u00e8re de l\u2019artiste). A 18\u00a0ans, il arrive \u00e0 Douala et se rapproche d\u2019une petite communaut\u00e9 artistique qui organise des expositions collectives, notamment au centre culturel fran\u00e7ais.<\/p>\n<p class=\"article__paragraph  \">\u00ab\u00a0C\u2019est aussi \u00e0 ce moment-l\u00e0 que j\u2019ai rencontr\u00e9 des artistes exp\u00e9riment\u00e9s comme Koko Kom\u00e9gn\u00e9, dont les conseils sur l\u2019art et la vie m\u2019ont profond\u00e9ment marqu\u00e9. J\u2019ai alors pu confronter mes influences traditionnelles \u00e0 d\u2019autres pratiques artistiques [car] je suis autodidacte et c\u2019est sans doute ce qui m\u2019a offert une grande libert\u00e9 dans ma cr\u00e9ation\u00a0\u00bb, se souvient-il.<\/p>\n<ul class=\"glide__slides portfolio__slides\">\n<li class=\"glide__slide\" data-lazy=\"0\" data-lazy-full=\"0\">    <img class=\"portfolio__media portfolio__media--vertical\" data-lazy- data-lazy-src=\"https:\/\/www.europesays.com\/fr\/wp-content\/uploads\/2025\/09\/cf0c9c7_upload-1-u5ty06cjdjc7-salifou-lindou-social-game-8-2023-120x120-cm.jpeg\" width=\"166\" height=\"250\" data-full=\"https:\/\/img.lemde.fr\/2025\/09\/15\/0\/0\/7379\/7433\/2646\/2666\/30\/0\/cf0c9c7_upload-1-u5ty06cjdjc7-salifou-lindou-social-game-8-2023-120x120-cm.jpeg\" data-full-width=\"1333w\" alt=\"\u00ab\u00a0Social Game 8\u00a0\u00bb, de Salifou Lindou (2023). Pastel, acrylique, collage et Posca sur toile (120\u00a0cm x 120\u00a0cm).\"\/>\n<p class=\"portfolio__legend\">\u00ab\u00a0Social Game 8\u00a0\u00bb, de Salifou Lindou (2023). Pastel, acrylique, collage et Posca sur toile (120\u00a0cm x 120\u00a0cm). Courtesy de la galerie Afikaris et de l\u2019artiste<\/p>\n<\/li>\n<li class=\"glide__slide\" data-lazy=\"0\" data-lazy-full=\"0\">    <img class=\"portfolio__media portfolio__media--wide \" data-lazy- data-lazy-src=\"https:\/\/www.europesays.com\/fr\/wp-content\/uploads\/2025\/09\/d6e8021_upload-1-0idn0c7p8pm5-salifou-lindou-the-moment-of-music-2025-120x150-cm.jpeg\" width=\"375\" height=\"250\" data-full=\"https:\/\/img.lemde.fr\/2025\/09\/15\/0\/0\/7528\/7189\/4000\/3818\/30\/0\/d6e8021_upload-1-0idn0c7p8pm5-salifou-lindou-the-moment-of-music-2025-120x150-cm.jpeg\" data-full-width=\"2000w\" alt=\"\u00ab\u00a0The Moment of Music\u00a0\u00bb, de Salifou Lindou (2025). Pastel sur papier mont\u00e9 sur toile (120\u00a0cm x 150\u00a0cm).\"\/>\n<p class=\"portfolio__legend\">\u00ab\u00a0The Moment of Music\u00a0\u00bb, de Salifou Lindou (2025). Pastel sur papier mont\u00e9 sur toile (120\u00a0cm x 150\u00a0cm). Courtesy de la galerie Afikaris et de l\u2019artiste<\/p>\n<\/li>\n<li class=\"glide__slide\" data-lazy=\"0\" data-lazy-full=\"0\">    <img class=\"portfolio__media portfolio__media--wide \" data-lazy- data-lazy-src=\"https:\/\/www.europesays.com\/fr\/wp-content\/uploads\/2025\/09\/130aedd_upload-1-rkmfcmzgkczj-salifou-lindou-quand-la-amour-sa-enflamme-2025-120x150-cm.jpeg\" width=\"375\" height=\"250\" data-full=\"https:\/\/img.lemde.fr\/2025\/09\/15\/0\/0\/8941\/7260\/4000\/3246\/30\/0\/130aedd_upload-1-rkmfcmzgkczj-salifou-lindou-quand-la-amour-sa-enflamme-2025-120x150-cm.jpeg\" data-full-width=\"2000w\" alt=\"\u00ab\u00a0Quand l\u2019amour s\u2019enflamme\u00a0\u00bb, de Salifou Lindou (2025). Collage et pastel sur papier mont\u00e9 sur papier (120\u00a0cm x 150\u00a0cm).\"\/>\n<p class=\"portfolio__legend\">\u00ab\u00a0Quand l\u2019amour s\u2019enflamme\u00a0\u00bb, de Salifou Lindou (2025). Collage et pastel sur papier mont\u00e9 sur papier (120\u00a0cm x 150\u00a0cm). Courtesy de la galerie Afikaris et de l\u2019artiste<\/p>\n<\/li>\n<li class=\"glide__slide\" data-lazy=\"0\" data-lazy-full=\"0\">    <img class=\"portfolio__media portfolio__media--vertical\" data-lazy- data-lazy-src=\"https:\/\/www.europesays.com\/fr\/wp-content\/uploads\/2025\/09\/d881407_upload-1-kf3xgog0lyth-salifou-lindou-amazone-2024-21x26x24cm.jpg\" width=\"166\" height=\"250\" data-full=\"https:\/\/img.lemde.fr\/2025\/09\/15\/542\/0\/4422\/4422\/2666\/2666\/30\/0\/d881407_upload-1-kf3xgog0lyth-salifou-lindou-amazone-2024-21x26x24cm.jpg\" data-full-width=\"1333w\" alt=\"\u00ab\u00a0Amazone\u00a0\u00bb, de Salifou Lindou (2024). Fer, aluminium acrylique et boule (21\u00a0cm x 26\u00a0cm x 23,5\u00a0cm).\"\/>\n<p class=\"portfolio__legend\">\u00ab\u00a0Amazone\u00a0\u00bb, de Salifou Lindou (2024). Fer, aluminium acrylique et boule (21\u00a0cm x 26\u00a0cm x 23,5\u00a0cm). Courtesy de la galerie Afikaris et de l\u2019artiste<\/p>\n<\/li>\n<li class=\"glide__slide\" data-lazy=\"0\" data-lazy-full=\"0\">    <img class=\"portfolio__media portfolio__media--vertical\" data-lazy- data-lazy-src=\"https:\/\/www.europesays.com\/fr\/wp-content\/uploads\/2025\/09\/201b245_upload-1-cw23clwtoxdm-salifou-lindou-maa-amba-oncle-2024-30x15x15-cm.jpg\" width=\"166\" height=\"250\" data-full=\"https:\/\/img.lemde.fr\/2025\/09\/20\/775\/0\/2000\/2000\/2666\/2666\/30\/0\/201b245_upload-1-cw23clwtoxdm-salifou-lindou-maa-amba-oncle-2024-30x15x15-cm.jpg\" data-full-width=\"1333w\" alt=\"\u00ab\u00a0Ma\u2019amba\u00a0\u00bb (oncle), de Salifou Lindou (2024). T\u00f4le entrelac\u00e9e, m\u00e9tal et acrylique (30\u00a0cm x 15\u00a0cm x 15\u00a0cm).\"\/>\n<p class=\"portfolio__legend\">\u00ab\u00a0Ma\u2019amba\u00a0\u00bb (oncle), de Salifou Lindou (2024). T\u00f4le entrelac\u00e9e, m\u00e9tal et acrylique (30\u00a0cm x 15\u00a0cm x 15\u00a0cm). Courtesy de la galerie Afikaris et de l\u2019artiste<\/p>\n<\/li>\n<li class=\"glide__slide\" data-lazy=\"0\" data-lazy-full=\"0\">    <img class=\"portfolio__media portfolio__media--wide \" data-lazy- data-lazy-src=\"https:\/\/www.europesays.com\/fr\/wp-content\/uploads\/2025\/09\/f1c3a3b_upload-1-7ims8t997ucg-salifou-lindou-la-pose-2023-100x100-cm-fond-gris.jpg\" width=\"375\" height=\"250\" data-full=\"https:\/\/img.lemde.fr\/2025\/09\/15\/0\/0\/1518\/1500\/4000\/3952\/30\/0\/f1c3a3b_upload-1-7ims8t997ucg-salifou-lindou-la-pose-2023-100x100-cm-fond-gris.jpg\" data-full-width=\"2000w\" alt=\"\u00ab\u00a0La pose\u00a0\u00bb, de Salifou Lindou (2023). Acrylique et pyrogravure sur t\u00f4le (100\u00a0cm x 100\u00a0cm).\"\/>\n<p class=\"portfolio__legend\">\u00ab\u00a0La pose\u00a0\u00bb, de Salifou Lindou (2023). Acrylique et pyrogravure sur t\u00f4le (100\u00a0cm x 100\u00a0cm). Courtesy de la galerie Afikaris et de l\u2019artiste<\/p>\n<\/li>\n<li class=\"glide__slide\" data-lazy=\"0\" data-lazy-full=\"0\">    <img class=\"portfolio__media portfolio__media--vertical\" data-lazy- data-lazy-src=\"https:\/\/www.europesays.com\/fr\/wp-content\/uploads\/2025\/09\/ba772a2_upload-1-alzqu5bjimuf-salifou-lindou-sans-titre-2023-56x38-cm.jpeg\" width=\"166\" height=\"250\" data-full=\"https:\/\/img.lemde.fr\/2025\/09\/15\/0\/0\/6781\/6798\/2658\/2666\/30\/0\/ba772a2_upload-1-alzqu5bjimuf-salifou-lindou-sans-titre-2023-56x38-cm.jpeg\" data-full-width=\"1333w\" alt=\"\u00ab\u00a0Sans titre\u00a0\u00bb, de Salifou Lindou (2023). Pastel et fusain sur papier mont\u00e9 sur toile (80\u00a0cm x 80\u00a0cm).\"\/>\n<p class=\"portfolio__legend\">\u00ab\u00a0Sans titre\u00a0\u00bb, de Salifou Lindou (2023). Pastel et fusain sur papier mont\u00e9 sur toile (80\u00a0cm x 80\u00a0cm). Courtesy de la galerie Afikaris et de l\u2019artiste<\/p>\n<\/li>\n<li class=\"glide__slide\" data-lazy=\"0\" data-lazy-full=\"0\">    <img class=\"portfolio__media portfolio__media--wide \" data-lazy- data-lazy-src=\"https:\/\/www.europesays.com\/fr\/wp-content\/uploads\/2025\/09\/8c6e07c_upload-1-mx3hgb8ig2og-salifou-lindou-histoire-da-une-journei-e-2013-90x90-cm.jpg\" width=\"375\" height=\"250\" data-full=\"https:\/\/img.lemde.fr\/2025\/09\/15\/0\/0\/6604\/6561\/4000\/3972\/30\/0\/8c6e07c_upload-1-mx3hgb8ig2og-salifou-lindou-histoire-da-une-journei-e-2013-90x90-cm.jpg\" data-full-width=\"2000w\" alt=\"\u00ab\u00a0Histoire d\u2019une journ\u00e9e\u00a0\u00bb, de Salifou Lindou (2013). Acrylique et gravure sur feuille d\u2019aluminium (90\u00a0cm x 90\u00a0cm).\"\/>\n<p class=\"portfolio__legend\">\u00ab\u00a0Histoire d\u2019une journ\u00e9e\u00a0\u00bb, de Salifou Lindou (2013). Acrylique et gravure sur feuille d\u2019aluminium (90\u00a0cm x 90\u00a0cm). Courtesy de la galerie Afikaris et de l\u2019artiste<\/p>\n<\/li>\n<li class=\"glide__slide\" data-lazy=\"0\" data-lazy-full=\"0\">    <img class=\"portfolio__media portfolio__media--wide \" data-lazy- data-lazy-src=\"https:\/\/www.europesays.com\/fr\/wp-content\/uploads\/2025\/09\/c600c7a_upload-1-djvlwyb21i7c-salifou-lindou-flutiste-2-2019-32x45-cm.jpg\" width=\"375\" height=\"250\" data-full=\"https:\/\/img.lemde.fr\/2025\/09\/15\/0\/0\/7765\/6412\/4000\/3302\/30\/0\/c600c7a_upload-1-djvlwyb21i7c-salifou-lindou-flutiste-2-2019-32x45-cm.jpg\" data-full-width=\"2000w\" alt=\"\u00ab\u00a0Fl\u00fbtiste\u00a0\u00bb, de Salifou Lindou (2019). Pastel sur papier (32\u00a0cm x 39\u00a0cm).\"\/>\n<p class=\"portfolio__legend\">\u00ab\u00a0Fl\u00fbtiste\u00a0\u00bb, de Salifou Lindou (2019). Pastel sur papier (32\u00a0cm x 39\u00a0cm). Courtesy de la galerie Afikaris et de l\u2019artiste<\/p>\n<\/li>\n<li class=\"glide__slide\" data-lazy=\"0\" data-lazy-full=\"0\">    <img class=\"portfolio__media portfolio__media--vertical\" data-lazy- data-lazy-src=\"https:\/\/www.europesays.com\/fr\/wp-content\/uploads\/2025\/09\/f300f20_upload-1-ix3eoomcwqw4-salifou-lindou-sei-rie-des-tei-tes-2015-26x16-cm.jpg\" width=\"166\" height=\"250\" data-full=\"https:\/\/img.lemde.fr\/2025\/09\/15\/0\/0\/2227\/2555\/2322\/2666\/30\/0\/f300f20_upload-1-ix3eoomcwqw4-salifou-lindou-sei-rie-des-tei-tes-2015-26x16-cm.jpg\" data-full-width=\"1333w\" alt=\"\u00ab\u00a0S\u00e9rie des t\u00eates\u00a0\u00bb, de Salifou Lindou (2015). Teinture noyer, pastel, acrylique sur papier (26\u00a0cm x 16\u00a0cm).\"\/>\n<p class=\"portfolio__legend\">\u00ab\u00a0S\u00e9rie des t\u00eates\u00a0\u00bb, de Salifou Lindou (2015). Teinture noyer, pastel, acrylique sur papier (26\u00a0cm x 16\u00a0cm). Courtesy de la galerie Afikaris et de l\u2019artiste<\/p>\n<\/li>\n<li class=\"glide__slide\" data-lazy=\"0\" data-lazy-full=\"0\">    <img class=\"portfolio__media portfolio__media--vertical\" data-lazy- data-lazy-src=\"https:\/\/www.europesays.com\/fr\/wp-content\/uploads\/2025\/09\/4febcca_upload-1-ra1usurnc8xf-salifou-lindou-sei-rie-des-tei-tes-2015-21x16-cm.jpg\" width=\"166\" height=\"250\" data-full=\"https:\/\/img.lemde.fr\/2025\/09\/15\/0\/0\/6158\/7261\/2260\/2666\/30\/0\/4febcca_upload-1-ra1usurnc8xf-salifou-lindou-sei-rie-des-tei-tes-2015-21x16-cm.jpg\" data-full-width=\"1333w\" alt=\"\u00ab\u00a0S\u00e9rie des t\u00eates\u00a0\u00bb, de Salifou Lindou (2015). Teinture noyer, pastel, acrylique sur papier (20,5\u00a0cm x 16\u00a0cm).\"\/>\n<p class=\"portfolio__legend\">\u00ab\u00a0S\u00e9rie des t\u00eates\u00a0\u00bb, de Salifou Lindou (2015). Teinture noyer, pastel, acrylique sur papier (20,5\u00a0cm x 16\u00a0cm). Courtesy de la galerie Afikaris et de l\u2019artiste<\/p>\n<\/li>\n<li class=\"glide__slide\" data-lazy=\"0\" data-lazy-full=\"0\">    <img class=\"portfolio__media portfolio__media--vertical\" data-lazy- data-lazy-src=\"https:\/\/www.europesays.com\/fr\/wp-content\/uploads\/2025\/09\/170c823_upload-1-p5oeyt0gamzi-salifou-lindou-nerveux-1-2014-40x30-cm.jpg\" width=\"166\" height=\"250\" data-full=\"https:\/\/img.lemde.fr\/2025\/09\/15\/0\/0\/6333\/8220\/2052\/2666\/30\/0\/170c823_upload-1-p5oeyt0gamzi-salifou-lindou-nerveux-1-2014-40x30-cm.jpg\" data-full-width=\"1333w\" alt=\"\u00ab\u00a0Nerveux 1\u00a0\u00bb, de Salifou Lindou (2014). Sanguine sur papier (40\u00a0cm x 30\u00a0cm).\"\/>\n<p class=\"portfolio__legend\">\u00ab\u00a0Nerveux 1\u00a0\u00bb, de Salifou Lindou (2014). Sanguine sur papier (40\u00a0cm x 30\u00a0cm). Courtesy de la galerie Afikaris et de l\u2019artiste<\/p>\n<\/li>\n<li class=\"glide__slide\" data-lazy=\"0\" data-lazy-full=\"0\">    <img class=\"portfolio__media portfolio__media--vertical\" data-lazy- data-lazy-src=\"https:\/\/www.europesays.com\/fr\/wp-content\/uploads\/2025\/09\/029f36b_upload-1-yzlxqiuero41-salifou-lindou-la-paysanne-2011-40x30-cm.jpg\" width=\"166\" height=\"250\" data-full=\"https:\/\/img.lemde.fr\/2025\/09\/15\/0\/0\/6216\/8046\/2058\/2666\/30\/0\/029f36b_upload-1-yzlxqiuero41-salifou-lindou-la-paysanne-2011-40x30-cm.jpg\" data-full-width=\"1333w\" alt=\"\u00ab\u00a0La paysanne\u00a0\u00bb, de Salifou Lindou (2011). Pastel sur papier (40\u00a0cm x 30\u00a0cm).\"\/>\n<p class=\"portfolio__legend\">\u00ab\u00a0La paysanne\u00a0\u00bb, de Salifou Lindou (2011). Pastel sur papier (40\u00a0cm x 30\u00a0cm). Courtesy de la galerie Afikaris et de l\u2019artiste<\/p>\n<\/li>\n<li class=\"glide__slide\" data-lazy=\"0\" data-lazy-full=\"0\">    <img class=\"portfolio__media portfolio__media--wide \" data-lazy- data-lazy-src=\"https:\/\/www.europesays.com\/fr\/wp-content\/uploads\/2025\/09\/d85551b_upload-1-v7w5z7cuu6xy-salifou-lindou-vil-hasard-2-2013-40x40-cm.jpg\" width=\"375\" height=\"250\" data-full=\"https:\/\/img.lemde.fr\/2025\/09\/15\/0\/0\/6158\/6127\/4000\/3978\/30\/0\/d85551b_upload-1-v7w5z7cuu6xy-salifou-lindou-vil-hasard-2-2013-40x40-cm.jpg\" data-full-width=\"2000w\" alt=\"\u00ab\u00a0Vil\u2019hasard 2\u00a0\u00bb, de Salifou Lindou (2013). Collage acrylique sur t\u00f4le (40\u00a0cm x 40\u00a0cm).\"\/>\n<p class=\"portfolio__legend\">\u00ab\u00a0Vil\u2019hasard 2\u00a0\u00bb, de Salifou Lindou (2013). Collage acrylique sur t\u00f4le (40\u00a0cm x 40\u00a0cm). Courtesy de la galerie Afikaris et de l\u2019artiste<\/p>\n<\/li>\n<li class=\"glide__slide\" data-lazy=\"0\" data-lazy-full=\"0\">    <img class=\"portfolio__media portfolio__media--vertical\" data-lazy- data-lazy-src=\"https:\/\/www.europesays.com\/fr\/wp-content\/uploads\/2025\/09\/0e1101f_upload-1-vo5hc4nm1dmg-salifou-lindou-le-bibineur-2006-32x29-cm.jpg\" width=\"166\" height=\"250\" data-full=\"https:\/\/img.lemde.fr\/2025\/09\/15\/0\/0\/6403\/7015\/2432\/2666\/30\/0\/0e1101f_upload-1-vo5hc4nm1dmg-salifou-lindou-le-bibineur-2006-32x29-cm.jpg\" data-full-width=\"1333w\" alt=\"\u00ab\u00a0Le bibineur\u00a0\u00bb, de Salifou Lindou (2006). Gravure sur t\u00f4le agraf\u00e9e sur bois (32\u00a0cm x 29\u00a0cm).\"\/>\n<p class=\"portfolio__legend\">\u00ab\u00a0Le bibineur\u00a0\u00bb, de Salifou Lindou (2006). Gravure sur t\u00f4le agraf\u00e9e sur bois (32\u00a0cm x 29\u00a0cm). Courtesy de la galerie Afikaris et de l\u2019artiste<\/p>\n<\/li>\n<li class=\"glide__slide\" data-lazy=\"0\" data-lazy-full=\"0\">    <img class=\"portfolio__media portfolio__media--vertical\" data-lazy- data-lazy-src=\"https:\/\/www.europesays.com\/fr\/wp-content\/uploads\/2025\/09\/84c869a_upload-1-woeji4fqnvcv-salifou-lindou-untitled-sld2540-2006-20x17-cm.jpg\" width=\"166\" height=\"250\" data-full=\"https:\/\/img.lemde.fr\/2025\/09\/15\/0\/0\/2553\/2996\/2270\/2666\/30\/0\/84c869a_upload-1-woeji4fqnvcv-salifou-lindou-untitled-sld2540-2006-20x17-cm.jpg\" data-full-width=\"1333w\" alt=\"\u00ab\u00a0Abstract Vibe\u00a0\u00bb, de Salifou Lindou (2006). Gravure sur t\u00f4le agraf\u00e9e sur bois (20\u00a0cm x 17\u00a0cm).\"\/>\n<p class=\"portfolio__legend\">\u00ab\u00a0Abstract Vibe\u00a0\u00bb, de Salifou Lindou (2006). Gravure sur t\u00f4le agraf\u00e9e sur bois (20\u00a0cm x 17\u00a0cm). Courtesy de la galerie Afikaris et de l\u2019artiste<\/p>\n<\/li>\n<li class=\"glide__slide\" data-lazy=\"0\" data-lazy-full=\"0\">    <img class=\"portfolio__media portfolio__media--vertical\" data-lazy- data-lazy-src=\"https:\/\/www.europesays.com\/fr\/wp-content\/uploads\/2025\/09\/9191300_upload-1-0a2hmeqv0xlq-salifou-lindou-untitled-2005-30x30-cm.jpg\" width=\"166\" height=\"250\" data-full=\"https:\/\/img.lemde.fr\/2025\/09\/15\/0\/0\/3786\/3800\/2656\/2666\/30\/0\/9191300_upload-1-0a2hmeqv0xlq-salifou-lindou-untitled-2005-30x30-cm.jpg\" data-full-width=\"1333w\" alt=\"\u00ab\u00a0Abstract 3\u00a0\u00bb, de Salifou Lindou (2005). Gravure sur t\u00f4le (30\u00a0cm x 30\u00a0cm).\"\/>\n<p class=\"portfolio__legend\">\u00ab\u00a0Abstract 3\u00a0\u00bb, de Salifou Lindou (2005). Gravure sur t\u00f4le (30\u00a0cm x 30\u00a0cm). Courtesy de la galerie Afikaris et de l\u2019artiste<\/p>\n<\/li>\n<li class=\"glide__slide\" data-lazy=\"0\" data-lazy-full=\"0\">    <img class=\"portfolio__media portfolio__media--vertical\" data-lazy- data-lazy-src=\"https:\/\/www.europesays.com\/fr\/wp-content\/uploads\/2025\/09\/7f18f7a_upload-1-jzjw8ms3vry4-salifou-lindou-verre-et-bouteille-sur-la-table-2002-21x17-cm.jpg\" width=\"166\" height=\"250\" data-full=\"https:\/\/img.lemde.fr\/2025\/09\/15\/0\/0\/1302\/1500\/2314\/2666\/30\/0\/7f18f7a_upload-1-jzjw8ms3vry4-salifou-lindou-verre-et-bouteille-sur-la-table-2002-21x17-cm.jpg\" data-full-width=\"1333w\" alt=\"\u00ab\u00a0Parapluie et verre\u00a0\u00bb, de Salifou Lindou (2002). Acrylique et argile sur papier (25\u00a0cm x 21\u00a0cm).\"\/>\n<p class=\"portfolio__legend\">\u00ab\u00a0Parapluie et verre\u00a0\u00bb, de Salifou Lindou (2002). Acrylique et argile sur papier (25\u00a0cm x 21\u00a0cm). Courtesy de la galerie Afikaris et de l\u2019artiste<\/p>\n<\/li>\n<li class=\"glide__slide\" data-lazy=\"0\" data-lazy-full=\"0\">    <img class=\"portfolio__media portfolio__media--vertical\" data-lazy- data-lazy-src=\"https:\/\/www.europesays.com\/fr\/wp-content\/uploads\/2025\/09\/9b5e3b2_upload-1-x1yko512j75x-salifou-lindou-boite-da-encre-sur-la-table-2001-21x19-cm.jpg\" width=\"166\" height=\"250\" data-full=\"https:\/\/img.lemde.fr\/2025\/09\/15\/0\/0\/6321\/6940\/2428\/2666\/30\/0\/9b5e3b2_upload-1-x1yko512j75x-salifou-lindou-boite-da-encre-sur-la-table-2001-21x19-cm.jpg\" data-full-width=\"1333w\" alt=\"\u00ab\u00a0Bo\u00eete d\u2019encre sur la table\u00a0\u00bb, de Salifou Lindou (2001). Acrylique et encre noire sur papier (21\u00a0cm x 19\u00a0cm).\"\/>\n<p class=\"portfolio__legend\">\u00ab\u00a0Bo\u00eete d\u2019encre sur la table\u00a0\u00bb, de Salifou Lindou (2001). Acrylique et encre noire sur papier (21\u00a0cm x 19\u00a0cm). Courtesy de la galerie Afikaris et de l\u2019artiste<\/p>\n<\/li>\n<\/ul>\n<p class=\"article__paragraph  \">Le travail de Salifou Lindou est toujours en dialogue avec la politique\u00a0: \u00ab\u00a0Je ne suis pas un artiste enferm\u00e9 dans son atelier, coup\u00e9 de la soci\u00e9t\u00e9. Au contraire, je suis attentif, \u00e0 l\u2019\u00e9coute. Quand un \u00e9v\u00e9nement secoue le pays, cela me touche directement. Ce n\u2019est pas toujours explicite dans mes \u0153uvres [car] je pr\u00e9f\u00e8re rester dans la m\u00e9taphore, dans la suggestion. [Mais] j\u2019ai besoin de r\u00e9agir, de traduire ce que je ressens face \u00e0 l\u2019oppression ou aux injustices.\u00a0\u00bb<\/p>\n<p> Restez inform\u00e9s  <\/p>\n<p> <a href=\"https:\/\/www.whatsapp.com\/channel\/0029VaDz2VzEVccLxVQSVS3x\" class=\"inread__link js-services-inread-link\" target=\"_blank\" rel=\"nofollow noopener\">  <\/p>\n<p>Suivez-nous sur WhatsApp<\/p>\n<p>Recevez l\u2019essentiel de l\u2019actualit\u00e9 africaine sur WhatsApp avec la cha\u00eene du \u00ab Monde Afrique \u00bb<\/p>\n<p>Rejoindre<\/p>\n<p> <\/a>      <\/p>\n<p> Newsletter  <\/p>\n<p> <a href=\"https:\/\/www.lemonde.fr\/newsletters\/le-monde-afrique\/\" class=\"inread__link js-services-inread-link\" target=\"_blank\" rel=\"nofollow noopener\">  <\/p>\n<p>\u00ab Le Monde Afrique \u00bb<\/p>\n<p>Chaque samedi, retrouvez une semaine d\u2019actualit\u00e9 et de d\u00e9bats, par la r\u00e9daction du \u00ab Monde Afrique \u00bb<\/p>\n<p>S&rsquo;inscrire<\/p>\n<p> <\/a>             <\/p>\n<p class=\"article__paragraph  \">Malgr\u00e9 des opportunit\u00e9s pour quitter le Cameroun d\u00e8s la fin des ann\u00e9es 1990, comme lors de cette r\u00e9sidence d\u2019un an \u00e0 l\u2019Ecole sup\u00e9rieure des arts d\u00e9coratifs de Strasbourg\u00a0en\u00a02000\u00a0et 2001, l\u2019artiste choisit de rester dans son pays\u00a0: \u00ab\u00a0Ma v\u00e9ritable source d\u2019inspiration est ici. Ce que je raconte dans mon travail, c\u2019est ma soci\u00e9t\u00e9, mon peuple. Je veux rester au c\u0153ur de cette r\u00e9alit\u00e9.\u00a0\u00bb<\/p>\n<p>                  Montrer la voie aux plus jeunes                  <\/p>\n<p class=\"article__paragraph  \">Et la transmission est une dimension \u00e0 laquelle il tient beaucoup. Dans son atelier, il accueille des \u00e9tudiants qui sortent des beaux-arts avec, bien s\u00fbr, des connaissances acad\u00e9miques, mais sans v\u00e9ritable exp\u00e9rience professionnelle. Il se souvient que, lorsqu\u2019il \u00e9tait jeune, des a\u00een\u00e9s l\u2019ont soutenu et lui ont montr\u00e9 la voie. Aujourd\u2019hui, il veut faire de m\u00eame, d\u2019autant plus que la sc\u00e8ne artistique n\u2019est pas tr\u00e8s d\u00e9velopp\u00e9e au Cameroun\u00a0: peu de galeries et de lieux institutionnels.<\/p>\n<p class=\"article__paragraph  \">Salifou Lindou explore la r\u00e9sistance de l\u2019\u00eatre face aux traumatismes de la vie. Gestes pr\u00e9cis et affirm\u00e9s. L\u00e9g\u00e8ret\u00e9 des traits de couleur au pastel et \u00e0 l\u2019acrylique. En se plongeant dans l\u2019art occidental, il ressent \u00ab\u00a0une certaine approche formelle, conceptuelle\u00a0\u00bb.<\/p>\n<p class=\"article__paragraph  \">Mais en revisitant les traditions de sa communaut\u00e9, il d\u00e9couvre autre chose\u00a0: \u00ab\u00a0Nos objets, les masques, les statuettes n\u2019\u00e9taient pas cr\u00e9\u00e9s pour \u00eatre regard\u00e9s comme de simples \u0153uvres d\u2019art. Ils avaient une fonction pr\u00e9cise comme gu\u00e9rir, prot\u00e9ger, purifier la soci\u00e9t\u00e9 et participaient \u00e0 des rituels, \u00e0 des cycles de vie. Ils n\u2019\u00e9taient pas que des supports.\u00a0\u00bb<\/p>\n<p>                                     Lire aussi |  <a href=\"https:\/\/www.lemonde.fr\/afrique\/article\/2024\/12\/14\/art-contemporain-le-peintre-senegalais-omar-ba-celebre-la-sagesse-peule_6447877_3212.html\" class=\"js-article-read-also catcher--favoris__link\" data-premium=\"\" id=\"article-title-3400136\" rel=\"nofollow noopener\" target=\"_blank\">Art contemporain\u00a0: le peintre s\u00e9n\u00e9galais Omar Ba c\u00e9l\u00e8bre la sagesse peule<\/a>    <\/p>\n<p>   Lire plus tard  <\/p>\n<p class=\"article__paragraph  \">Les visages esquiss\u00e9s ou non, les fleurs \u2013 souvent des tournesols \u2013, des bouteilles d\u2019alcool \u2013 qui sugg\u00e8rent l\u2019abandon \u2013 jonglent entre duret\u00e9 et tendresse, entre chaos et apaisement. Rencontre de contraires qui fait na\u00eetre l\u2019\u00e9motion. Et selon l\u2019histoire \u00e0 raconter, l\u2019artiste choisit son support\u00a0: \u00ab\u00a0C\u2019est comme faire une valise d\u2019apr\u00e8s la saison. On choisit ce qu\u2019il convient. Si elle est s\u00e8che, on s\u2019habille l\u00e9ger. Si elle est pluvieuse, on prend un parapluie et des bottes\u2026\u00a0\u00bb<\/p>\n<p class=\"article__paragraph  \">Louise Thurin met en avant \u00ab\u00a0la puissance de son langage plastique qui conjugue libert\u00e9 formelle et rigueur dans le tressage des lignes et motifs, et sa mani\u00e8re de relier l\u2019intime et le collectif. Ses portraits sont \u00e0 la fois des figures psychologiques et des all\u00e9gories sociales. Ses paysages urbains incarnent l\u2019esprit d\u2019un Cameroun caboss\u00e9, mais toujours en esp\u00e9rance. Beaut\u00e9 et fragilit\u00e9 se tiennent ensemble\u00a0\u00bb.<\/p>\n<p class=\"article__paragraph  \">Florian Azzopardi, fondateur et directeur de la galerie, conna\u00eet Salifou Lindou depuis 2018. Il souhaitait pr\u00e9senter des s\u00e9ries \u00ab\u00a0oubli\u00e9es\u00a0\u00bb et des pi\u00e8ces historiques, en les faisant dialoguer avec certaines de ses plus belles cr\u00e9ations r\u00e9centes, \u00ab\u00a0le tout en un ensemble chaotique mais coh\u00e9rent\u00a0!\u00a0\u00bb Montrant ainsi \u00e0 quel point son \u0153uvre est non lin\u00e9aire, faite de rebonds, d\u2019exp\u00e9rimentations, d\u00e9voilant \u00ab\u00a0son extr\u00eame libert\u00e9\u00a0\u00bb et \u00ab\u00a0son plaisir de cr\u00e9er, (\u2026) malgr\u00e9 des ann\u00e9es difficiles, entre extr\u00eame pr\u00e9carit\u00e9, marginalisation et perte de personnes tr\u00e8s proches\u00a0\u00bb.<\/p>\n<p class=\"catcher__desc\"><strong>\u00ab\u00a0Carambolage\u00a0\u00bb, de Salifou Lindou,<\/strong> \u00e0 la galerie Afikaris, 7 rue Notre-Dame-de-Nazareth, 75003 Paris. Jusqu\u2019au 1er\u00a0novembre.<\/p>\n<p class=\"article__author-container\"> <a class=\"article__author-link\" href=\"https:\/\/www.lemonde.fr\/signataires\/olivier-herviaux\/\" rel=\"nofollow noopener\" target=\"_blank\"> Olivier Herviaux<\/a>  <\/p>\n<p>                  <a href=\"https:\/\/www.lemonde.fr\/syndication\/\" class=\"reuse__content\" title=\"R\u00e9utiliser ce contenu\" target=\"_blank\" rel=\"nofollow noopener\">R\u00e9utiliser ce contenu<\/a>      <\/p>\n","protected":false},"excerpt":{"rendered":"L\u2019artiste camerounais Salifou Lindou \u00e0 la galerie Afikaris, \u00e0 Paris, le 3\u00a0septembre\u00a02025. STUDIO VANSSAY Vingt-cinq ans de cr\u00e9ations&hellip;\n","protected":false},"author":2,"featured_media":421365,"comment_status":"","ping_status":"","sticky":false,"template":"","format":"standard","meta":{"footnotes":""},"categories":[1358],"tags":[1348,1384,1385,1386,58,59,1011,27],"class_list":{"0":"post-421364","1":"post","2":"type-post","3":"status-publish","4":"format-standard","5":"has-post-thumbnail","7":"category-arts-et-design","8":"tag-arts","9":"tag-arts-and-design","10":"tag-arts-et-design","11":"tag-design","12":"tag-divertissement","13":"tag-entertainment","14":"tag-fr","15":"tag-france"},"share_on_mastodon":{"url":"https:\/\/pubeurope.com\/@fr\/115276248892744194","error":""},"_links":{"self":[{"href":"https:\/\/www.europesays.com\/fr\/wp-json\/wp\/v2\/posts\/421364","targetHints":{"allow":["GET"]}}],"collection":[{"href":"https:\/\/www.europesays.com\/fr\/wp-json\/wp\/v2\/posts"}],"about":[{"href":"https:\/\/www.europesays.com\/fr\/wp-json\/wp\/v2\/types\/post"}],"author":[{"embeddable":true,"href":"https:\/\/www.europesays.com\/fr\/wp-json\/wp\/v2\/users\/2"}],"replies":[{"embeddable":true,"href":"https:\/\/www.europesays.com\/fr\/wp-json\/wp\/v2\/comments?post=421364"}],"version-history":[{"count":0,"href":"https:\/\/www.europesays.com\/fr\/wp-json\/wp\/v2\/posts\/421364\/revisions"}],"wp:featuredmedia":[{"embeddable":true,"href":"https:\/\/www.europesays.com\/fr\/wp-json\/wp\/v2\/media\/421365"}],"wp:attachment":[{"href":"https:\/\/www.europesays.com\/fr\/wp-json\/wp\/v2\/media?parent=421364"}],"wp:term":[{"taxonomy":"category","embeddable":true,"href":"https:\/\/www.europesays.com\/fr\/wp-json\/wp\/v2\/categories?post=421364"},{"taxonomy":"post_tag","embeddable":true,"href":"https:\/\/www.europesays.com\/fr\/wp-json\/wp\/v2\/tags?post=421364"}],"curies":[{"name":"wp","href":"https:\/\/api.w.org\/{rel}","templated":true}]}}