{"id":421366,"date":"2025-09-27T12:25:24","date_gmt":"2025-09-27T12:25:24","guid":{"rendered":"https:\/\/www.europesays.com\/fr\/421366\/"},"modified":"2025-09-27T12:25:24","modified_gmt":"2025-09-27T12:25:24","slug":"un-livre-sur-dgenerate-et-le-courage-de-mettre-un-genou-a-terre","status":"publish","type":"post","link":"https:\/\/www.europesays.com\/fr\/421366\/","title":{"rendered":"Un livre sur DGenerate et le courage de \u00abmettre un genou \u00e0 terre\u00bb"},"content":{"rendered":"<p class=\"article-bodystyled__StyledText-sc-19uhgql-0 bGeyRM body-paragraph\" id=\"content-element-QDBVETREDJCMLFNHPBMTAFJPKE\">\u00abLes lutteurs, on est souvent vus comme des superh\u00e9ros, et c\u2019est bien de montrer que m\u00eame les superh\u00e9ros peuvent mettre un genou \u00e0 terre. Qu\u2019ils peuvent se relever aussi\u00bb, souffle Philippe Munger, qui se retrouve depuis jeudi au c\u0153ur d\u2019une \u0153uvre jeunesse portant son nom de sc\u00e8ne, aux \u00c9ditions de la Bagnole (Collection Mini Punk).<\/p>\n<p class=\"article-bodystyled__StyledText-sc-19uhgql-0 bGeyRM body-paragraph\" id=\"content-element-SXR7VFBW3FA7PPXBJ72WPEPBBM\">Nathalie Dupont, qui signe le livre avec l\u2019illustrateur PisHier, ne peut que sourire en entendant ces mots. Elle qui avait en t\u00eate des vis\u00e9es similaires, en imaginant le projet au d\u00e9part. \u00abJe travaille avec les tout-petits, et c\u2019est tellement un sujet tabou la sant\u00e9 mentale, \u00e7a peut toucher n\u2019importe qui.\u00bb<\/p>\n<p><img decoding=\"async\" data-chromatic=\"ignore\" alt=\"Nathalie Dupont et Philippe Munger ont d&#xE9;velopp&#xE9; un lien sp&#xE9;cial, ces derni&#xE8;res ann&#xE9;es. \" class=\"c-image\" loading=\"lazy\" src=\"https:\/\/www.europesays.com\/fr\/wp-content\/uploads\/2025\/09\/TWREOWHB3VHVPP6SPV2CH6PHMQ.jpg\"  width=\"1200\" height=\"799\"\/><\/p>\n<p class=\"image-metadata__MetadataParagraph-sc-1gfk7p2-0 cAaLKg image-metadata\">Nathalie Dupont et Philippe Munger ont d\u00e9velopp\u00e9 un lien sp\u00e9cial, ces derni\u00e8res ann\u00e9es.  (Mariane L. St-Gelais\/Le Quotidien)<\/p>\n<p class=\"article-bodystyled__StyledText-sc-19uhgql-0 bGeyRM body-paragraph\" id=\"content-element-PYM7X4ZAJBHO3CONFFFZCX3B5E\">Le duo nous rencontre \u00e0 Place centre-ville Jonqui\u00e8re, \u00e0 l\u2019occasion de son tout premier salon du livre. \u00c0 quelques minutes, aussi, de sa toute premi\u00e8re s\u00e9ance de d\u00e9dicaces, qu\u2019on devine d\u00e9j\u00e0 fructueuse.<\/p>\n<p>Grand engouement<\/p>\n<p class=\"article-bodystyled__StyledText-sc-19uhgql-0 bGeyRM body-paragraph\" id=\"content-element-XNTHLZUMUFFSRNHE2ZDKECSPZU\">Car \u00e0 peine l\u2019entrevue avec Le Quotidien d\u00e9but\u00e9e, le lutteur est reconnu par quelqu\u2019un \u00e0 proximit\u00e9. \u00abVous \u00eates DGenerate, hein?\u00bb<\/p>\n<p class=\"article-bodystyled__StyledText-sc-19uhgql-0 bGeyRM body-paragraph\" id=\"content-element-GZC53VNNHFGFZPSIPHE3MC7WHY\">Il faut dire que le Jonqui\u00e9rois a une chevelure m\u00e9morable, ainsi qu\u2019un chandail \u00e0 son effigie. Mais la sc\u00e8ne t\u00e9moigne surtout du grand engouement entourant la lutte, dans la r\u00e9gion comme \u00e0 l\u2019\u00e9chelle du Qu\u00e9bec. Et de la notori\u00e9t\u00e9 de Philippe Munger, qui durant les 20 derni\u00e8res ann\u00e9es s\u2019est taill\u00e9 une place enviable, dans le milieu. <\/p>\n<p><img decoding=\"async\" data-chromatic=\"ignore\" alt=\"L'histoire est racont&#xE9;e avec les mots de Nathalie Dupont et les dessins du Jonqui&#xE9;rois d'origine PisHier. \" class=\"c-image\" loading=\"lazy\" src=\"https:\/\/www.europesays.com\/fr\/wp-content\/uploads\/2025\/09\/MWN2M2CF6FCUPF2FJVFUZHSOPE.jpg\"  width=\"1200\" height=\"799\"\/><\/p>\n<p class=\"image-metadata__MetadataParagraph-sc-1gfk7p2-0 cAaLKg image-metadata\">L&rsquo;histoire est racont\u00e9e avec les mots de Nathalie Dupont et les dessins du Jonqui\u00e9rois d&rsquo;origine PisHier.  (Mariane L. St-Gelais\/Le Quotidien)<\/p>\n<p class=\"article-bodystyled__StyledText-sc-19uhgql-0 bGeyRM body-paragraph\" id=\"content-element-GC5Q3ZVJQNCPVLDG566HA5E7GM\">\u00abC\u2019est fou raide! Au milieu des ann\u00e9es 2000, si tu avais 100 personnes dans la foule, t\u2019\u00e9tais fou comme de la marde. Maintenant, ce n\u2019est pas rare qu\u2019on a des 500, 600, 1000, 2000 spectateurs. On retrouve tout type de personnes dans l\u2019assistance\u00bb, se r\u00e9jouit le principal int\u00e9ress\u00e9, en \u00e9voquant notamment l\u2019ascension des Qu\u00e9b\u00e9cois Kevin Owens et Sami Zayn dans la WWE pour expliquer le ph\u00e9nom\u00e8ne.<\/p>\n<p>Mieux comprendre<\/p>\n<p class=\"article-bodystyled__StyledText-sc-19uhgql-0 bGeyRM body-paragraph\" id=\"content-element-JTFXJ3SX55AJPNBPUJB62WQSRQ\">Le livre lanc\u00e9 jeudi, DGenerate: La lutte expliqu\u00e9e aux enfants, risque encore d\u2019attirer quelques nouveaux amateurs. Ou du moins de permettre aux jeunes de mieux comprendre la discipline. Des plus exigeantes, m\u00eame si arrang\u00e9e.<\/p>\n<p class=\"article-bodystyled__StyledText-sc-19uhgql-0 bGeyRM body-paragraph\" id=\"content-element-WI32MQBMYBBWDCTCSWPOR3RNKQ\">Puis \u00e7a permet aussi de conna\u00eetre, \u00e0 travers les mots de Nathalie Dupont et les dessins de PisHier, le parcours de Philippe Munger. De ses premi\u00e8res prises faites dans le vide et devant la t\u00e9l\u00e9, sur le tapis du salon, jusqu\u2019\u00e0 ces tr\u00e8s longues balades \u00e0 bicyclette pour d\u00e9buter sa carri\u00e8re, \u00e0 Jonqui\u00e8re.<\/p>\n<p><img decoding=\"async\" data-chromatic=\"ignore\" alt=\"Philippe Munger a repris go&#xFB;t &#xE0; la lutte depuis 2019, et est aujourd'hui fier de partager son histoire. \" class=\"c-image\" loading=\"lazy\" src=\"https:\/\/www.europesays.com\/fr\/wp-content\/uploads\/2025\/09\/LXR65U4RKFBXFE37UYJAASL2M4.jpg\"  width=\"1200\" height=\"800\"\/><\/p>\n<p class=\"image-metadata__MetadataParagraph-sc-1gfk7p2-0 cAaLKg image-metadata\">Philippe Munger a repris go\u00fbt \u00e0 la lutte depuis 2019, et est aujourd&rsquo;hui fier de partager son histoire.  (Mariane L. St-Gelais\/Le Quotidien)<\/p>\n<p class=\"article-bodystyled__StyledText-sc-19uhgql-0 bGeyRM body-paragraph\" id=\"content-element-BKX355K545CK7IAM5FYRM6VRHM\">\u00abJe n\u2019avais pas de voiture. Alors, je partais d\u2019H\u00e9bertville pour me rendre jusqu\u2019\u00e0 Saint-Bruno en v\u00e9lo, hiver comme \u00e9t\u00e9, \u00e0 -40 degr\u00e9s comme \u00e0 +20. Et apr\u00e8s, je faisais du pouce de Saint-Bruno jusqu\u2019\u00e0 Jonqui\u00e8re pour aller lutter. J\u2019ai fait \u00e7a pendant au moins deux ans.\u00bb<\/p>\n<p>Sans tabou<\/p>\n<p class=\"article-bodystyled__StyledText-sc-19uhgql-0 bGeyRM body-paragraph\" id=\"content-element-A5EOLD7AOBAYNOF5RZBSIQ6APE\">En fait, le lutteur se d\u00e9voile enti\u00e8rement dans le livre. Abordant avec l\u00e9g\u00e8ret\u00e9, mais sans le moindre tabou, les moments plus difficiles de son parcours, de m\u00eame que l\u2019aide cruciale offerte par Nathalie Dupont, \u00e0 qui il doit beaucoup (m\u00eame la fabrication de quelques costumes).<\/p>\n<p><img decoding=\"async\" data-chromatic=\"ignore\" alt=\"Il s'agit d'un premier livre pour Nathalie Dupont.\" class=\"c-image\" loading=\"lazy\" src=\"https:\/\/www.europesays.com\/fr\/wp-content\/uploads\/2025\/09\/ON3PKWUCMFEIBISEC77OCRCEYM.jpg\"  width=\"1200\" height=\"801\"\/><\/p>\n<p class=\"image-metadata__MetadataParagraph-sc-1gfk7p2-0 cAaLKg image-metadata\">Il s&rsquo;agit d&rsquo;un premier livre pour Nathalie Dupont. (Mariane L. St-Gelais\/Le Quotidien)<\/p>\n<p class=\"article-bodystyled__StyledText-sc-19uhgql-0 bGeyRM body-paragraph\" id=\"content-element-ITA4IDIGZRE6JDCHCCMOCIOR3A\">\u00abJ\u2019ai eu des p\u00e9riodes sombres, et c\u2019est quelqu\u2019un qui m\u2019a grandement aid\u00e9 \u00e0 me remonter. [\u2026] Elle cognait \u00e0 la porte, j\u2019ouvrais et il y avait des sacs d\u2019\u00e9picerie, des b\u00fbches de No\u00ebl\u00bb, se souvient en riant Philippe Munger, qui a fait face \u00e0 une grande d\u00e9pression entre 2018 et 2019.<\/p>\n<p class=\"article-bodystyled__StyledText-sc-19uhgql-0 bGeyRM body-paragraph\" id=\"content-element-X6C3DLKDOJDHDKBC6RYTWT7UZE\">\u00ab\u00c7a faisait longtemps que je n\u2019avais pas pris ma machine \u00e0 coudre, raconte pour sa part Nathalie Dupont. Mais il m\u2019a dit qu\u2019il ne pouvait pas revenir s\u2019il n\u2019avait pas de costumes. Alors j\u2019ai dit : si \u00e7a prend juste \u00e7a, je vais la ressortir!\u00bb<\/p>\n<p>Une histoire de famille<\/p>\n<p class=\"article-bodystyled__StyledText-sc-19uhgql-0 bGeyRM body-paragraph\" id=\"content-element-T3Q7T2VUT5FE7CE74TBBJY3KFY\">Grande fan de DGenerate d\u00e8s la premi\u00e8re heure, celle qui en est \u00e0 un premier livre baigne depuis longtemps dans l\u2019univers de la lutte. Qui chez elle est une histoire de famille. <\/p>\n<p><img decoding=\"async\" data-chromatic=\"ignore\" alt=\"Philippe Munger (ici &#xE0; droite), &#x153;uvre dans le milieu de la lutte depuis deux d&#xE9;cennies.\" class=\"c-image\" loading=\"lazy\" src=\"https:\/\/www.europesays.com\/fr\/wp-content\/uploads\/2025\/09\/X736LBVVRVGNFFZ5U7HRQMVRIQ.jpg\"  width=\"1200\" height=\"709\"\/><\/p>\n<p class=\"image-metadata__MetadataParagraph-sc-1gfk7p2-0 cAaLKg image-metadata\">Philippe Munger (ici \u00e0 droite), \u0153uvre dans le milieu de la lutte depuis deux d\u00e9cennies. (Tom Core\/Archives Le Quotidien)<\/p>\n<p class=\"article-bodystyled__StyledText-sc-19uhgql-0 bGeyRM body-paragraph\" id=\"content-element-636CPHQTAJHVVDR2CYMBYFZXXY\">\u00abMoi j\u2019avais suivi un cours de lutte pour me remettre en forme, mais ils m\u2019ont retourn\u00e9e parce que j\u2019avais z\u00e9ro talent, pouffe-t-elle. Mais finalement, mon chum, lui, a \u00e9t\u00e9 accept\u00e9 et a longtemps lutt\u00e9. Ma fille [a\u00een\u00e9e] avait 5 ans \u00e0 l\u2019\u00e9poque et elle a commenc\u00e9 tranquillement.\u00bb<\/p>\n<p class=\"article-bodystyled__StyledText-sc-19uhgql-0 bGeyRM body-paragraph\" id=\"content-element-FBOAEWHQPFGAHHCVCEFRKT5NUA\">Il s\u2019agit, aux yeux du duo, d\u2019une belle avenue pour d\u00e9velopper sa confiance. \u00abMoi, [mon personnage], \u00e7a m\u2019a permis de sortir de ma coquille, d\u2019exploiter mon potentiel\u00bb, confie Philippe Munger, qui est pass\u00e9 durant sa carri\u00e8re du r\u00f4le de \u00abpsychopathe\u00bb \u00e0 celui du \u00ablutteur de com\u00e9die\u00bb. <\/p>\n<p class=\"article-bodystyled__StyledText-sc-19uhgql-0 bGeyRM body-paragraph\" id=\"content-element-M5IKS54K7JF7PNQQ2W5D57YZ6A\">Lanc\u00e9 jeudi, le livre racontant son parcours est disponible dans la plupart des librairies, de m\u00eame qu\u2019au Salon du livre, tenu jusqu\u2019\u00e0 dimanche \u00e0 Place centre-ville Jonqui\u00e8re. <\/p>\n","protected":false},"excerpt":{"rendered":"\u00abLes lutteurs, on est souvent vus comme des superh\u00e9ros, et c\u2019est bien de montrer que m\u00eame les superh\u00e9ros&hellip;\n","protected":false},"author":2,"featured_media":421367,"comment_status":"","ping_status":"","sticky":false,"template":"","format":"standard","meta":{"footnotes":""},"categories":[1357],"tags":[1379,58,59,1011,27,1380],"class_list":{"0":"post-421366","1":"post","2":"type-post","3":"status-publish","4":"format-standard","5":"has-post-thumbnail","7":"category-livres","8":"tag-books","9":"tag-divertissement","10":"tag-entertainment","11":"tag-fr","12":"tag-france","13":"tag-livres"},"share_on_mastodon":{"url":"https:\/\/pubeurope.com\/@fr\/115276252946469431","error":""},"_links":{"self":[{"href":"https:\/\/www.europesays.com\/fr\/wp-json\/wp\/v2\/posts\/421366","targetHints":{"allow":["GET"]}}],"collection":[{"href":"https:\/\/www.europesays.com\/fr\/wp-json\/wp\/v2\/posts"}],"about":[{"href":"https:\/\/www.europesays.com\/fr\/wp-json\/wp\/v2\/types\/post"}],"author":[{"embeddable":true,"href":"https:\/\/www.europesays.com\/fr\/wp-json\/wp\/v2\/users\/2"}],"replies":[{"embeddable":true,"href":"https:\/\/www.europesays.com\/fr\/wp-json\/wp\/v2\/comments?post=421366"}],"version-history":[{"count":0,"href":"https:\/\/www.europesays.com\/fr\/wp-json\/wp\/v2\/posts\/421366\/revisions"}],"wp:featuredmedia":[{"embeddable":true,"href":"https:\/\/www.europesays.com\/fr\/wp-json\/wp\/v2\/media\/421367"}],"wp:attachment":[{"href":"https:\/\/www.europesays.com\/fr\/wp-json\/wp\/v2\/media?parent=421366"}],"wp:term":[{"taxonomy":"category","embeddable":true,"href":"https:\/\/www.europesays.com\/fr\/wp-json\/wp\/v2\/categories?post=421366"},{"taxonomy":"post_tag","embeddable":true,"href":"https:\/\/www.europesays.com\/fr\/wp-json\/wp\/v2\/tags?post=421366"}],"curies":[{"name":"wp","href":"https:\/\/api.w.org\/{rel}","templated":true}]}}