{"id":421368,"date":"2025-09-27T12:26:11","date_gmt":"2025-09-27T12:26:11","guid":{"rendered":"https:\/\/www.europesays.com\/fr\/421368\/"},"modified":"2025-09-27T12:26:11","modified_gmt":"2025-09-27T12:26:11","slug":"yen-a-marre-le-ton-monte-sur-tbt9-entre-danielle-moreau-et","status":"publish","type":"post","link":"https:\/\/www.europesays.com\/fr\/421368\/","title":{"rendered":"\u00ab\u00a0Y\u2019en a marre !\u00a0\u00bb, le ton monte sur TBT9 entre Danielle Moreau et &#8230;"},"content":{"rendered":"<p>EN BREF<\/p>\n<ul class=\"bloc_resume_post_list\">\n<li>Danielle Moreau et Laurent Fontaine se sont violemment<br \/>\noppos\u00e9s sur les privil\u00e8ges de Dominique de Villepin.<\/li>\n<li>Cyril Hanouna a eu du mal \u00e0 calmer ses chroniqueurs,<br \/>\nmalgr\u00e9 ses tentatives d\u2019humour.<\/li>\n<li>Le d\u00e9bat a montr\u00e9 une forte division sur la s\u00e9curit\u00e9 des<br \/>\nanciens Premiers ministres.<\/li>\n<\/ul>\n<p data-start=\"319\" data-end=\"519\">Cela fait moins d\u2019un mois que<br \/>\nCyril Hanouna a lanc\u00e9 sa nouvelle \u00e9mission Tout beau tout neuf sur W9, et de nombreuses<br \/>\ntensions ont d\u00e9j\u00e0 \u00e9clat\u00e9 sur le plateau entre les chroniqueurs et<br \/>\nles invit\u00e9s.<\/p>\n<p data-start=\"521\" data-end=\"783\">Vendredi 26 mars<a href=\"https:\/\/www.telestar.fr\/actu_tv\/tres-bizarre-cet-ex-chroniqueur-phare-de-tpmp-que-danielle-moreau-na-jamais-cerne-1732305\" target=\"_blank\" rel=\"noopener\">,<br \/>\nDanielle Moreau<\/a> s\u2019est <a href=\"https:\/\/www.telestar.fr\/actu_tv\/des-gens-comme-toi-une-remarque-meprisante-de-laurent-fontaine-dans-tpmp-provoque-la-gene-1667017\" target=\"_blank\" rel=\"noopener\"><br \/>\n\u00e9charp\u00e9 avec Laurent Fontaine, en plein direct.<\/a> Alors que leurs<br \/>\nvoix s\u2019\u00e9levaient sur le plateau, <strong>Cyril Hanouna a eu<br \/>\nquelques difficult\u00e9s \u00e0 calmer ses deux chroniqueurs<\/strong>, qui<br \/>\n\u00e9taient tous les deux camp\u00e9s sur leurs positions.<\/p>\n<p>TBT9 :<br \/>\nDanielle Moreau hausse la voix contre Laurent Fontaine<\/p>\n<p data-start=\"852\" data-end=\"1204\">Comme tous les soirs, Cyril<br \/>\nHanouna a d\u00e9battu de sujets de soci\u00e9t\u00e9 avec ses chroniqueurs. En ce<br \/>\ndernier jour de la semaine, ils sont revenus sur l\u2019interview entre<br \/>\nApolline de Malherbe et Dominique de Villepin. L\u2019ancien Premier<br \/>\nministre a sembl\u00e9 g\u00ean\u00e9 lorsque la journaliste lui a demand\u00e9 s\u2019il<br \/>\n\u00e9tait venu avec \u00ab son<br \/>\nchauffeur priv\u00e9 pay\u00e9 par l\u2019\u00c9tat \u00bb. Il est vrai qu\u2019\u00e0 l\u2019heure o\u00f9<br \/>\nla France est tr\u00e8s endett\u00e9e, les privil\u00e8ges \u00e0 vie des anciens<br \/>\nPremiers ministres font d\u00e9bat. Alors que certains estiment que<br \/>\nDominique de Villepin n\u2019a pas besoin de cette protection, Laurent<br \/>\nFontaine n\u2019est pas d\u2019accord : \u00ab En p\u00e9riode de terrorisme, un mec qui a \u00e9t\u00e9 Premier<br \/>\nministre de la France\u2026 pendant la guerre d\u2019Irak, m\u00eame s\u2019il co\u00fbte<br \/>\n200 000 balles par an, arr\u00eatez de faire de la d\u00e9magogie\u2026 \u00bb Les<br \/>\nautres chroniqueurs ne sont pas d\u2019accord <a href=\"https:\/\/www.telestar.fr\/actu_tv\/touche-pas-a-mon-poste-elle-ma-remplacee-danielle-moreau-justifie-son-absence-1708978\" target=\"_blank\" rel=\"noopener\"><br \/>\net Danielle Moreau<\/a> lui demande : \u00ab Laurent, dis-moi franchement, dans le monde<br \/>\nactuel, qui a le plus besoin de s\u00e9curit\u00e9 ? Une infirmi\u00e8re qui<br \/>\nrentre le soir \u00e0 minuit dans le RER ou bien Dominique de Villepin ?<br \/>\n\u00bb<\/p>\n<p data-start=\"1206\" data-end=\"1635\">Alors que <a href=\"https:\/\/www.telestar.fr\/actu_tv\/tbt9-cyril-hanouna-remplace-par-laurent-fontaine-la-jalousie-des-chroniqueurs-transpire-1739201\" target=\"_blank\" rel=\"noopener\"><br \/>\ncelui qui remplacera bient\u00f4t Cyril Hanouna<\/a> dit qu\u2019il fait<br \/>\n\u00ab encore plus de d\u00e9magogie<br \/>\n\u00bb, Danielle Moreau, qui est atteinte d\u00a0\u00bbune grave maladie,<br \/>\ns\u2019insurge : \u00ab Je suis<br \/>\npeut-\u00eatre d\u00e9mago<strong>, mais je suis d\u00e9sol\u00e9e, on ne peut rien<br \/>\ndire parce qu\u2019on est d\u00e9mago, y\u2019en a marre<\/strong> ! En quoi ce<br \/>\nmonsieur est un danger ? Il fait partie des gens qui ont gouvern\u00e9,<br \/>\nqui nous ont mis dans la merde ! \u00bb<\/p>\n<p>Cyril Hanouna tente d\u2019apaiser<br \/>\nles tensions sur TBT9<\/p>\n<p data-start=\"2309\" data-end=\"2527\">Alors qu\u2019elle a du mal \u00e0 se<br \/>\ncalmer, <strong>Cyril Hanouna tente d\u2019apaiser ses chroniqueurs sur<br \/>\nTBT9,<\/strong> avec une petite touche d\u2019humour et dit \u00e0 Laurent<br \/>\nFontaine : \u00ab Mais tu es<br \/>\nd\u00e9connect\u00e9, tu es derri\u00e8re un rideau, tu ne vois rien ! \u00bb<\/p>\n<p data-start=\"2529\" data-end=\"2752\">Pourtant, les deux<br \/>\nchroniqueurs ne s\u2019arr\u00eatent pas et <a href=\"https:\/\/www.telestar.fr\/people\/pascal-bataille-sest-laisse-aller-face-au-cancer-lacolyte-de-laurent-fontaine-a-fait-comme-florent-pagny-1738237\" target=\"_blank\" rel=\"noopener\"><br \/>\nl\u2019ancien comlice de Pascal Bataille<\/a> ne d\u00e9mord pas.<br \/>\n\u00ab Les gars, les gars\u2026 arr\u00eate<br \/>\nun peu, Laurent, tu as des int\u00e9r\u00eats quelque part \u00bb, et demande<br \/>\nm\u00eame \u00e0 Gilles Verdez d\u2019intervenir.<\/p>\n","protected":false},"excerpt":{"rendered":"EN BREF Danielle Moreau et Laurent Fontaine se sont violemment oppos\u00e9s sur les privil\u00e8ges de Dominique de Villepin.&hellip;\n","protected":false},"author":2,"featured_media":421369,"comment_status":"","ping_status":"","sticky":false,"template":"","format":"standard","meta":{"footnotes":""},"categories":[1356],"tags":[548,1083,58,59,1011,27,252,22497,49534,1364],"class_list":{"0":"post-421368","1":"post","2":"type-post","3":"status-publish","4":"format-standard","5":"has-post-thumbnail","7":"category-television","8":"tag-article-simple","9":"tag-cyril-hanouna","10":"tag-divertissement","11":"tag-entertainment","12":"tag-fr","13":"tag-france","14":"tag-television","15":"tag-tout-beau","16":"tag-tout-n9uf","17":"tag-tv"},"share_on_mastodon":{"url":"https:\/\/pubeurope.com\/@fr\/115276256689801750","error":""},"_links":{"self":[{"href":"https:\/\/www.europesays.com\/fr\/wp-json\/wp\/v2\/posts\/421368","targetHints":{"allow":["GET"]}}],"collection":[{"href":"https:\/\/www.europesays.com\/fr\/wp-json\/wp\/v2\/posts"}],"about":[{"href":"https:\/\/www.europesays.com\/fr\/wp-json\/wp\/v2\/types\/post"}],"author":[{"embeddable":true,"href":"https:\/\/www.europesays.com\/fr\/wp-json\/wp\/v2\/users\/2"}],"replies":[{"embeddable":true,"href":"https:\/\/www.europesays.com\/fr\/wp-json\/wp\/v2\/comments?post=421368"}],"version-history":[{"count":0,"href":"https:\/\/www.europesays.com\/fr\/wp-json\/wp\/v2\/posts\/421368\/revisions"}],"wp:featuredmedia":[{"embeddable":true,"href":"https:\/\/www.europesays.com\/fr\/wp-json\/wp\/v2\/media\/421369"}],"wp:attachment":[{"href":"https:\/\/www.europesays.com\/fr\/wp-json\/wp\/v2\/media?parent=421368"}],"wp:term":[{"taxonomy":"category","embeddable":true,"href":"https:\/\/www.europesays.com\/fr\/wp-json\/wp\/v2\/categories?post=421368"},{"taxonomy":"post_tag","embeddable":true,"href":"https:\/\/www.europesays.com\/fr\/wp-json\/wp\/v2\/tags?post=421368"}],"curies":[{"name":"wp","href":"https:\/\/api.w.org\/{rel}","templated":true}]}}