{"id":421370,"date":"2025-09-27T12:27:11","date_gmt":"2025-09-27T12:27:11","guid":{"rendered":"https:\/\/www.europesays.com\/fr\/421370\/"},"modified":"2025-09-27T12:27:11","modified_gmt":"2025-09-27T12:27:11","slug":"pourquoi-le-film-accompagnant-la-sortie-du-prochain-album-de-taylor-swift-est-un-carton-assure","status":"publish","type":"post","link":"https:\/\/www.europesays.com\/fr\/421370\/","title":{"rendered":"Pourquoi le film accompagnant la sortie du prochain album de Taylor Swift est un carton assur\u00e9"},"content":{"rendered":"<p>Taylor Swift r\u00e9cidive avec un nouveau film \u00e9v\u00e9nement, et les chiffres donnent d\u00e9j\u00e0 le vertige. Taylor Swift\u00a0: The Official Release Party of a Showgirl, qui accompagne la sortie du 12e album studio de <a href=\"https:\/\/www.20minutes.fr\/arts-stars\/people\/4170065-20250829-pourquoi-taylor-swift-travis-kelce-incarnent-couple-americain-ideal\" target=\"_blank\" class=\"c-link c-link--is-underlined\" rel=\"noopener\">la chanteuse<\/a>, a g\u00e9n\u00e9r\u00e9 15\u00a0millions de dollars de pr\u00e9ventes sur le territoire am\u00e9ricain en seulement 24 heures selon les chiffres communiqu\u00e9s par la franchise de salles de cin\u00e9ma AMC et <a href=\"https:\/\/deadline.com\/2025\/09\/taylor-swift-life-of-a-showgirl-movie-box-office-1236551572\/\" rel=\"nofollow noopener\" target=\"_blank\" class=\"c-link c-link--is-underlined\">relay\u00e9s<\/a> par Deadline. Le film, programm\u00e9 uniquement le week-end du 3 au 5\u00a0octobre, est bien parti pour faire un tabac.<\/p>\n<p>Cette strat\u00e9gie gagnante fait suite au triomphe du film consacr\u00e9 au Eras Tour qui avait rapport\u00e9 180,8\u00a0millions de dollars aux \u00c9tats-Unis et 267,1\u00a0millions dans le monde, pour un b\u00e9n\u00e9fice net de 172\u00a0millions. Contrairement au film pr\u00e9c\u00e9dent, la famille Swift a directement contact\u00e9 le patron d\u2019AMC fin ao\u00fbt pour organiser cette sortie, contournant ainsi les grands studios hollywoodiens.<\/p>\n<p>Du jamais vu<\/p>\n<p>Le concept diff\u00e8re l\u00e9g\u00e8rement de celui du pr\u00e9c\u00e9dent\u00a0: d\u2019une dur\u00e9e de 89 minutes, ce film d\u2019accompagnement vise avant tout \u00e0 promouvoir le nouvel album plut\u00f4t qu\u2019\u00e0 battre des records au box-office. Il int\u00e8gre non seulement le clip in\u00e9dit de The Fate of Ophelia, mais aussi des r\u00e9flexions de la chanteuse sur les morceaux, des images des coulisses du tournage et des extraits d\u2019autres clips.<\/p>\n<p>Une op\u00e9ration promotionnelle qui prouve encore une fois que Taylor Swift a atteint un tel niveau de popularit\u00e9 qu\u2019elle est en capacit\u00e9 de s\u2019affranchir des interm\u00e9diaires en contr\u00f4lant aussi bien la distribution et la promotion de ses \u0153uvres que la production de ses spectacles. Un niveau d\u2019ind\u00e9pendance et de <a href=\"https:\/\/www.20minutes.fr\/arts-stars\/web\/4168181-20250816-pic-audience-taylor-swift-pulverise-record-detenu-donald-trump\" target=\"_blank\" class=\"c-link c-link--is-underlined\" rel=\"noopener\">pouvoir absolument in\u00e9dit<\/a> pour une artiste que plus rien ne semble pouvoir arr\u00eater. Et que <a href=\"https:\/\/www.20minutes.fr\/arts-stars\/4103611-20240729-taylor-swift-munich-environ-40-000-fans-billet-squattent-colline-pres-stade\" target=\"_blank\" class=\"c-link c-link--is-underlined\" rel=\"noopener\">les swifties<\/a> fran\u00e7ais soient rassur\u00e9s, de nombreuses salles diffuseront le film partout dans l\u2019Hexagone.<\/p>\n","protected":false},"excerpt":{"rendered":"Taylor Swift r\u00e9cidive avec un nouveau film \u00e9v\u00e9nement, et les chiffres donnent d\u00e9j\u00e0 le vertige. Taylor Swift\u00a0: The&hellip;\n","protected":false},"author":2,"featured_media":421371,"comment_status":"","ping_status":"","sticky":false,"template":"","format":"standard","meta":{"footnotes":""},"categories":[1355],"tags":[1692,650,58,59,2081,1011,27,1361,873,973,2713,133],"class_list":{"0":"post-421370","1":"post","2":"type-post","3":"status-publish","4":"format-standard","5":"has-post-thumbnail","7":"category-musique","8":"tag-album","9":"tag-cinema","10":"tag-divertissement","11":"tag-entertainment","12":"tag-film","13":"tag-fr","14":"tag-france","15":"tag-music","16":"tag-musique","17":"tag-people","18":"tag-taylor-swift","19":"tag-video"},"share_on_mastodon":{"url":"https:\/\/pubeurope.com\/@fr\/115276260674410590","error":""},"_links":{"self":[{"href":"https:\/\/www.europesays.com\/fr\/wp-json\/wp\/v2\/posts\/421370","targetHints":{"allow":["GET"]}}],"collection":[{"href":"https:\/\/www.europesays.com\/fr\/wp-json\/wp\/v2\/posts"}],"about":[{"href":"https:\/\/www.europesays.com\/fr\/wp-json\/wp\/v2\/types\/post"}],"author":[{"embeddable":true,"href":"https:\/\/www.europesays.com\/fr\/wp-json\/wp\/v2\/users\/2"}],"replies":[{"embeddable":true,"href":"https:\/\/www.europesays.com\/fr\/wp-json\/wp\/v2\/comments?post=421370"}],"version-history":[{"count":0,"href":"https:\/\/www.europesays.com\/fr\/wp-json\/wp\/v2\/posts\/421370\/revisions"}],"wp:featuredmedia":[{"embeddable":true,"href":"https:\/\/www.europesays.com\/fr\/wp-json\/wp\/v2\/media\/421371"}],"wp:attachment":[{"href":"https:\/\/www.europesays.com\/fr\/wp-json\/wp\/v2\/media?parent=421370"}],"wp:term":[{"taxonomy":"category","embeddable":true,"href":"https:\/\/www.europesays.com\/fr\/wp-json\/wp\/v2\/categories?post=421370"},{"taxonomy":"post_tag","embeddable":true,"href":"https:\/\/www.europesays.com\/fr\/wp-json\/wp\/v2\/tags?post=421370"}],"curies":[{"name":"wp","href":"https:\/\/api.w.org\/{rel}","templated":true}]}}