{"id":421372,"date":"2025-09-27T12:28:11","date_gmt":"2025-09-27T12:28:11","guid":{"rendered":"https:\/\/www.europesays.com\/fr\/421372\/"},"modified":"2025-09-27T12:28:11","modified_gmt":"2025-09-27T12:28:11","slug":"qui-est-carmen-kassovitz-actrice-prometteuse-et-fille-discrete-de-mathieu-kassovitz","status":"publish","type":"post","link":"https:\/\/www.europesays.com\/fr\/421372\/","title":{"rendered":"Qui est Carmen Kassovitz, actrice prometteuse et fille discr\u00e8te de Mathieu Kassovitz ?"},"content":{"rendered":"<p>Elle sera bient\u00f4t \u00e0 l\u2019affiche de la nouvelle s\u00e9rie Prime Video, Campus Drivers, la fille de Mathieu Kassovitz et Julie Mauduech continue de marcher dans les pas de ses parents.<\/p>\n<p class=\"fig-paragraph\">Ces derni\u00e8res ann\u00e9es, Carmen Kassovitz a commenc\u00e9 \u00e0 se faire une place dans le cin\u00e9ma fran\u00e7ais. Si depuis 2023 et son apparition dans le spin-off, The Walking Dead\u00a0: Daryl Dixon, elle est rest\u00e9e discr\u00e8te, 2026 pourrait bien \u00eatre son ann\u00e9e. En effet, la plateforme Prime Video vient d\u2019annoncer que la fille de\u00a0<a href=\"https:\/\/madame.lefigaro.fr\/tag\/mathieu-kassovitz\" target=\"_blank\" data-fig-type=\"Keyword\" rel=\"sponsored noopener\" data-gtm-custom-categorie=\"navigation\" data-gtm-custom-action=\"crossclick\" data-gtm-custom-label=\"Contextuel\" data-gtm-event=\"customEventSPE\" data-fig-domain=\"MADAME\">Mathieu Kassovitz<\/a>\u00a0et Julie Mauduech incarnera l\u2019un des personnages principaux de\u00a0<a href=\"https:\/\/www.instagram.com\/p\/DPCII71D-5y\/?utm_source=ig_web_copy_link&amp;igsh=MzRlODBiNWFlZA==\" target=\"_blank\" rel=\"sponsored noopener\" data-gtm-custom-categorie=\"navigation\" data-gtm-custom-action=\"crossclick\" data-gtm-custom-label=\"Contextuel\" data-gtm-event=\"customEventSPE\">la s\u00e9rie Campus Drivers<\/a>, adaptation des romans \u00e9ponymes de new romance \u00e9crits par C. S. Quill. L\u2019actrice de 23 ans campera le r\u00f4le de Lois, une jeune \u00e9tudiante qui vient d\u2019int\u00e9grer la prestigieuse universit\u00e9 Belrose avec son petit ami, Max. Elle sera aux c\u00f4t\u00e9s de Baptiste Masseline, r\u00e9v\u00e9l\u00e9 dans la s\u00e9rie Mixte, qui incarnera Lane, \u00e9tudiant et cr\u00e9ateur de l\u2019application Campus Divers, qui offre des services de transports aux \u00e9tudiants de l\u2019universit\u00e9.<\/p>\n<p class=\"fig-paragraph\">N\u00e9e en 2002, Carmen Kassovitz a pass\u00e9 une grande partie de son enfance en Martinique avec sa m\u00e8re, Julie Mauduech. Des ann\u00e9es calmes, loin des cam\u00e9ras et de l\u2019univers dans lequel \u00e9voluaient son p\u00e8re, Mathieu Kassovitz, mais aussi son grand-p\u00e8re, Peter Kassovitz,\u00a0<a href=\"http:\/\/madame.lefigaro.fr\/celebrites\/cinema\/mathieu-kassovitz-je-suis-passionne-d-espace-c-etait-un-plaisir-de-pouvoir-faire-semblant-d-etre-un-astronaute-20230216\" data-fig-type=\"Article\" data-gtm-custom-categorie=\"navigation\" data-gtm-custom-action=\"crossclick\" data-gtm-custom-label=\"Contextuel\" data-gtm-event=\"customEventSPE\" data-fig-domain=\"MADAME\" target=\"_blank\" rel=\"noopener\">tous deux r\u00e9alisateurs et producteurs de cin\u00e9ma.<\/a>\u00a0\u00ab\u00c7a m\u2019a permis de rester loin de l\u2019agitation, de grandir avec ma m\u00e8re dans l\u2019insouciance&#8230; mais aussi d\u2019appr\u00e9cier aujourd\u2019hui Paris, avec son activit\u00e9 culturelle bouillonnante que je n\u2019avais pas en Martinique\u00bb, confiait l\u2019actrice, en 2023, pour\u00a0<a href=\"https:\/\/leprescripteur.com\/carmen-kassovitz-la-jeune-actrice-prend-son-envol\/\" target=\"_blank\" rel=\"sponsored noopener\" data-gtm-custom-categorie=\"navigation\" data-gtm-custom-action=\"crossclick\" data-gtm-custom-label=\"Contextuel\" data-gtm-event=\"customEventSPE\">Le Prescripteur.\u00a0<\/a> <\/p>\n<p class=\"fig-body-link&#10;    \">\n            \u00c0 lire aussi<br \/>\n        <a class=\"fig-body-link__link\" href=\"http:\/\/madame.lefigaro.fr\/celebrites\/etienne-daho-les-annees-1980-c-etait-la-liberte-de-ne-pouvoir-etre-joignable-tracable-a-aucun-moment-20250927\" data-fig-type=\"Article\" data-gtm-custom-categorie=\"navigation\" data-gtm-custom-action=\"crossclick\" data-gtm-custom-label=\"Contextuel\" data-gtm-event=\"customEventSPE\" data-fig-domain=\"MADAME\" target=\"_blank\" rel=\"noopener\">\u00c9tienne Daho\u00a0: \u00abLes ann\u00e9es 1980, c\u2019\u00e9tait la libert\u00e9 de ne pouvoir \u00eatre joignable, tra\u00e7able\u2026 \u00e0 aucun moment\u00bb<\/a>\n<\/p>\n<p>                                    <a class=\"fig-a11y-skip a11y-hidden\" href=\"#fig-a11y-skip-main-inarticle\"><br \/>\n        Passer la publicit\u00e9<br \/>\n    <\/a><\/p>\n<p>Des plages de Martinique aux immeubles parisiens<\/p>\n<p class=\"fig-paragraph\">Carmen Kassovitz commence le th\u00e9\u00e2tre \u00e0 l\u2019\u00e2ge de 6 ans, gr\u00e2ce \u00e0 sa m\u00e8re qui lui enseigne cette discipline jusqu\u2019\u00e0 son d\u00e9part pour Paris. En effet, \u00e0 l\u2019\u00e2ge de 17 ans, elle d\u00e9cide de d\u00e9m\u00e9nager en m\u00e9tropole pour \u00abse rapprocher de l\u2019univers du cin\u00e9ma\u00bb. \u00abJ\u2019ai d\u00e9cid\u00e9 avec ma m\u00e8re de faire ma premi\u00e8re et ma terminale \u00e0 Paris et j\u2019y suis rest\u00e9e pour me lancer\u00bb, confiait-elle au m\u00e9dia f\u00e9ministe.<\/p>\n<p class=\"fig-paragraph\">Sa passion pour l\u2019univers artistique semble \u00eatre quelque chose qui se partage de g\u00e9n\u00e9ration en g\u00e9n\u00e9ration au sein de sa famille. \u00abC\u2019\u00e9tait m\u00eame assez naturel\u00a0: ma grand-m\u00e8re maternelle \u00e9tait peintre et \u00e9crivaine, ma grand-m\u00e8re paternelle monteuse, mon grand-p\u00e8re paternel r\u00e9alisateur, mon arri\u00e8re-grand-p\u00e8re dessinateur et personne n\u2019a le bac\u00a0!\u00bb, racontait-elle. Conseill\u00e9e par ses parents, elle se lance alors dans le m\u00e9tier. \u00ab\u201cIl faut faire les choses\u201d, c\u2019est tout ce que je lui ai dit. \u201cFais, tu verras plus tard si c\u2019\u00e9tait une bonne id\u00e9e ou pas mais tu ne peux pas le savoir avant\u201d. Il faut laisser les m\u00f4mes se d\u00e9velopper\u00bb, racontait d\u2019ailleurs Mathieu Kassovitz dans\u00a0<a href=\"https:\/\/www.programme-tv.net\/news\/tv\/320547-je-ne-suis-plus-ton-pere-je-suis-ton-pote-mathieu-kassovitz-fait-des-confidences-sur-sa-fille-carmen-et-son-education-video\/\" target=\"_blank\" rel=\"sponsored noopener\" data-gtm-custom-categorie=\"navigation\" data-gtm-custom-action=\"crossclick\" data-gtm-custom-label=\"Contextuel\" data-gtm-event=\"customEventSPE\">l\u2019\u00e9mission \u00abEn Apart\u00e9\u00bb<\/a>, en 2023, \u00e0 propos du jour o\u00f9 sa fille lui a confi\u00e9 qu\u2019elle voulait devenir actrice.<\/p>\n<p>Premiers succ\u00e8s<\/p>\n<p class=\"fig-paragraph\">C\u2019est en 2020, qu\u2019elle se fait conna\u00eetre dans la s\u00e9rie Stalk, diffus\u00e9e sur France TV.Slash, dans laquelle elle incarne Alma. \u00abJ\u2019ai \u00e9norm\u00e9ment appris l\u00e0-bas\u00a0: je devais interpr\u00e9ter une grande palette d\u2019\u00e9motions, j\u2019ai pu exp\u00e9rimenter, me confronter aux difficult\u00e9s du m\u00e9tier, au doute parfois&#8230; Mais j\u2019ai \u00e9t\u00e9 super bien entour\u00e9e\u00bb, confiait Carmen Kassovitz pour Le Prescripteur. Elle encha\u00eene ensuite les projets cin\u00e9matographiques. En 2021, elle tourne dans le film L\u2019\u00e9t\u00e9 nucl\u00e9aire, r\u00e9alis\u00e9 par Ga\u00ebl L\u00e9pingle, ainsi que dans la saison 2 de Stalk et dans Ma Nuit d\u2019Antoinette Boulat. En 2022, elle met sa passion pour l\u2019\u00e9quitation \u00e0 profit dans le film Temp\u00eate, r\u00e9alis\u00e9 par Christian Duguay, aux c\u00f4t\u00e9s de\u00a0<a href=\"https:\/\/madame.lefigaro.fr\/tag\/melanie-laurent\" target=\"_blank\" data-fig-type=\"Keyword\" rel=\"sponsored noopener\" data-gtm-custom-categorie=\"navigation\" data-gtm-custom-action=\"crossclick\" data-gtm-custom-label=\"Contextuel\" data-gtm-event=\"customEventSPE\" data-fig-domain=\"MADAME\">M\u00e9lanie Laurent<\/a>\u00a0et<a href=\"https:\/\/madame.lefigaro.fr\/tag\/pio-marmai\" target=\"_blank\" data-fig-type=\"Keyword\" rel=\"sponsored noopener\" data-gtm-custom-categorie=\"navigation\" data-gtm-custom-action=\"crossclick\" data-gtm-custom-label=\"Contextuel\" data-gtm-event=\"customEventSPE\" data-fig-domain=\"MADAME\">\u00a0Pio Marma\u00ef<\/a>. En effet, l\u2019actrice de 23 ans a pratiqu\u00e9 ce sport pendant 15 ans mais et fait aussi de la danse classique depuis l\u2019\u00e2ge de 10 ans. Ou encore de la boxe, \u00e0 ses heures perdues, comme en t\u00e9moigne son\u00a0<a href=\"https:\/\/www.instagram.com\/p\/CysnaYkrClY\/?utm_source=ig_web_copy_link&amp;igsh=MzRlODBiNWFlZA==\" target=\"_blank\" rel=\"nofollow noopener\" data-gtm-custom-categorie=\"navigation\" data-gtm-custom-action=\"crossclick\" data-gtm-custom-label=\"Contextuel\" data-gtm-event=\"customEventSPE\">compte Instagram.<\/a>\u00a0\u00abJe n\u2019\u00e9tais pas tr\u00e8s r\u00e9guli\u00e8re \u00e0 l\u2019\u00e9cole, j\u2019avais des bonnes notes, mais je ne faisais pas toujours mes devoirs&#8230; La danse classique m\u2019a pouss\u00e9e \u00e0 sortir de ma zone de confort, \u00e0 supporter la douleur, et je sens aussi que cela m\u2019aide beaucoup \u00e0 g\u00e9rer la pr\u00e9paration des castings, le stress des tournages etc.\u00bb, expliquait-elle au Prescripteur.\u00a0<\/p>\n<p class=\"fig-paragraph\">En 2023, Carmen Kassovitz joue aussi dans sa premi\u00e8re production am\u00e9ricaine. L\u2019actrice incarne Maribelle dans l\u2019\u00e9pisode 1 du spin-off The Walking Dead\u00a0: Daryl Dixon. C\u00f4t\u00e9 vie priv\u00e9e, la jeune femme reste tr\u00e8s discr\u00e8te. Si elle ne se d\u00e9voile que tr\u00e8s peu sur les r\u00e9seaux sociaux, elle s\u2019affichait r\u00e9guli\u00e8rement aux c\u00f4t\u00e9s de\u00a0<a href=\"http:\/\/madame.lefigaro.fr\/celebrites\/cinema\/vassili-schneider-je-mentais-sur-ma-taille-20250829\" data-fig-type=\"Article\" data-gtm-custom-categorie=\"navigation\" data-gtm-custom-action=\"crossclick\" data-gtm-custom-label=\"Contextuel\" data-gtm-event=\"customEventSPE\" data-fig-domain=\"MADAME\" target=\"_blank\" rel=\"noopener\">Vassili Schneider<\/a>\u00a0en 2022. Dans une interview pour\u00a0<a href=\"https:\/\/www.youtube.com\/watch?v=4hz28B3ejCU\" target=\"_blank\" rel=\"sponsored noopener\" data-gtm-custom-categorie=\"navigation\" data-gtm-custom-action=\"crossclick\" data-gtm-custom-label=\"Contextuel\" data-gtm-event=\"customEventSPE\">Vogue<\/a>, lors du Festival de Cannes, elle qualifiait d\u2019ailleurs le benjamin de la fratrie Schneider comme \u00e9tant son \u00abcopain\u00bb. Mais d\u2019un c\u00f4t\u00e9, comme de l\u2019autre, les confidences amoureuses sont rares.<\/p>\n<p>                                        <script async src=\"\/\/www.instagram.com\/embed.js\"><\/script><\/p>\n","protected":false},"excerpt":{"rendered":"Elle sera bient\u00f4t \u00e0 l\u2019affiche de la nouvelle s\u00e9rie Prime Video, Campus Drivers, la fille de Mathieu Kassovitz&hellip;\n","protected":false},"author":2,"featured_media":421373,"comment_status":"","ping_status":"","sticky":false,"template":"","format":"standard","meta":{"footnotes":""},"categories":[1354],"tags":[58,2773,59,1346,1011,27,23735,1360],"class_list":{"0":"post-421372","1":"post","2":"type-post","3":"status-publish","4":"format-standard","5":"has-post-thumbnail","7":"category-films","8":"tag-divertissement","9":"tag-enfants-de","10":"tag-entertainment","11":"tag-films","12":"tag-fr","13":"tag-france","14":"tag-mathieu-kassovitz","15":"tag-movies"},"share_on_mastodon":{"url":"https:\/\/pubeurope.com\/@fr\/115276264512551213","error":""},"_links":{"self":[{"href":"https:\/\/www.europesays.com\/fr\/wp-json\/wp\/v2\/posts\/421372","targetHints":{"allow":["GET"]}}],"collection":[{"href":"https:\/\/www.europesays.com\/fr\/wp-json\/wp\/v2\/posts"}],"about":[{"href":"https:\/\/www.europesays.com\/fr\/wp-json\/wp\/v2\/types\/post"}],"author":[{"embeddable":true,"href":"https:\/\/www.europesays.com\/fr\/wp-json\/wp\/v2\/users\/2"}],"replies":[{"embeddable":true,"href":"https:\/\/www.europesays.com\/fr\/wp-json\/wp\/v2\/comments?post=421372"}],"version-history":[{"count":0,"href":"https:\/\/www.europesays.com\/fr\/wp-json\/wp\/v2\/posts\/421372\/revisions"}],"wp:featuredmedia":[{"embeddable":true,"href":"https:\/\/www.europesays.com\/fr\/wp-json\/wp\/v2\/media\/421373"}],"wp:attachment":[{"href":"https:\/\/www.europesays.com\/fr\/wp-json\/wp\/v2\/media?parent=421372"}],"wp:term":[{"taxonomy":"category","embeddable":true,"href":"https:\/\/www.europesays.com\/fr\/wp-json\/wp\/v2\/categories?post=421372"},{"taxonomy":"post_tag","embeddable":true,"href":"https:\/\/www.europesays.com\/fr\/wp-json\/wp\/v2\/tags?post=421372"}],"curies":[{"name":"wp","href":"https:\/\/api.w.org\/{rel}","templated":true}]}}