{"id":421374,"date":"2025-09-27T12:29:19","date_gmt":"2025-09-27T12:29:19","guid":{"rendered":"https:\/\/www.europesays.com\/fr\/421374\/"},"modified":"2025-09-27T12:29:19","modified_gmt":"2025-09-27T12:29:19","slug":"que-se-passe-t-il-en-loire-atlantique-ou-le-nombre-de-cas-explose","status":"publish","type":"post","link":"https:\/\/www.europesays.com\/fr\/421374\/","title":{"rendered":"que se passe-t-il en Loire-Atlantique, o\u00f9 le nombre de cas explose ?"},"content":{"rendered":"<p>Plus de 150 cas d\u2019infection par le virus de l\u2019h\u00e9patite A ont \u00e9t\u00e9 recens\u00e9s par l\u2019Agence r\u00e9gionale de sant\u00e9 (ARS) <a target=\"_self\" href=\"https:\/\/www.lanouvellerepublique.fr\/loire-atlantique\" rel=\"noopener\">en Loire-Atlantique<\/a> depuis avril\u00a02025. C\u2019est dix fois plus que les 8 \u00e0 12 cas recens\u00e9s habituellement sur la p\u00e9riode. Cette situation qualifi\u00e9e d\u2019atypique a amen\u00e9 les autorit\u00e9s \u00e0 appeler \u00e0 la vigilance et \u00e0 pr\u00e9coniser des mesures de pr\u00e9vention, explique <a target=\"_blank\" href=\"https:\/\/france3-regions.franceinfo.fr\/pays-de-la-loire\/loire-atlantique\/nantes\/les-cas-d-hepatite-a-flambent-en-loire-atlantique-une-situation-atypique-selon-l-ars-3221261.html\" rel=\"noopener\">France\u00a03 Pays de la Loire<\/a> le 23\u00a0septembre 2025. L\u2019augmentation est largement plus importante que celle constat\u00e9e dans les autres d\u00e9partements.<\/p>\n<p>Un ph\u00e9nom\u00e8ne difficile \u00e0 expliquer<\/p>\n<p>Elle est par ailleurs tr\u00e8s concentr\u00e9e puisque 90\u00a0% des cas <a target=\"_self\" href=\"https:\/\/www.lanouvellerepublique.fr\/loire-atlantique\/nantes-la-recrudescence-des-cas-d-hepatite-a-inquiete-les-autorites-sanitaires-locales-1752842768\" rel=\"noopener\">proviennent de la r\u00e9gion nantaise<\/a>. Le pic de l\u2019\u00e9pid\u00e9mie n\u2019a pas encore \u00e9t\u00e9 atteint, ce qui laisse pr\u00e9sager de nombreux autres cas \u00e0 venir. La flamb\u00e9e du nombre de malades pourrait m\u00eame avoir \u00e9t\u00e9 sous-estim\u00e9e car elle n\u2019int\u00e8gre pas les cas asymptomatiques, note <a target=\"_blank\" href=\"https:\/\/www.ouest-france.fr\/medias\/presse-ocean\/hausse-importante-des-cas-dhepatite-a-en-loire-atlantique-qui-est-concerne-bbcb797e-9864-11f0-9738-d0ea6e12e479\" rel=\"noopener\">Presse Oc\u00e9an<\/a>. Entre mai et juin\u00a02025, deux tiers des diagnostics pr\u00e9sentaient un facteur de risque identifi\u00e9 (pauvret\u00e9, voyage dans une zone \u00e0 risque). Mais 80\u00a0% des nouveaux cas ne pr\u00e9sentent d\u00e9sormais pas de facteur de risque identifi\u00e9.<\/p>\n<p>Pour rappel, l\u2019h\u00e9patite A est une inflammation du foie. Pour s\u2019en pr\u00e9munir, il faut se laver les mains r\u00e9guli\u00e8rement \u00e0 l\u2019eau et au savon, veiller \u00e0 la propret\u00e9 et au lavage des aliments et \u00e9viter la consommation de fruits de mer crus ou peu cuits. Les \u00e9tablissements scolaires sont aussi consid\u00e9r\u00e9s comme des lieux de transmission privil\u00e9gi\u00e9s. En cons\u00e9quence, l\u2019ARS leur a envoy\u00e9 le mardi 23\u00a0septembre un courrier insistant sur l\u2019importance de l\u2019hygi\u00e8ne personnelle et collective, en particulier celle des mains apr\u00e8s les passages aux toilettes et avant les repas.<\/p>\n","protected":false},"excerpt":{"rendered":"Plus de 150 cas d\u2019infection par le virus de l\u2019h\u00e9patite A ont \u00e9t\u00e9 recens\u00e9s par l\u2019Agence r\u00e9gionale de&hellip;\n","protected":false},"author":2,"featured_media":421375,"comment_status":"","ping_status":"","sticky":false,"template":"","format":"standard","meta":{"footnotes":""},"categories":[10],"tags":[328,1674,1011,27,72,3047,71],"class_list":{"0":"post-421374","1":"post","2":"type-post","3":"status-publish","4":"format-standard","5":"has-post-thumbnail","7":"category-sante","8":"tag-a-la-une","9":"tag-communes","10":"tag-fr","11":"tag-france","12":"tag-health","13":"tag-loire-atlantique","14":"tag-sante"},"share_on_mastodon":{"url":"https:\/\/pubeurope.com\/@fr\/115276268455696843","error":""},"_links":{"self":[{"href":"https:\/\/www.europesays.com\/fr\/wp-json\/wp\/v2\/posts\/421374","targetHints":{"allow":["GET"]}}],"collection":[{"href":"https:\/\/www.europesays.com\/fr\/wp-json\/wp\/v2\/posts"}],"about":[{"href":"https:\/\/www.europesays.com\/fr\/wp-json\/wp\/v2\/types\/post"}],"author":[{"embeddable":true,"href":"https:\/\/www.europesays.com\/fr\/wp-json\/wp\/v2\/users\/2"}],"replies":[{"embeddable":true,"href":"https:\/\/www.europesays.com\/fr\/wp-json\/wp\/v2\/comments?post=421374"}],"version-history":[{"count":0,"href":"https:\/\/www.europesays.com\/fr\/wp-json\/wp\/v2\/posts\/421374\/revisions"}],"wp:featuredmedia":[{"embeddable":true,"href":"https:\/\/www.europesays.com\/fr\/wp-json\/wp\/v2\/media\/421375"}],"wp:attachment":[{"href":"https:\/\/www.europesays.com\/fr\/wp-json\/wp\/v2\/media?parent=421374"}],"wp:term":[{"taxonomy":"category","embeddable":true,"href":"https:\/\/www.europesays.com\/fr\/wp-json\/wp\/v2\/categories?post=421374"},{"taxonomy":"post_tag","embeddable":true,"href":"https:\/\/www.europesays.com\/fr\/wp-json\/wp\/v2\/tags?post=421374"}],"curies":[{"name":"wp","href":"https:\/\/api.w.org\/{rel}","templated":true}]}}